{"id":9898,"date":"2018-05-30T07:56:40","date_gmt":"2018-05-30T07:56:40","guid":{"rendered":"http:\/\/wordpress.gurbuz.net\/?p=9898"},"modified":"2018-05-30T08:20:23","modified_gmt":"2018-05-30T08:20:23","slug":"deliye-her-guen-bayram-boeyle-bir-sey-iste","status":"publish","type":"post","link":"http:\/\/wordpress.gurbuz.net\/?p=9898","title":{"rendered":"Deliye her g\u00fcn bayram(!) B\u00f6yle bir \u015fey i\u015fte"},"content":{"rendered":"<p>Ben\u2026<br \/>\nBenim olana sahip \u00e7\u0131kar\u0131m, yoktur ayr\u0131m\u2026<br \/>\n\u00d6lm\u00fc\u015f\u00fcm ve dirim, birdir benim i\u00e7in!<\/p>\n<p>\u201cSabah serinli\u011finde\u201d Oma\u2019ya gittim, bir haftay\u0131 biraz ge\u00e7irdim\u2026<br \/>\nYoktu halim\u2026<br \/>\n\u0130yi ki gitmi\u015fim, taze \u00e7i\u00e7ek ald\u0131m, \u00e7i\u00e7ekler kurumu\u015f, \u00f6ks\u00fcz kalm\u0131\u015f yetim\u2026<br \/>\nKe\u015fke\u2026<br \/>\nAh ke\u015fke yeti\u015fse elim kolum\u2026<br \/>\n\u00dclkeme, sevdiklerime, Sevdama, sar\u0131 pipime, koca g\u00f6bekli Kadir\u2019e, babama, t\u00fcm \u00f6lm\u00fc\u015flerime.<\/p>\n<p>Emanettir yine sevdiklerime, g\u00fcvendiklerime\u2026<br \/>\nBilirim temizlerler, paklarlar, bakarlar, eksik etmezler duay\u0131\u2026<br \/>\nGiderim veya gideriz, bayramlarda en az\u0131ndan yanlar\u0131nda olmaya \u00f6zen g\u00f6steririz.<\/p>\n<p>Hayat bu, ya\u015fam dedikleri\u2026<br \/>\nB\u00f6yle bir \u015fey, al\u0131n yaz\u0131s\u0131, fele\u011fin kahpeli\u011fi\u2026<br \/>\nVatan dedi\u011fin do\u011fdu\u011fun yer de\u011filmi\u015f, doydu\u011fun yermi\u015f \u00f6yle derler\u2026<br \/>\n\u00c7ok do\u011fru s\u00f6ylerler\u2026<br \/>\nDeliye\u2026<br \/>\nHer g\u00fcn bayram derler ya\u2026<br \/>\nBenimki \u00f6yle bir \u015fey, dua, cemaatin birli\u011fi, cumadan cumaya\u2026<br \/>\nHay\u0131r\u2026<br \/>\nBayramdan, bayrama, anneler, babalar g\u00fcn\u00fc y\u0131ldan y\u0131la\u2026<br \/>\nYok karde\u015fim, yok\u2026<br \/>\nBenim i\u00e7in her g\u00fcn, her Allah\u2019\u0131n g\u00fcn\u00fc\u2026<br \/>\nBirlik, birliktelik, ana, baba, karde\u015f, evlat, y\u00e2r\u2026<br \/>\nE\u015f ve dost, akraba, \u00f6lm\u00fc\u015f\u00fcmle birlikte dirilerimle\u2026<br \/>\nBenim i\u00e7in her g\u00fcn, her Allah\u2019\u0131n g\u00fcn\u00fc\u2026<br \/>\nBayram\u2026<br \/>\nKalbimde olan sevdiklerimle\u2026<br \/>\nBiraz ya biraz\u2026<br \/>\nAz\u0131c\u0131k\u2026<br \/>\nSende benim gibi deli olmay\u0131 denesene!<\/p>\n<p>Dolar 4,49\u2026<br \/>\nEuro 5,21, yok be anam, babam yok nerede\u2026<br \/>\nKe\u015fke\u2026<br \/>\nKe\u015fke T\u00fcrk\u2019\u00fcn akl\u0131 ba\u015f\u0131na gelse\u2026<br \/>\nEuro\u2019nun d\u00fc\u015fmesi \u0130talya ile ilgili. Tayyip haberlerinde derler d\u00f6rd\u00fcnc\u00fc b\u00fcy\u00fck ekonomi\u2026<br \/>\nBirincisi, AB kurucu \u00fcyesi\u2026<br \/>\nBIRLIGIN\u2026<br \/>\nGereklili\u011fine ve g\u00fcc\u00fcne inanan\u2026<br \/>\n\u0130kincisi Avrupa ekonomisinin \u00fc\u00e7\u00fcnc\u00fc b\u00fcy\u00fck iktisat sahibi\u2026<br \/>\nH\u00fck\u00fcmet, hani \u00f6nerdiler ya bir &gt; Profes\u00f6r\u00fc &lt; dedi New York\u2019ta okudum, \u00f6zenti\u2026<br \/>\nNew York \u00fcniversitesi yalanlad\u0131, sallan\u0131yor \u0130talya, korkuyor Avrupa\u2026<br \/>\nOnunla ilgili!<\/p>\n<p>&#8212;<br \/>\nAcaba a\u015fa\u011f\u0131l\u0131k duygusu mu, \u00f6zg\u00fcven eksikligi mi?<br \/>\n\u0130nsan\u2026<br \/>\nNeden kendini oldu\u011fundan farkl\u0131 g\u00f6stermeye \u00e7al\u0131\u015f\u0131r?<br \/>\n\u0130\u015fte soru bu!<\/p>\n<p>New York \u00fcniversitesinden mevzun olsam ne olur, olmasam ne olur?<br \/>\nBen\u2026<br \/>\nLise terkim, yani orta okul diplomam var\u2026<br \/>\n\u0130yi de be karde\u015fim\u2026<br \/>\nBen\u2026<br \/>\nYine ben de\u011fil miyim???<\/p>\n<p>\u201cYa oldu\u011fun gibi g\u00f6r\u00fcn ya g\u00f6r\u00fcnd\u00fc\u011f\u00fcn gibi ol!\u201d<\/p>\n<p>B\u00f6yle der Hz. Mevl\u00e2n\u00e2\u2026<br \/>\nDaha d\u00fcn yazd\u0131m, bakma etti\u011fim k\u00fcfre, kafire\u2026<br \/>\nSinir b\u0131rakmad\u0131lar, aile i\u00e7i \u015fiddet benzeri, \u00e7aresizli\u011fin bir ifadesi\u2026<br \/>\nBeni \u00f6yle e\u011fittiler, yerine g\u00f6re\u2026<br \/>\nBen s\u00f6ylediklerimle ve yapt\u0131klar\u0131mla g\u00f6steririm kendimi. M\u00fcmk\u00fcnse\u2026<br \/>\nAhenk ve uyum i\u00e7eresinde!<br \/>\n&#8212;<\/p>\n","protected":false},"excerpt":{"rendered":"<p>Ben\u2026 Benim olana sahip \u00e7\u0131kar\u0131m, yoktur ayr\u0131m\u2026 \u00d6lm\u00fc\u015f\u00fcm ve dirim, birdir benim i\u00e7in! \u201cSabah serinli\u011finde\u201d Oma\u2019ya gittim, bir haftay\u0131 biraz ge\u00e7irdim\u2026 Yoktu halim\u2026 \u0130yi ki gitmi\u015fim, taze \u00e7i\u00e7ek ald\u0131m, \u00e7i\u00e7ekler kurumu\u015f, \u00f6ks\u00fcz kalm\u0131\u015f yetim\u2026 Ke\u015fke\u2026 Ah ke\u015fke yeti\u015fse elim kolum\u2026 \u00dclkeme, sevdiklerime, Sevdama, sar\u0131 pipime, koca g\u00f6bekli Kadir\u2019e, babama, t\u00fcm \u00f6lm\u00fc\u015flerime. Emanettir yine sevdiklerime, g\u00fcvendiklerime\u2026 &hellip; <\/p>\n<p class=\"link-more\"><a href=\"http:\/\/wordpress.gurbuz.net\/?p=9898\" class=\"more-link\"><span class=\"screen-reader-text\">\u201eDeliye her g\u00fcn bayram(!) B\u00f6yle bir \u015fey i\u015fte\u201c<\/span> weiterlesen<\/a><\/p>\n","protected":false},"author":1,"featured_media":0,"comment_status":"open","ping_status":"open","sticky":false,"template":"","format":"standard","meta":[],"categories":[1],"tags":[],"_links":{"self":[{"href":"http:\/\/wordpress.gurbuz.net\/index.php?rest_route=\/wp\/v2\/posts\/9898"}],"collection":[{"href":"http:\/\/wordpress.gurbuz.net\/index.php?rest_route=\/wp\/v2\/posts"}],"about":[{"href":"http:\/\/wordpress.gurbuz.net\/index.php?rest_route=\/wp\/v2\/types\/post"}],"author":[{"embeddable":true,"href":"http:\/\/wordpress.gurbuz.net\/index.php?rest_route=\/wp\/v2\/users\/1"}],"replies":[{"embeddable":true,"href":"http:\/\/wordpress.gurbuz.net\/index.php?rest_route=%2Fwp%2Fv2%2Fcomments&post=9898"}],"version-history":[{"count":5,"href":"http:\/\/wordpress.gurbuz.net\/index.php?rest_route=\/wp\/v2\/posts\/9898\/revisions"}],"predecessor-version":[{"id":9903,"href":"http:\/\/wordpress.gurbuz.net\/index.php?rest_route=\/wp\/v2\/posts\/9898\/revisions\/9903"}],"wp:attachment":[{"href":"http:\/\/wordpress.gurbuz.net\/index.php?rest_route=%2Fwp%2Fv2%2Fmedia&parent=9898"}],"wp:term":[{"taxonomy":"category","embeddable":true,"href":"http:\/\/wordpress.gurbuz.net\/index.php?rest_route=%2Fwp%2Fv2%2Fcategories&post=9898"},{"taxonomy":"post_tag","embeddable":true,"href":"http:\/\/wordpress.gurbuz.net\/index.php?rest_route=%2Fwp%2Fv2%2Ftags&post=9898"}],"curies":[{"name":"wp","href":"https:\/\/api.w.org\/{rel}","templated":true}]}}