{"id":97655,"date":"2022-06-02T10:06:47","date_gmt":"2022-06-02T10:06:47","guid":{"rendered":"http:\/\/wordpress.gurbuz.net\/?p=97655"},"modified":"2022-06-02T15:17:03","modified_gmt":"2022-06-02T15:17:03","slug":"ooorospuuu-almanya-1208-dolar-164669","status":"publish","type":"post","link":"http:\/\/wordpress.gurbuz.net\/?p=97655","title":{"rendered":"Ooorospuuu Almanya 12:08 dolar 16,4669"},"content":{"rendered":"<p><strong>Cogito, ergo sum<\/strong><br \/>\n<img src=\"https:\/\/www.tagesspiegel.de\/images\/tagesspiegel\/25483266\/2-format6001.jpg?inIsFirst=true\" alt=\"\" \/><\/p>\n<p><em>Al i\u015fte\u2026<br \/>\nBunlar\u0131n yiyece\u011fi BOK ancak bu kadar olur!<\/p>\n<p>Iyi ki \u201c\u00f6vd\u00fcn\u201d \u00d6nder \u201ctakdir\u201d ettin\u2026<br \/>\nTekno Park say\u0131s\u0131n\u0131 be\u015ften 95 \u00e7\u0131karm\u0131\u015flar\u2026<br \/>\nNITELIK MI nicelik mi\u2026<br \/>\nG\u00f6stermelik, desinler YETER.<\/p>\n<p>Orospuuu \u00e7ocuklar\u0131\u2026<br \/>\nEvet orospunun s\u0131\u00e7t\u0131\u011f\u0131 pezevengin evlad\u0131\u2026<br \/>\nPezevenk seni.<\/p>\n<p>HAK SIZLERE\u2026<br \/>\nM\u00fcstahak, bacaklar \u00e7oktan omuzlarda\u2026<br \/>\nBir\u2026<br \/>\nFiiliyat eksikli\u011fi\u2026<br \/>\nO da gelir yak\u0131nda.<\/p>\n<p>\u00c7\u0131km\u0131\u015f k\u00fcrs\u00fcye konu\u015fuyor pezevenk yine\u2026<br \/>\nUTANMADAN b\u00f6b\u00fcrleniyor yine, 95 falan diye\u2026<br \/>\nTayyipistan \u00dcNIVERSITELERININ hali malumunuz\u2026<br \/>\nLaf ebesi, LAF!<br \/>\n<\/em><\/p>\n<p><em>Almanya 14:21<br \/>\nDolar 16,4712<\/p>\n<p>Oturup hesaplamam laz\u0131m, s\u0131cak para giri\u015fi, parite\u2026<br \/>\nGirdisi, \u00e7\u0131kt\u0131s\u0131\u2026<br \/>\nRezervler falan, kuru \u00fc\u00e7 a\u015fa\u011f\u0131 be\u015f yukar\u0131 belirlersin, tabii\u2026<br \/>\nKuru\u015fu kuru\u015funa de\u011fil ama olduk\u00e7a yak\u0131n takribi\u2026<br \/>\nNe hal\u2026<br \/>\nNe vakit!<\/p>\n<p>Tayyip Liras\u0131\u2026<br \/>\nTuvalet k\u00e2\u011f\u0131d\u0131, san\u0131r\u0131m yabanc\u0131 k\u0131\u00e7\u0131n\u0131 bile silmez onunla\u2026<br \/>\nPoposu\u2026<br \/>\nK\u0131ymetli!!!<\/p>\n<p>\u015eart oldu 100 milyar meselesi, bor\u00e7lanma\u2026<br \/>\n\u015eart\u2026<br \/>\nTBMM ve Avukat BaroLARINA\u2026<br \/>\n\u015eart hem T\u00fcrk\u00e7e hem Almanca, bu halimle\u2026<br \/>\n\u0130mk\u00e2ns\u0131z!<\/p>\n<p>G\u00fcc\u00fc kudreti b\u00fcy\u00fck Mevla\u2019m\u2026<br \/>\nBu s\u0131\u011f\u0131rlara ak\u0131l fikir\u2026<br \/>\nBana g\u00fc\u00e7 ver.<br \/>\n<\/em><\/p>\n<p>*<\/p>\n<p><em>Enteresan<\/em> <\/p>\n<p>&#8222;1 Mar 2014<br \/>\n\u201cLiving Freedom\u201d \u2013 The Evolution of the Kurdish Conflict in Turkey and the Efforts to Resolve It<br \/>\nTransitions Series No. 11<\/p>\n<p>The unresolved \u2018Kurdish question\u2019 is closely tied to the interests of global powers, and as such is as much the problem of England, the United States (US) and the European Union (EU) as of Turkey, Iran, Iraq, Syria and the region. <ins datetime=\"2022-06-02T13:14:56+00:00\"><strong>In short, the Kurdish question is an international problem.<\/strong><\/ins><\/p>\n<p>Because Kurds have always lived under the sway of others, they have had difficulty establishing the internal dynamics and motivation required for self-administration. The result has been a lack of societal unity and religious ideologies that sometimes conflict with one another \u2013 which explains the Kurdish people\u2019s vicious cycle of dividedness, external reliance, inner conflict and subdivision into even smaller pieces.&#8220;<\/p>\n<p>https:\/\/berghof-foundation.org\/library\/living-freedom-the-evolution-of-the-kurdish-conflict-in-turkey-and-the-efforts-to-resolve-it<\/p>\n<p><a href=\"https:\/\/berghof-foundation.org\/download?lv=RmZZDOCXDXz97Da4hujHbjEyODJmOWQ5MTg0YTgyNWQwZDNkMjViOTNkODQzYmM4MjMyNmI2OTc5ZjUzMjAzMjRiY2I0ZmJkZTIzOTJkNGHcMpQ83nhSOH%252FTOHDcYsIoEolfN51quw7X4Kc4nmIwB%252BmKgOf9MMrv78CwhuYxKUfaXRYbimeZHfbVW5b%252FqQNGtp2i8Gi7BTHXqkSBiXvXx3Y2rEseC3vOFKn74ncVHn8G57uFWBfmCp4rTBpwpTqJbvqnLeprgu3WmqZRS0A2HA%253D%253D\" rel=\"noopener\" target=\"_blank\">Hen\u00fcz okumadim, ilgimi cekti ama<\/a><\/p>\n<p><strong>Maybe I&#8217;ll tackle this topic in English sometime. Sometime!???<\/strong><\/p>\n<p>Wisst ihr WARUM ich dieses Thema angehen M\u00dcSSTE?<br \/>\nEs IST \u00e4hnlich wie mit der Ukraine&#8230;<br \/>\nK\u00f6nnt ihr euch an meinen Satz erinnern, wenn man sich kratz wird sich jemand finden der da kratz. Viele Kurden SELBST wissen ihre eigene Historie NICHT\u2026<br \/>\nIch hatte es mal im t\u00fcrkischen ver\u00f6ffentlicht, ihre Geschichte\u2026<br \/>\n<strong>WIE ICH es AUCH mit der Ukraine getan habe<\/strong>&#8230;<br \/>\nEs IST nur ein einziges trauerschauspiel wie Menschen instrumentalisiert werden\u2026<br \/>\nK\u00d6NNEN\u2026<br \/>\nEs ist einfach nur schrecklich. ABERRR\u2026<br \/>\nDer Mensch ist selbst schuld, nur er selbst.<\/p>\n<p><em>&#8222;Efendiler, s\u0131ras\u0131 gelmi\u015fken, aziz milletime \u015funu tavsiye ederim ki, ba\u011fr\u0131nda yeti\u015ftirerek ba\u015f\u0131n\u0131n \u00fcst\u00fcne kadar \u00e7\u0131karaca\u011f\u0131 adamlar\u0131n kan\u0131ndaki, vicdan\u0131ndaki \u00f6z cevheri \u00e7ok iyi tahlil etmek dikkatinden bir an geri kalmas\u0131n!&#8220;<\/em><\/p>\n<p>Gazi Mustafa Kemal Atat\u00fcrk<\/p>\n<p>NEIN&#8230;<br \/>\nIch WERDE es NICHT \u00fcbersetzen!<br \/>\nNur soviel das Blut von dem dort die Rede ist&#8230;<br \/>\nDamit meint man NICHT irgendwelche Faschistischen Ansichten SONDERN es ist eine uralte Redewendung. Vieleicht h\u00e4lt man ihn deswegen f\u00fcr einen Diktator&#8230;<br \/>\nEinen Faschisten&#8230;<br \/>\nWeil man einfach die Sprache NICHT Beherrscht!?<\/p>\n<p>*<\/p>\n<p><em>Toparlayam\u0131yorum kendimi, toparlayam\u0131yorum\u2026<br \/>\nMidem\u2026<br \/>\nKalbim. Allahtan O kulak g\u00fcmlemesi ge\u00e7ti, d\u00fcn g\u00fcn boyu\u2026<br \/>\nToparlayam\u0131yorum kendimi. Yeme\u011fe gidelim dedi hanim, halim yok\u2026<br \/>\nHat\u0131r\u0131n\u0131 k\u0131ramad\u0131m.<br \/>\nBug\u00fcn evlatta, tembel pezevenk. Yorulmaya hi\u00e7 gelmiyorum.<\/em><\/p>\n","protected":false},"excerpt":{"rendered":"<p>Cogito, ergo sum Al i\u015fte\u2026 Bunlar\u0131n yiyece\u011fi BOK ancak bu kadar olur! Iyi ki \u201c\u00f6vd\u00fcn\u201d \u00d6nder \u201ctakdir\u201d ettin\u2026 Tekno Park say\u0131s\u0131n\u0131 be\u015ften 95 \u00e7\u0131karm\u0131\u015flar\u2026 NITELIK MI nicelik mi\u2026 G\u00f6stermelik, desinler YETER. Orospuuu \u00e7ocuklar\u0131\u2026 Evet orospunun s\u0131\u00e7t\u0131\u011f\u0131 pezevengin evlad\u0131\u2026 Pezevenk seni. HAK SIZLERE\u2026 M\u00fcstahak, bacaklar \u00e7oktan omuzlarda\u2026 Bir\u2026 Fiiliyat eksikli\u011fi\u2026 O da gelir yak\u0131nda. \u00c7\u0131km\u0131\u015f k\u00fcrs\u00fcye &hellip; <\/p>\n<p class=\"link-more\"><a href=\"http:\/\/wordpress.gurbuz.net\/?p=97655\" class=\"more-link\"><span class=\"screen-reader-text\">\u201eOoorospuuu Almanya 12:08 dolar 16,4669\u201c<\/span> weiterlesen<\/a><\/p>\n","protected":false},"author":1,"featured_media":0,"comment_status":"open","ping_status":"open","sticky":false,"template":"","format":"standard","meta":[],"categories":[1],"tags":[],"_links":{"self":[{"href":"http:\/\/wordpress.gurbuz.net\/index.php?rest_route=\/wp\/v2\/posts\/97655"}],"collection":[{"href":"http:\/\/wordpress.gurbuz.net\/index.php?rest_route=\/wp\/v2\/posts"}],"about":[{"href":"http:\/\/wordpress.gurbuz.net\/index.php?rest_route=\/wp\/v2\/types\/post"}],"author":[{"embeddable":true,"href":"http:\/\/wordpress.gurbuz.net\/index.php?rest_route=\/wp\/v2\/users\/1"}],"replies":[{"embeddable":true,"href":"http:\/\/wordpress.gurbuz.net\/index.php?rest_route=%2Fwp%2Fv2%2Fcomments&post=97655"}],"version-history":[{"count":19,"href":"http:\/\/wordpress.gurbuz.net\/index.php?rest_route=\/wp\/v2\/posts\/97655\/revisions"}],"predecessor-version":[{"id":97674,"href":"http:\/\/wordpress.gurbuz.net\/index.php?rest_route=\/wp\/v2\/posts\/97655\/revisions\/97674"}],"wp:attachment":[{"href":"http:\/\/wordpress.gurbuz.net\/index.php?rest_route=%2Fwp%2Fv2%2Fmedia&parent=97655"}],"wp:term":[{"taxonomy":"category","embeddable":true,"href":"http:\/\/wordpress.gurbuz.net\/index.php?rest_route=%2Fwp%2Fv2%2Fcategories&post=97655"},{"taxonomy":"post_tag","embeddable":true,"href":"http:\/\/wordpress.gurbuz.net\/index.php?rest_route=%2Fwp%2Fv2%2Ftags&post=97655"}],"curies":[{"name":"wp","href":"https:\/\/api.w.org\/{rel}","templated":true}]}}