{"id":9684,"date":"2018-05-25T06:34:36","date_gmt":"2018-05-25T06:34:36","guid":{"rendered":"http:\/\/wordpress.gurbuz.net\/?p=9684"},"modified":"2018-05-25T07:03:36","modified_gmt":"2018-05-25T07:03:36","slug":"ekonominin-carklari-vahsi-kapitalizm-kueresellesme-kazanan-ve-kaybedenler-bir-kesit-2","status":"publish","type":"post","link":"http:\/\/wordpress.gurbuz.net\/?p=9684","title":{"rendered":"Ekonominin \u00e7arklar\u0131, vah\u015fi kapitalizm, k\u00fcreselle\u015fme, kazanan ve kaybedenler BIR KESIT"},"content":{"rendered":"<p>\u2026<br \/>\n\u2026<br \/>\n\u2026<br \/>\nOrtado\u011fu\u2019ya, halklar\u0131na, toplumlar\u0131na h\u00e2kim olan bir ki\u015fi veya bir kisve taraf\u0131ndan ezilerek y\u00f6netilmenin aksine, co\u011frafyam\u0131z\u0131n al\u0131\u015f\u0131k olmad\u0131\u011f\u0131 bir durumu\u2026<br \/>\nAtat\u00fcrk, T\u00dcRK TOPLUMU sayesinde ki bu hayat anlay\u0131\u015f\u0131n\u0131n temelinde Anadolu medeniyeti, ho\u015fg\u00f6r\u00fcs\u00fc yatmaktad\u0131r, Atat\u00fcrk\u2026<br \/>\nBu co\u011frafyaya demokrasiyi, parlamenter sistemi getirerek yeni bir vaziyetin, anlay\u0131\u015f\u0131n mucididir\u2026<br \/>\nEvet\u2026<br \/>\nBir zamanlar Ortado\u011fu\u2019da, demokrasiyle y\u00f6netilen, hukukun egemen oldu\u011fu tek \u00fclke T\u00fcrkiye\u2019ydi. \u00dclkenin teminat\u0131 ki\u015filer de\u011fil, yasalar ve hukuk oldu\u011funu d\u00fc\u015f\u00fcn\u00fcrsek, Atat\u00fcrk \u2018\u00fcn ne denli \u00f6ng\u00f6r\u00fc sahibi oldu\u011funu anlar, kurdu\u011fu devlet ile mazlum \u00fclkelere bir model te\u015fkil etti\u011fini idrak ederiz. Bir modeldi T\u00fcrkiye\u2026<br \/>\nTa ki bademler gelip BOP denilen ne oldu\u011fu belirsiz manzumeyi ortaya koyana kadar. Gel g\u00f6r ki bu co\u011frafyan\u0131n halklar\u0131 kadir \u2013 k\u0131ymet bilmez birer numunenin \u00f6rne\u011fidir. Anlayamad\u0131lar, \u00f6nemseyemediler, TALEP ETMEDILER, tepki vermeyerek egemen g\u00fc\u00e7lerin onlar\u0131 ezmeye devam etmesine m\u00fcsaade ettiler.<\/p>\n<p>\u201cGelinen noktaya bak\u0131nca, bug\u00fcn asla m\u00fcsaade edemeyece\u011fimiz garip olaylar geli\u015fmektedir. T\u00fcm topluma e\u015fit mesafede durulam\u0131yorsa, yasalar \u00f6n\u00fcnde makam\u0131 ve mevkisi ne olursa olsun, herkesin e\u015fit olmad\u0131\u011f\u0131n\u0131 d\u00fc\u015f\u00fcnmeye ba\u015flam\u0131\u015fsak, devletin namusu say\u0131lan bayrak yere d\u00fc\u015fmesine g\u00f6z yumuyorsak, Ter\u00f6r \u00f6rg\u00fctleri kendilerine devleti muhatap kabul etmeye ba\u015flam\u0131\u015fsa,\u2008medya g\u00f6zetim ve bask\u0131 alt\u0131na al\u0131nmaya, konu\u015fma ve d\u00fc\u015f\u00fcnce \u00f6zg\u00fcrl\u00fc\u011f\u00fc k\u0131ska\u00e7 alt\u0131na al\u0131n\u0131yorsa, devlet veya \u00f6zel sekt\u00f6rdeki ya\u015fanan insan odakl\u0131 kay\u0131plar\u0131n hesab\u0131 sorulam\u0131yorsa, nerede hukuk, nerede adalet, nerede kald\u0131 demokrasi\u2026<\/p>\n<p>Alparslan T\u00fcrke\u015f\u2019in \u00e7ok g\u00fczel bir s\u00f6z\u00fc vard\u0131r:<\/p>\n<p>\u201cBecerisizlikle ihanet aras\u0131nda, k\u0131ldan ince bir \u00e7izgi vard\u0131r. Beceremedi\u011fin halde makam, mevki i\u015fgal etmek, en b\u00fcy\u00fck ihanettir\u201d.\u201d<\/p>\n<p>Kaynak: http:\/\/www.oncevatan.com.tr\/ortadoguda-teror-orgutleri-makale,31789.html<\/p>\n<p>\u00d6nce Vatan Gazetesi<br \/>\n\u2026<br \/>\n\u2026<br \/>\n\u2026<br \/>\nGirin bakin ar\u015fivlerime\u2026<br \/>\nG\u00f6receksiniz hep iddia etmi\u015fimdir co\u011frafyam\u0131zda, \u00fclkemizde ter\u00f6r denilen belan\u0131n, cehaletin temellerinde e\u011fitim, gelir adaletsizli\u011fi, sosyo \u2013 ekonomik, tarihi, k\u00fclt\u00fcrel sebeplerin yatt\u0131\u011f\u0131 a\u015fik\u00e2rd\u0131r. <\/p>\n<p>KADIN\u2026<br \/>\nVe e\u011fitimi, kad\u0131n\u0131n kendine olan \u00f6zg\u00fcveni bu ba\u011flamda ya\u015famsald\u0131r ya hayatidir. Co\u011frafyam\u0131z\u0131n ama \u00f6zellikle \u00fclkemizin kad\u0131nlar\u0131 ivedilikle kendine gelmelidir. Bati \u00f6rne\u011finde oldu\u011fu gibi bir Feminizmden s\u00f6z etmiyorum, uymaz\u2026<br \/>\nNe k\u00fclt\u00fcr\u00fcm\u00fcze ne hayat anlay\u0131\u015f\u0131m\u0131za uymaz AMA co\u011frafyam\u0131z\u0131n kad\u0131nlar\u0131 kendine \u00f6zg\u00fc, has\u2026<br \/>\nYol ve y\u00f6ntemler geli\u015ftirmelidirler bu sorunun alt\u0131ndan kalkmak i\u00e7in.<\/p>\n<p>Kara Mediha\u2019m gelir akl\u0131ma\u2026<br \/>\nAnnem, anneci\u011fim\u2026<br \/>\nBana\u2026<br \/>\nKad\u0131n\u0131 tan\u0131tan, kad\u0131n\u0131 \u00f6\u011freten, kad\u0131n\u0131n erkekten a\u015fa\u011f\u0131 bir varl\u0131k olmad\u0131\u011f\u0131n\u0131 anlatan insand\u0131r\u2026<br \/>\nEGITEN, \u00d6GRETEN\u2026<br \/>\nBir \u201cMediha\u201d modelini hayata ge\u00e7iremez misiniz han\u0131mlar?<br \/>\n\u00c7ocuklar\u0131n\u0131z\u0131 e\u011fitirken, k\u0131z olsun erkek olsun bunlar\u0131 anlatsan\u0131z, \u00e7ocu\u011fun ruhuna i\u015flese\u2026<br \/>\nBir ba\u015flang\u0131\u00e7t\u0131r, sadece bir ba\u015flang\u0131\u00e7!<br \/>\nBu bilince\u2026<br \/>\nErdiniz mi, erebildiniz mi?<\/p>\n<p>Yine hep yazd\u0131\u011f\u0131md\u0131r\u2026<br \/>\nSa\u011fl\u0131kl\u0131 ve sa\u011flam, geni\u015f tabanl\u0131 bir \u201corta direk\u201d toplumun emniyet sibopudur\u2026<br \/>\nD\u00fcd\u00fckl\u00fc tencere misali, ortam \u00e7ok fazla \u0131s\u0131nmaya ba\u015flarsa \u00f6tmeye ba\u015flar zil gibi.<br \/>\n\u2026<br \/>\n\u2026<br \/>\n\u2026<\/p>\n","protected":false},"excerpt":{"rendered":"<p>\u2026 \u2026 \u2026 Ortado\u011fu\u2019ya, halklar\u0131na, toplumlar\u0131na h\u00e2kim olan bir ki\u015fi veya bir kisve taraf\u0131ndan ezilerek y\u00f6netilmenin aksine, co\u011frafyam\u0131z\u0131n al\u0131\u015f\u0131k olmad\u0131\u011f\u0131 bir durumu\u2026 Atat\u00fcrk, T\u00dcRK TOPLUMU sayesinde ki bu hayat anlay\u0131\u015f\u0131n\u0131n temelinde Anadolu medeniyeti, ho\u015fg\u00f6r\u00fcs\u00fc yatmaktad\u0131r, Atat\u00fcrk\u2026 Bu co\u011frafyaya demokrasiyi, parlamenter sistemi getirerek yeni bir vaziyetin, anlay\u0131\u015f\u0131n mucididir\u2026 Evet\u2026 Bir zamanlar Ortado\u011fu\u2019da, demokrasiyle y\u00f6netilen, hukukun egemen &hellip; <\/p>\n<p class=\"link-more\"><a href=\"http:\/\/wordpress.gurbuz.net\/?p=9684\" class=\"more-link\"><span class=\"screen-reader-text\">\u201eEkonominin \u00e7arklar\u0131, vah\u015fi kapitalizm, k\u00fcreselle\u015fme, kazanan ve kaybedenler BIR KESIT\u201c<\/span> weiterlesen<\/a><\/p>\n","protected":false},"author":1,"featured_media":0,"comment_status":"open","ping_status":"open","sticky":false,"template":"","format":"standard","meta":[],"categories":[1],"tags":[],"_links":{"self":[{"href":"http:\/\/wordpress.gurbuz.net\/index.php?rest_route=\/wp\/v2\/posts\/9684"}],"collection":[{"href":"http:\/\/wordpress.gurbuz.net\/index.php?rest_route=\/wp\/v2\/posts"}],"about":[{"href":"http:\/\/wordpress.gurbuz.net\/index.php?rest_route=\/wp\/v2\/types\/post"}],"author":[{"embeddable":true,"href":"http:\/\/wordpress.gurbuz.net\/index.php?rest_route=\/wp\/v2\/users\/1"}],"replies":[{"embeddable":true,"href":"http:\/\/wordpress.gurbuz.net\/index.php?rest_route=%2Fwp%2Fv2%2Fcomments&post=9684"}],"version-history":[{"count":6,"href":"http:\/\/wordpress.gurbuz.net\/index.php?rest_route=\/wp\/v2\/posts\/9684\/revisions"}],"predecessor-version":[{"id":9690,"href":"http:\/\/wordpress.gurbuz.net\/index.php?rest_route=\/wp\/v2\/posts\/9684\/revisions\/9690"}],"wp:attachment":[{"href":"http:\/\/wordpress.gurbuz.net\/index.php?rest_route=%2Fwp%2Fv2%2Fmedia&parent=9684"}],"wp:term":[{"taxonomy":"category","embeddable":true,"href":"http:\/\/wordpress.gurbuz.net\/index.php?rest_route=%2Fwp%2Fv2%2Fcategories&post=9684"},{"taxonomy":"post_tag","embeddable":true,"href":"http:\/\/wordpress.gurbuz.net\/index.php?rest_route=%2Fwp%2Fv2%2Ftags&post=9684"}],"curies":[{"name":"wp","href":"https:\/\/api.w.org\/{rel}","templated":true}]}}