{"id":9648,"date":"2018-05-24T09:49:30","date_gmt":"2018-05-24T09:49:30","guid":{"rendered":"http:\/\/wordpress.gurbuz.net\/?p=9648"},"modified":"2018-05-24T09:51:08","modified_gmt":"2018-05-24T09:51:08","slug":"dogru-diyorsun-sayin-dogru-dogru-ama","status":"publish","type":"post","link":"http:\/\/wordpress.gurbuz.net\/?p=9648","title":{"rendered":"Do\u011fru diyorsun Say\u0131n Do\u011fru, do\u011fru AMA"},"content":{"rendered":"<p>Dikkate almad\u0131\u011f\u0131n\u0131z iki konu\u2026<br \/>\nAsl\u0131nda ekonomide izah edecektim ama vars\u0131n b\u00f6yle olsun\u2026<br \/>\nBademler\u2026<br \/>\nVe G. Fuller, bademler ve F. G\u00fcllen\u2026<br \/>\n\u00dcst ak\u0131l hocam \u00fcst ak\u0131l\u2026<br \/>\nObama ile papaz oldular, Obama bunlarla m\u0131 u\u011fra\u015facak, bunlar\u0131n seviyesine inecek?<\/p>\n<p>Art\u0131k Trump var kar\u015f\u0131lar\u0131nda\u2026<br \/>\nAyni b.kun soyu\u2026<br \/>\nBu bir\u2026<br \/>\n\u0130kincisi\u2026<br \/>\nKi kendini \u00e7ok\u00e7a g\u00f6sterdi, AB mesela veya Kore, \u0130ran\u2019a bak\u2026<br \/>\nMembi\u00e7 be hocam ne \u00e7abuk unuttun?<br \/>\nSen kimsin?<br \/>\nTrump\u2019a kar\u015f\u0131 geleceksin\u2026<br \/>\nVE evet, sizinle ayni fikride de\u011filim\u2026<br \/>\nKim EMIR ettiyse Tayyipistan g\u00fcvenli liman, yat\u0131r\u0131m yap dediyse\u2026<br \/>\nKuveyt, Katar\u2019a emir verdiyse, destekle, deste\u011fini \u00e7ek\u2026<br \/>\nAyni yer bast\u0131 d\u00fc\u011fmeye, \u00e7ek paray\u0131\u2026<br \/>\nBat\u0131r \u00fclkeyi, izlemiyor musunuz Avrupal\u0131lara yapt\u0131\u011f\u0131n\u0131, %25 ceza vergisi\u2026<br \/>\n\u00c7elik, bilye meselesi\u2026<br \/>\nYok hocam yok, sizinle ayni fikirde de\u011filim bu sefer\u2026<br \/>\nMadalyonun iki y\u00fcz\u00fc var, sabitlenmi\u015fsiniz i\u00e7 siyasete\u2026<br \/>\nD\u00fcnyada\u2026<br \/>\nNeler olup bitiyor, izlemiyorsunuz tiyatro seyreder gibi.<\/p>\n<p>&#8212;<\/p>\n<p>A\u011f\u0131r i\u00e7 kanama!<br \/>\n24 May\u0131s 2018 <\/p>\n<p>Biz T\u00fcrkiye&#8216; de ya\u015fayanlar d\u00fcn gece alt\u0131n uykular\u0131m\u0131zdayken ve g\u00fcne\u015f hep do\u011fudan do\u011fdu\u011fu i\u00e7in Japonya uyanm\u0131\u015f, bankalar, borsalar \u00e7al\u0131\u015fmaya ba\u015flam\u0131\u015ft\u0131. Japon varl\u0131k y\u00f6netimi \u015firketleri \u201cDolar TL kurunu 4 lira 82 kuru\u015f\u201d ilan ettiler.<br \/>\nYani biz uykudayd\u0131k.<br \/>\nA\u011f\u0131r i\u00e7 kanama ba\u015flad\u0131.<br \/>\nD\u00fcn sabah uyand\u0131\u011f\u0131m\u0131zda i\u00e7eride 1 dolar, g\u00fcne 4 lira 76 kuru\u015f seviyesiyle ba\u015flad\u0131 ve \u00f6\u011flen oldu\u011funda 4 lira 92 kuru\u015fu g\u00f6rd\u00fc.<br \/>\nParam\u0131z pul olmu\u015ftu.<br \/>\nT\u00fcrk Liras\u0131 Arjantin Peso&#8217;sundan sonra d\u00fcnyan\u0131n en k\u00f6t\u00fc paras\u0131 haline geldi. TL, erken se\u00e7im karar\u0131n\u0131n al\u0131nd\u0131\u011f\u0131 g\u00fcnden bu yana y\u00fczde 20 de\u011fer yitirdi. 1 dolar, bu hafta bitmeden 5 TL&#8217;yi bulur diyenler \u00e7\u0131k\u0131yor. Almanya&#8217;n\u0131n ikinci b\u00fcy\u00fck bankas\u0131 Commerzbank, haziran\u0131n ilk haftas\u0131nda 1 dolar 6 TL&#8217;yi bulur a\u00e7\u0131klamas\u0131 yapt\u0131. B\u00fct\u00fcn bunlar olurken, ekonomi bakan\u0131 Zeybekci, \u201csa\u011fl\u0131ks\u0131z fiyat olu\u015fumlar\u0131 ya\u015famaktay\u0131z\u201d a\u00e7\u0131klamas\u0131n\u0131 getirdi.<br \/>\n* * *<br \/>\nDo\u011fru!<br \/>\n\u0130\u00e7 kanama sa\u011fl\u0131k i\u015fareti de\u011fil.<br \/>\nFakat Bakan, \u201cV\u00fccut bu noktaya nas\u0131l geldi?\u201d sorusunu hi\u00e7 \u00fcst\u00fcne al\u0131nm\u0131yor. Laf\u0131 \u201c\u0130\u015fte bu al\u00e7ak yabanc\u0131lar, yabanc\u0131 para babalar\u0131 ve onlar\u0131n yerli i\u015fbirlik\u00e7ileri, i\u00e7 ve d\u0131\u015f d\u00fc\u015fmanlar\u0131m\u0131z, se\u00e7im \u00f6ncesinde halk\u0131 \u2018T\u00fcrkiye ekonomisi bat\u0131yor\u2026&#8216; pani\u011fine sokup \u201cTayyip Bey&#8217;i sand\u0131kta devirmek istiyor\u201d noktas\u0131na getirmek istiyor.<br \/>\nBu i\u00e7i kof bahane!<br \/>\nTutars\u0131z savunma!<br \/>\nYabanc\u0131 para babalar\u0131, ge\u00e7mi\u015f se\u00e7imler \u00f6ncesinde paralar\u0131n\u0131 T\u00fcrkiye&#8217;ye getirip \u201cTayyip Bey&#8217;in \u00e7ok ba\u015far\u0131l\u0131 bir ekonomi y\u00f6netimi sergiledi\u011fi alg\u0131s\u0131na\u201d destek veriyorlard\u0131, \u015fimdi ni\u00e7in tersini yaps\u0131nlar?<br \/>\nGer\u00e7e\u011fi ar\u0131yorsan\u0131z:<br \/>\nAk\u015fam yedi\u011fin hurmalar!<br \/>\nUykudayken i\u00e7in kanar!<br \/>\n* * *<br \/>\n2000&#8217;de i\u00e7 kanama olmu\u015ftu.<br \/>\nKemal Dervi\u015f vard\u0131.<br \/>\n2001 y\u0131l\u0131nda geldi.<br \/>\nBir program yapt\u0131.<br \/>\nO program\u0131n meyvelerini Tayyip Bey iktidara geldi\u011finde haz\u0131r yenecek halde buldu. \u0130ktidara geldi\u011finde; TL de\u011fer kazan\u0131yordu, faizler inmi\u015fti, enflasyon d\u00fc\u015f\u00fc\u015fteydi, b\u00fcy\u00fcme y\u00fczde 6&#8217;y\u0131 bulmu\u015ftu. Tayyip Bey ve kadrosu Kemal Dervi\u015f&#8217;in bah\u00e7esinin meyvelerini, i\u015ftahla yediler. Oylar\u0131n\u0131 art\u0131rd\u0131lar. 2007 y\u0131l\u0131nda Dervi\u015f&#8217;in bah\u00e7esinin meyveleri t\u00fckendi, Tayyip Erdo\u011fan ve kadrosu, bah\u00e7ede yeni meyve \u00fcretecek bir \u00e7al\u0131\u015fma, yeni bir b\u00fcy\u00fcme yolu, y\u00f6ntemi, program\u0131 ortaya koyamad\u0131. \u0130\u00e7erde devlet mal\u0131n\u0131 sat, d\u0131\u015far\u0131dan da \u00f6zel sekt\u00f6r ve bankalar \u00fczerinden bor\u00e7lar\u0131 art\u0131r, \u201cbetona-ranta- saraya-israfa- g\u00f6steri\u015f yat\u0131r\u0131mlar\u0131na- tek adam imaj\u0131 yaratmaya\u201d yat\u0131r, otur haz\u0131r\u0131 ye\u2026<br \/>\n\u0130\u015fte o hurmalar!<br \/>\nArkas\u0131 a\u011f\u0131r i\u00e7 kanama!<br \/>\nSON DAK\u0130KA NOTU: D\u00fcn ak\u015fam saat 19.00 s\u0131ralar\u0131nda Merkez Bankas\u0131 faiz sopas\u0131n\u0131 kald\u0131rd\u0131. Faizleri 3 baz puan art\u0131r\u0131nca, dolar 4 lira 60 kuru\u015fun alt\u0131na kadar d\u00fc\u015ft\u00fc.<\/p>\n<p>https:\/\/www.sozcu.com.tr\/2018\/yazarlar\/necati-dogru\/agir-ic-kanama-2425852\/<\/p>\n","protected":false},"excerpt":{"rendered":"<p>Dikkate almad\u0131\u011f\u0131n\u0131z iki konu\u2026 Asl\u0131nda ekonomide izah edecektim ama vars\u0131n b\u00f6yle olsun\u2026 Bademler\u2026 Ve G. Fuller, bademler ve F. G\u00fcllen\u2026 \u00dcst ak\u0131l hocam \u00fcst ak\u0131l\u2026 Obama ile papaz oldular, Obama bunlarla m\u0131 u\u011fra\u015facak, bunlar\u0131n seviyesine inecek? Art\u0131k Trump var kar\u015f\u0131lar\u0131nda\u2026 Ayni b.kun soyu\u2026 Bu bir\u2026 \u0130kincisi\u2026 Ki kendini \u00e7ok\u00e7a g\u00f6sterdi, AB mesela veya Kore, \u0130ran\u2019a &hellip; <\/p>\n<p class=\"link-more\"><a href=\"http:\/\/wordpress.gurbuz.net\/?p=9648\" class=\"more-link\"><span class=\"screen-reader-text\">\u201eDo\u011fru diyorsun Say\u0131n Do\u011fru, do\u011fru AMA\u201c<\/span> weiterlesen<\/a><\/p>\n","protected":false},"author":1,"featured_media":0,"comment_status":"open","ping_status":"open","sticky":false,"template":"","format":"standard","meta":[],"categories":[1],"tags":[],"_links":{"self":[{"href":"http:\/\/wordpress.gurbuz.net\/index.php?rest_route=\/wp\/v2\/posts\/9648"}],"collection":[{"href":"http:\/\/wordpress.gurbuz.net\/index.php?rest_route=\/wp\/v2\/posts"}],"about":[{"href":"http:\/\/wordpress.gurbuz.net\/index.php?rest_route=\/wp\/v2\/types\/post"}],"author":[{"embeddable":true,"href":"http:\/\/wordpress.gurbuz.net\/index.php?rest_route=\/wp\/v2\/users\/1"}],"replies":[{"embeddable":true,"href":"http:\/\/wordpress.gurbuz.net\/index.php?rest_route=%2Fwp%2Fv2%2Fcomments&post=9648"}],"version-history":[{"count":1,"href":"http:\/\/wordpress.gurbuz.net\/index.php?rest_route=\/wp\/v2\/posts\/9648\/revisions"}],"predecessor-version":[{"id":9649,"href":"http:\/\/wordpress.gurbuz.net\/index.php?rest_route=\/wp\/v2\/posts\/9648\/revisions\/9649"}],"wp:attachment":[{"href":"http:\/\/wordpress.gurbuz.net\/index.php?rest_route=%2Fwp%2Fv2%2Fmedia&parent=9648"}],"wp:term":[{"taxonomy":"category","embeddable":true,"href":"http:\/\/wordpress.gurbuz.net\/index.php?rest_route=%2Fwp%2Fv2%2Fcategories&post=9648"},{"taxonomy":"post_tag","embeddable":true,"href":"http:\/\/wordpress.gurbuz.net\/index.php?rest_route=%2Fwp%2Fv2%2Ftags&post=9648"}],"curies":[{"name":"wp","href":"https:\/\/api.w.org\/{rel}","templated":true}]}}