{"id":9434,"date":"2018-05-16T10:34:48","date_gmt":"2018-05-16T10:34:48","guid":{"rendered":"http:\/\/wordpress.gurbuz.net\/?p=9434"},"modified":"2018-05-16T10:39:52","modified_gmt":"2018-05-16T10:39:52","slug":"okuyorum-soezde-bueyueklerimi-gazetecileri-ve-duesuenueyor-oender-belki-yaniliyor-ama-duesuenueyor-kiyasliyor","status":"publish","type":"post","link":"http:\/\/wordpress.gurbuz.net\/?p=9434","title":{"rendered":"### Okuyorum s\u00f6zde b\u00fcy\u00fcklerimi, gazetecileri ### ve d\u00fc\u015f\u00fcn\u00fcyor \u00d6nder, belki yan\u0131l\u0131yor ama d\u00fc\u015f\u00fcn\u00fcyor, k\u0131yasl\u0131yor"},"content":{"rendered":"<p>Ne kadar mutlu oldum, bildi\u011fimin bir kez daha teyidi\u2026<br \/>\nHer \u201ct\u00fcrbanl\u0131\u201d Atat\u00fcrk d\u00fc\u015fman\u0131 de\u011fil her ba\u015f\u0131 \u00f6yle veya b\u00f6yle \u00f6rt\u00fcl\u00fc. Iman hatipli k\u0131z \u00f6\u011frencileri ve Atat\u00fcrk\u2019e g\u00f6sterdikleri ilgi, y\u00fcrekten. SAMIMI!<\/p>\n<p>Ba\u015flam\u0131\u015ft\u0131m, bitiremedim. D\u00fcn\u2026<br \/>\nKul\u00fcbe bile gidemedim. O kadar k\u00f6t\u00fcyd\u00fcm\u2026<br \/>\nBug\u00fcn biraz devam ettim, Soner Bey\u2026<br \/>\nGazete ald\u0131m bir saat kadar \u00f6nce\u2026<br \/>\nSanki kalp kalbe kar\u015f\u0131, anlatmaya \u00e7al\u0131\u015ft\u0131klar\u0131m\u0131 farkl\u0131 bir dile ile anlatm\u0131\u015f&#8230;<br \/>\nYAZMADIGI\u2026<br \/>\nAma \u00e7ok \u00f6nemli olan \u00fcst \u00fcste kazan\u0131lan se\u00e7im s\u00fcrelerinin k\u0131s\u0131tlanmas\u0131 kadar\u2026<br \/>\nLider\u2026<br \/>\nVe ya\u015f haddi!<\/p>\n<p><strong>Hat\u0131rla rahmetli Ecevit\u2019i\u2026<br \/>\nRah\u015fan\u2019\u0131n maskaras\u0131 oldu koca Karao\u011flan<\/strong><br \/>\nBu y\u00fczden ba\u015flad\u0131\u011f\u0131ma devam etmeyece\u011fim AMAAA\u2026<br \/>\nYazarlar, gazetecilere \u015fu \u00e7a\u011fr\u0131y\u0131 yapmadan da susmayaca\u011f\u0131m:<\/p>\n<p>Nil nehrinden F\u0131rat\u2019a*, ne fark\u0131 var Turanc\u0131l\u0131kla?<\/p>\n<p>Hayalperestler her toplumda var\u2026<br \/>\nT\u00fcrk\u2019e, T\u00fcrk\u00fcn evlad\u0131na ac\u0131m\u0131yor, evlad\u0131n\u0131n hakkini aram\u0131yorsun Filistinlinin arad\u0131\u011f\u0131n kadar!<br \/>\nGittim g\u00f6rd\u00fcm diyorum sana\u2026<br \/>\nKendi g\u00f6zlerimle\u2026<br \/>\nKendi kendinin doktoru olmak i\u00e7in gayret g\u00f6stermeyene ben mi ac\u0131yaca\u011f\u0131m?<\/p>\n<p>Sen ne dersen de neyi iddia edersen et\u2026<br \/>\nAdamlar\u2026<br \/>\nYOKTAN, var ettiler ve ben bu gayrete, sadece sayg\u0131 duyar\u0131m!<\/p>\n<p>* ne demek istedi\u011fimi anlamad\u0131n de\u011fil mi?<br \/>\nRivayet edilir\u2026<br \/>\nB\u00fcy\u00fck Israil hayali!<\/p>\n<p>Bu konuda ek bilgi, MUTLAKA okuman\u0131 tavsiye ederim:<\/p>\n<p>http:\/\/www.danielpipes.org\/247\/imperial-israel-the-nile-to-euphrates-calumny<\/p>\n<p>\u00d6nce Soner Bey, Bekir Bey, Rahmi Bey<\/p>\n<p>&#8212;<\/p>\n<p><strong>G\u00fc\u00e7 sarho\u015flu\u011fu<\/strong><br \/>\n16 May\u0131s 2018 <\/p>\n<p>\u00c7o\u011funuz an\u0131msar:<br \/>\nTarih: 10 \u015eubat 1987.<br \/>\nBa\u015fbakan Turgut \u00d6zal ABD\/Houston&#8217;da kalp ameliyat\u0131 oldu.<br \/>\n\u00d6zal, 30 Mart&#8217;ta T\u00fcrkiye&#8217;ye d\u00f6nd\u00fc.<br \/>\n\u2013 D\u00f6ner d\u00f6nmez TBMM g\u00fcndemine Anayasa de\u011fi\u015fikli\u00ac\u011fini getirdi.<br \/>\n\u2013 Yasaklar\u0131n\u0131n devam\u0131n\u0131 istedi\u011fi Demirel, Ecevit, Erbakan, T\u00fcrke\u015f&#8217;in TRT&#8217;ye \u00e7\u0131kmas\u0131na da yasak koydu. Dan\u0131\u015fman\u0131n\u0131 TRT genel m\u00fc\u00acd\u00fcr\u00fc yapt\u0131. \u0130\u015fadam\u0131 Asil Nadir&#8217;i medyaya soktu.<br \/>\n\u2013 Siyasi yasaklar kalkt\u0131\u011f\u0131 gece erken se\u00e7im kara\u00acr\u0131 ald\u0131.<br \/>\n\u2013 T\u00fcrk Ordusu&#8217;nun komuta kademesinin de\u011fi\u015fimine \u201cel atarak\u201d istifalara sebep oldu.<br \/>\n\u2013 Futbola kar\u0131\u015ft\u0131; Bursaspor, Antalyaspor, Kocaelispor ve Diyarbak\u0131rspor&#8217;un Birinci\/S\u00fc\u00acper Lige al\u0131nmas\u0131n\u0131 emretti.<br \/>\n\u2013 Se\u00e7imi kazan\u0131r kazanmaz ard\u0131 ard\u0131na zamlar yapmaya ba\u015flad\u0131. \u201cSe\u00e7imden \u00f6nce zam yapacak kadar enayi de\u011filiz\u201d dedi. Cumhuriyet ta\u00acrihinde d\u00f6viz ilk kez bin TL&#8217;yi a\u015ft\u0131. Sans\u00fcr-s\u00fcrg\u00fcn gibi otoriter yasak\u00e7\u0131 kararnameler \u00e7\u0131kard\u0131.<br \/>\nUzatmayay\u0131m\u2026<br \/>\nT\u00fcrkiye&#8217;de i\u015fler pek yolunda gitmiyordu. \u00d6zellikle ekonomi\u00acde alarm zilleri \u00e7al\u0131yordu.<br \/>\nBa\u015fbakan \u00d6zal&#8217;\u0131 destekleyen\u00acler aras\u0131nda \u015fu konu\u015fulmaya ba\u015fland\u0131:<br \/>\n\u2013 \u00d6zal \u00e7ok de\u011fi\u015fti\u2026<br \/>\n\u2013 Nerede o liberal-ho\u015fg\u00f6\u00acr\u00fcl\u00fc Turgut \u00d6zal?<br \/>\n\u2013 \u00d6zal diktat\u00f6r olmaya m\u0131 \u00e7al\u0131\u015f\u0131yor? Vs.<br \/>\nKimilerinin iddias\u0131 \u015fu oldu:<br \/>\n\u2013 Kalp ameliyat\u0131 insan\u0131n hu\u00acyunu de\u011fi\u015ftiriyor; \u00d6zal&#8217;\u0131n bu sertlik yanl\u0131s\u0131 yeni hali ame\u00acliyat s\u0131ras\u0131nda 35 dakika ma\u00ackineye ba\u011fl\u0131 kalmas\u0131ndan!<br \/>\nAsl\u0131nda mesele ba\u015fkayd\u0131\u2026<br \/>\n10 YIL SINIRI<br \/>\nIan Robertson (d. 1951)\u2026<br \/>\n\u0130sko\u00e7\/\u0130ngiliz psikoloji profe\u00acs\u00f6r\u00fc.<br \/>\nUzmanl\u0131k alan\u0131, beyin fonksiyonlar\u0131yla davran\u0131\u015fsal de\u011fi\u015fim ili\u015fkisi.<br \/>\n250&#8217;den fazla bilimsel makale, \u00fcniversitelerde ders olarak okutulan 10 bilimsel kitab\u0131n sahibi.<br \/>\nSan\u0131r\u0131m bir kitab\u0131 dilimize \u00e7evrildi:<br \/>\n\u201cZafer Sarho\u015flu\u011fu\/ G\u00fc\u00e7 Beynimizi Nas\u0131l Etkiler?\u201d<br \/>\n\u0130ktidar g\u00fcc\u00fcn\u00fcn politik liderlerde nas\u0131l davran\u0131\u015fsal de\u011fi\u015fimlere yol a\u00e7t\u0131\u011f\u0131n\u0131 ele ald\u0131.<br \/>\n\u2013 \u201c\u0130ktidar\/politik g\u00fc\u00e7, li\u00acderlerin beyinlerinde tes\u00actosteronu art\u0131r\u0131r; testosteron beyindeki kimyasal haber\u00acci dopamini art\u0131rarak stratejik d\u00fc\u015f\u00fcnmeye ve \u00f6nseziye yol a\u00e7ar.<br \/>\n\u2013 \u201cAncak iktidar denetlen\u00acmemi\u015fse veya iktidar s\u00fc\u00acresi \u00e7ok uzunsa, neredeyse ka\u00e7\u0131n\u0131lmaz olarak beyin i\u015flev\u00aclerini \u00e7arp\u0131tarak yarg\u0131 bo-zuklu\u011funa, vazge\u00e7ilmezlik yan\u0131lg\u0131s\u0131na, risklere kar\u015f\u0131 k\u00f6r olmaya ve duygusal duyars\u0131zl\u0131\u011fa yol a\u00e7ar.- \u201c\u0130nsanl\u0131\u011f\u0131n zek\u00e2s\u0131, g\u00fcc\u00fcn liderler \u00fczerindeki bu olumsuz etkilerine gem vurabilmek i\u00e7in y\u00f6ntemler yaratm\u0131\u015ft\u0131r: Serbest se\u00e7imler, liderler i\u00e7in s\u0131n\u0131rl\u0131 g\u00f6rev s\u00fcresi, \u00f6zg\u00fcr bir bas\u0131n ve ba\u011f\u0131ms\u0131z yarg\u0131 gibi demokrasi ara\u00e7lar\u0131.<br \/>\n\u2013 \u201cG\u00fc\u00e7 \u00fczerindeki bu k\u0131s\u0131tla\u00acmalar a\u015f\u0131r\u0131 bireysel g\u00fcc\u00fcn zehrine kar\u015f\u0131 bir panzehir gibi i\u015f g\u00f6r\u00fcr\u2026\u201d<br \/>\nProfes\u00f6r Ian Robert\u00acson, iktidar sahiplerinin ellerinde tuttuklar\u0131 g\u00fcc\u00fc za\u00acmanla anlams\u0131z y\u00f6nde kullan\u00acd\u0131klar\u0131ndan yola \u00e7\u0131karak, g\u00fc\u00acc\u00fcn sarho\u015f edici \u00f6zelli\u011fini bilimsel a\u00e7\u0131dan ele ald\u0131.<br \/>\n\u201cZafer Sarho\u015flu\u011fu\u201d kita\u00acb\u0131, iktidar sahibinin ni\u00e7in diktat\u00f6rle\u015fti\u011fini biyolojik ve psikolojik bulgularla a\u00e7\u0131klayan bir \u00e7al\u0131\u015fma oldu.<br \/>\nBu nedenledir ki:<br \/>\nKimi \u00fclkeler bir liderin ikti\u00acdarda kalma s\u00fcresini 10 y\u0131lla s\u0131n\u0131rl\u0131yor!<br \/>\nMASKEL\u0130 BALO<br \/>\n\u015eunu sormal\u0131y\u0131z:<br \/>\nSe\u00e7men \u201cg\u00fc\u00e7 sarho\u015fu\u201d liderlerde neden \u0131srar ediyor; yan\u0131lg\u0131lar\u0131n\u0131 g\u00f6remiyor mu?<br \/>\nKu\u015fkusuz \u00e7ok yan\u0131t\u0131 var bu sorunun! Ama madem psiko\u00aclojiden girdik oradan devam edelim\u2026 Se\u00e7menin \u00e7ocuklu\u011fu\u00acna d\u00f6nelim!<br \/>\n\u00c7ocuk kendini de\u011ferli-\u00f6zel hissedip, benlik sayg\u0131s\u0131n\u0131 art\u0131r\u00acmak i\u00e7in ebeveynini idealize eder\/m\u00fckemmelle\u015ftirir:<br \/>\n\u201cBenim babam senin baban\u0131 d\u00f6ver!\u201d<br \/>\nPeki\u2026<br \/>\n\u2013 Ya \u00e7ocuk ebeveynini idea\u00aclize edememi\u015f ise,<br \/>\n\u2013 Ya \u00e7ocuk ebeveyni ile yeterince duygusal yak\u0131nl\u0131k kuramam\u0131\u015f ise,<br \/>\n\u2013 Ya \u00e7ocuk ebeveyninin g\u00fcc\u00fc ve sayg\u0131nl\u0131\u011f\u0131ndan besle\u00acnememi\u015f ise,<br \/>\nNeler olur?<br \/>\n\u015eu olur:<br \/>\nYa\u015fam\u0131n\u0131n sonraki d\u00f6nem\u00aclerinde bunu telafi etmeye \u00e7al\u0131\u015f\u0131r!<br \/>\nBu ki\u015fi s\u0131kl\u0131kla birilerini ide\u00acalize eder; onu \u00e7ok \u00f6zel ve \u00fcst\u00fcn biri olarak alg\u0131lar!<br \/>\nDava arkada\u015f\u0131, yanda\u00ac\u015f\u0131, hayran\u0131, se\u00e7meni olarak, \u00e7ocuklu\u011funda elde edemedi\u011fi \u00f6z\/benlik sayg\u0131s\u0131n\u0131 onarmaya \u00e7al\u0131\u015f\u0131r.<br \/>\nGer\u00e7ekler ne olursa olsun; ebeveyn yerine koydu\u011funu daima y\u00fcceltir ve m\u00fckemmel\u00acle\u015ftirdi\u011fi liderinin muha\u00acliflerini s\u00fcrekli k\u00fc\u00e7\u00fcmser\/k\u00fc\u00e7\u00fcltme davran\u0131\u015f\u0131 sergiler.<br \/>\nDi\u011ferini k\u00fc\u00e7\u00fcmserken ken\u00acdini de\u011fil, idealize etti\u011finin\/li\u00acderinin \u00fcst\u00fcn oldu\u011funu s\u00f6yler\/yazar. Bu asl\u0131nda\u2026<br \/>\n\u201cBenim babam senin baban\u0131 d\u00f6ver\u201d s\u00f6z\u00fcn\u00fcn eri\u015fkinlikte\u00acki yans\u0131mas\u0131d\u0131r!<br \/>\nKendi ad\u0131na kibirli davrana\u00acmaz ama liderinin kibrin\u00acden beslenir!<br \/>\nEvet\u2026 Kibirli insan\u0131n\/lide\u00acrin etraf\u0131nda toplan\u0131p, onun tav\u0131rlar\u0131n\u0131 destekleyenle\u00acrin tek gayesi var; eksik olan benlik sayg\u0131s\u0131n\u0131 telafi etmek.<br \/>\nYani, korkak adam\u0131n \u201cmas\u00ackeli balosu\u201ddur bu!<br \/>\nRuhu yaral\u0131 bu ki\u015fi; lide\u00acrinden ve kendisi gibi olan\u00aclardan beslenerek toplumun geri kalan\u0131na kar\u015f\u0131 dayatmac\u0131, burnu havada, b\u00fcy\u00fcklenmeci, k\u00fcstah tutum tak\u0131n\u0131r! (\u00d6zellik\u00acle yanda\u015f medyada ne \u00e7ok \u00f6rnekleri var!)<br \/>\n\u015eunu da eklemek \u015fart:<br \/>\n\u0130leri ya\u015flardaki \u00f6z sayg\u0131 ara\u00acy\u0131\u015f\u0131 doyumsuzdur; ki\u015finin a\u00e7- yaral\u0131 ruhu doymak bilmez.<br \/>\nBu sebeple, \u201ckibir ittifak\u0131\u201d g\u00fcn gelir y\u0131k\u0131l\u0131nca kendi\u00acne yeni \u00d6zallar, yeni Erdo\u00ac\u011fanlar aramaya ba\u015flar!<br \/>\nBu politik devran\u0131n s\u00fcrgit devam etmemesi i\u00e7in ruhsal doygunluklara ula\u015fm\u0131\u015f se\u00e7\u00acmenlere-liderlere ihtiya\u00e7 var!<\/p>\n<p>https:\/\/www.sozcu.com.tr\/2018\/yazarlar\/soner-yalcin\/guc-sarhoslugu-2409462\/<\/p>\n<p><strong>Mikrofonda domates!..<\/strong><\/p>\n<p> \u201cDemokrasi\u201d denildi\u011finde, o iki ki\u015fiden birine bir \u015fey ifade etmiyor\u2026<br \/>\nNitekim Demokrat Parti 60&#8217;l\u0131 y\u0131llarda, \u201cdemokrasinin\u201d ilk harflerini \u201cdemir\u201d yapm\u0131\u015f, son iki harfi \u201cat\u201da \u00e7evirmi\u015f, \u201cDemir k\u0131rat\u201d demi\u015fti, anlas\u0131nlar diye\u2026<br \/>\nParti bayra\u011f\u0131nda da at vard\u0131 zaten\u2026<br \/>\n\u201cDemir k\u0131rat geliyor\u201d dediklerinde saman \u00e7uval\u0131n\u0131 al\u0131p ko\u015fanlar oldu dediler\u2026<br \/>\n*<br \/>\n\u201cLaiklik\u201d denildi\u011finde de ona bir \u015fey ifade etmiyor\u2026<br \/>\nTelevizyon muhabiri sordu:<br \/>\n\u201cLaiklik nedir?..\u201d<br \/>\n\u201cYani m\u00fcstahak\u201d dedi..<br \/>\n*<br \/>\n\u201cBas\u0131n ve ifade \u00f6zg\u00fcrl\u00fc\u011f\u00fc\u201d denildi\u011finde, ona bir \u015fey ifade etmiyor\u2026<br \/>\n\u00d6mr\u00fcnde gazete okumu\u015f de\u011fil\u2026<br \/>\nEvine giren tek gazete, tamirci ayakkab\u0131lar\u0131, kasap eti hangi gazeteye sard\u0131ysa\u2026<br \/>\n*<br \/>\n\u201cGen\u00e7ler \u00f6l\u00fcyor\u201d denildi\u011finde\u2026<br \/>\n\u201cAllah raz\u0131 olsun, hepsi cennete gitti\u201d diyor\u2026<br \/>\n*<br \/>\n\u201cH\u0131rs\u0131z\u201d de\u2026<br \/>\n\u201c\u00c7als\u0131n ama i\u015f yaps\u0131n\u201d diyor\u2026<br \/>\n\u201cYalanc\u0131\u201d de\u2026<br \/>\nDo\u011frusunu bilmedi\u011fi i\u00e7in fark etmiyor\u2026<br \/>\n\u201cTalanc\u0131-ya\u011fmac\u0131\u201d de\u2026<br \/>\nKendisi hazinenin mal\u0131na konmu\u015f\u2026<br \/>\n*<br \/>\nAma anlayaca\u011f\u0131 \u015feyler var:<br \/>\nDomates\u2026<br \/>\n6 lira\u2026<br \/>\n*<br \/>\nSe\u00e7imlerin en belirleyicisi ekonomidir\u2026<br \/>\n\u0130lk kez ekonomi t\u00fcm sorunlar\u0131n \u00f6n\u00fcnde\u2026 \u00c7ar\u015f\u0131da-pazarda ya\u015fam durdu sanki\u2026 \u00c7\u00f6ken piyasa, orta ve az gelirlilerin ba\u015f\u0131na d\u00f6k\u00fcl\u00fcyor\u2026 Para kazanmak zorunda olan babalara, mutfaktaki annelere sorun\u2026 Pahal\u0131l\u0131k sohbetlerin tek konusu\u2026 Ramazan ay\u0131n\u0131n denk gelmesi iktidar i\u00e7in ayr\u0131 bir \u015fanss\u0131zl\u0131k\u2026<br \/>\nPeynir 28 lira, zeytin 30 lira\u2026<br \/>\n*<br \/>\n\u201cCari a\u00e7\u0131k, dengesiz b\u00fct\u00e7e, kamu israf\u0131, \u00f6rt\u00fcl\u00fc \u00f6denek, d\u0131\u015f bor\u00e7\u201d denildi\u011finde, onlar i\u00e7in bir \u015fey ifade etmiyor\u2026<br \/>\nAma \u201cDomates 6 lira\u201d de\u2026<br \/>\nBak\u2026<br \/>\nAnla\u015f\u0131ld\u0131\u2026<br \/>\n*<br \/>\nAl domatesi \u00e7\u0131k k\u00fcrs\u00fcye muhalefet\u2026<br \/>\nDomatesi g\u00f6ster\u2026<br \/>\nYeter\u2026<\/p>\n<p>https:\/\/www.sozcu.com.tr\/2018\/yazarlar\/bekir-coskun\/mikrofonda-domates-2409413\/<\/p>\n<p><strong>\u0130mam hatipli k\u0131zlar Atat\u00fcrk kuyru\u011funda!<\/strong><br \/>\n16 May\u0131s 2018 <\/p>\n<p>Mustafa Kemal Ulusu, Atat\u00fcrk&#8217;\u00fcn k\u00fct\u00fcphanecisi Nuri Ulusu&#8217;nun o\u011flu\u2026 Y\u0131llarca Atat\u00fcrk&#8217;\u00fcn t\u00fcm yurt gezilerine kat\u0131lan Nuri Ulusu, tuttu\u011fu notlar\u0131 \u00f6l\u00fcm\u00fcnden \u00f6nce o\u011fluna emanet etti. Kemal Ulusu da bu notlar\u0131 de\u011ferlendirerek \u201cAtat\u00fcrk&#8217;\u00fcn Yan\u0131ba\u015f\u0131nda\u201d adl\u0131 an\u0131 kitab\u0131n\u0131 yazd\u0131.<br \/>\n\u0130lk defa 2008 y\u0131l\u0131nda bas\u0131lan bu kitab\u0131n \u00e7ok say\u0131da bask\u0131s\u0131 yap\u0131ld\u0131.<br \/>\nKitab\u0131n yazar\u0131 Mustafa Kemal Ulusu o g\u00fcnden bu yana, \u0130ngiltere, Almanya ve Azerbaycan dahil bir\u00e7ok \u00fclkede Atat\u00fcrk konulu konferanslar verdi.<br \/>\nBirka\u00e7 g\u00fcn \u00f6nce Sar\u0131yer \u0130mam Hatip K\u0131z Lisesi&#8217;ne davet edildi.<br \/>\nUlusu, liseli k\u0131z \u00f6\u011frencilere Atat\u00fcrk&#8217;\u00fcn dehas\u0131n\u0131 anlatt\u0131. Bir \u00f6\u011frenci sordu:<br \/>\n\u201cSiz Atat\u00fcrk&#8217;\u00fcn \u2018Sa\u011flam kafa sa\u011flam v\u00fccutta bulunur&#8216; s\u00f6z\u00fcn\u00fc dile getirdiniz ama o sigara ve i\u00e7ki i\u00e7iyordu, de\u011fil mi?\u201d<br \/>\nKemal Ulusu:<br \/>\n\u201cKonu\u015fmamda \u2018O da bir insan tabii ki&#8216; demi\u015ftim. Sevaplar\u0131n\u0131n \u00e7oklu\u011fu yan\u0131nda hatalar\u0131 da olacakt\u0131r. Ke\u015fke i\u00e7meseydi de bir 30 y\u0131l fazla ya\u015fay\u0131p \u00fclkeye daha \u00e7ok faydas\u0131 olsayd\u0131\u201d diye cevap verdi.<br \/>\n\u00d6\u011frenci \u201cKe\u015fke hocam, ke\u015fke!\u201d diye i\u00e7 \u00e7ekerek Atat\u00fcrk&#8217;\u00fcn erken \u00f6l\u00fcm\u00fcne olan \u00fcz\u00fcnt\u00fcs\u00fcn\u00fc belirtti. Y\u00fcz ifadesinden duygular\u0131 a\u00e7\u0131k\u00e7a belli oluyordu.<br \/>\nS\u00f6yle\u015fiden sonra Kemal Ulusu \u201cAtat\u00fcrk&#8217;\u00fcn Yan\u0131ba\u015f\u0131nda\u201d kitab\u0131n\u0131 imam hatipli k\u0131z \u00f6\u011frencilere imzalayarak verdi. \u0130lgi o kadar b\u00fcy\u00fckt\u00fc ki, \u00f6\u011frenciler Atat\u00fcrk kitab\u0131 i\u00e7in uzun bir kuyruk olu\u015fturdular.<br \/>\nKemal Ulusu \u201cHepsinin de g\u00f6zlerinden ve alk\u0131\u015flar\u0131ndan Atat\u00fcrk&#8217;lerini ve \u00fclkelerini ne denli sevdikleri belli oluyordu. Okuldan i\u00e7im umut dolu olarak ayr\u0131ld\u0131m\u201d dedi.<br \/>\nAKP\u2019YE SORULAR!<br \/>\nHayati se\u00e7imlere 39 g\u00fcn kald\u0131\u2026<br \/>\nG\u00fcnler nas\u0131l da h\u0131zla eriyip bitiyor!<br \/>\n\u0130Y\u0130 Parti Ankara 2&#8217;nci B\u00f6lge aday aday\u0131 olan gazeteci bir arkada\u015f\u0131m var\u2026 Orhan U\u011furo\u011flu\u2026 Uzun y\u0131llar G\u00fcnayd\u0131n Gazetesi&#8217;nde beraber \u00e7al\u0131\u015fm\u0131\u015ft\u0131k. Yurtsever bir gazeteci olan Orhan U\u011furo\u011flu 16 y\u0131ll\u0131k AKP iktidar\u0131na soruyor:<br \/>\n* Vatan\u0131m\u0131z\u0131n topra\u011f\u0131 olan 18 T\u00fcrk adas\u0131n\u0131 Yunanistan&#8217;a neden kapt\u0131rd\u0131n\u0131z?<br \/>\n* Devletin her kademesine FET\u00d6&#8217;c\u00fcleri yerle\u015ftirerek neden bu \u00fclkeye 15 Temmuz Darbe Giri\u015fimi ac\u0131s\u0131n\u0131 ya\u015fatt\u0131n\u0131z?<br \/>\n* Reza Zarrab&#8217;\u0131n bakanlar\u0131n\u0131za r\u00fc\u015fvet verdi\u011fini Amerika&#8217;da itiraf ve iddia etmesi \u00fczerine neden haklar\u0131nda dava a\u00e7mad\u0131n\u0131z? Bakanlar\u0131n\u0131z\u0131n Y\u00fcce Divan&#8217;a gidip yarg\u0131lanmalar\u0131n\u0131 Meclis&#8217;te AKP oylar\u0131 ile neden engellediniz?<br \/>\n* Bu \u00fclkenin kahramanlar\u0131 olan subay ve astsubaylar\u0131n, y\u00f6netici ve ayd\u0131nlar\u0131n, Ergenekon, Balyoz, Casusluk, \u015eike gibi kumpas davalarla esir al\u0131nmalar\u0131na neden m\u00fcdahale etmediniz?<br \/>\n* Genelkurmay Ba\u015fkan\u0131 \u0130lker Ba\u015fbu\u011f&#8217;un \u201cSilahl\u0131 ter\u00f6r \u00f6rg\u00fct\u00fc kurma\u201d su\u00e7undan tutuklanmas\u0131na, M\u0130T M\u00fcste\u015far\u0131 Hakan Fidan&#8217;a yapt\u0131\u011f\u0131n\u0131z gibi neden m\u00fcdahale etmediniz?<br \/>\n* Kozmik odaya girilmesine, devletin s\u0131rlar\u0131n\u0131n FET\u00d6&#8217;n\u00fcn eline ge\u00e7mesine neden engel olamad\u0131n\u0131z?<br \/>\n* Gazetecileri hapse atarak, fikirlerinden dolay\u0131 y\u0131llarca haks\u0131z ve hukuksuz \u015fekilde neden ma\u011fdur ettiniz?<br \/>\n* A\u00e7l\u0131k s\u0131n\u0131r\u0131 alt\u0131nda ya\u015fayan milyonlarca insan\u0131m\u0131z i\u00e7in hangi fabrikalar\u0131 kurdunuz?<br \/>\n* Milli E\u011fitimi neden berbat ettiniz?<br \/>\n* \u0130\u015fsizli\u011fi neden \u00f6nlemediniz?<br \/>\nEvet, \u0130Y\u0130 Parti aday aday\u0131 Orhan U\u011furo\u011flu bunlar\u0131 soruyor. Hangi AKP&#8217;li cevap verebilir ki? Hi\u00e7biri yan\u0131t veremez!<br \/>\nG\u00dcN\u00dcN S\u00d6Z\u00dc<br \/>\nTavuk h\u0131rs\u0131zlar\u0131ndan hi\u00e7bir zaman K\u00f6ro\u011flu ya da \u00c7ak\u0131rcal\u0131 \u00e7\u0131kmaz!<\/p>\n<p>https:\/\/www.sozcu.com.tr\/2018\/yazarlar\/rahmi-turan\/imam-hatipli-kizlar-ataturk-kuyrugunda-2409469\/<\/p>\n","protected":false},"excerpt":{"rendered":"<p>Ne kadar mutlu oldum, bildi\u011fimin bir kez daha teyidi\u2026 Her \u201ct\u00fcrbanl\u0131\u201d Atat\u00fcrk d\u00fc\u015fman\u0131 de\u011fil her ba\u015f\u0131 \u00f6yle veya b\u00f6yle \u00f6rt\u00fcl\u00fc. Iman hatipli k\u0131z \u00f6\u011frencileri ve Atat\u00fcrk\u2019e g\u00f6sterdikleri ilgi, y\u00fcrekten. SAMIMI! Ba\u015flam\u0131\u015ft\u0131m, bitiremedim. D\u00fcn\u2026 Kul\u00fcbe bile gidemedim. O kadar k\u00f6t\u00fcyd\u00fcm\u2026 Bug\u00fcn biraz devam ettim, Soner Bey\u2026 Gazete ald\u0131m bir saat kadar \u00f6nce\u2026 Sanki kalp kalbe kar\u015f\u0131, &hellip; <\/p>\n<p class=\"link-more\"><a href=\"http:\/\/wordpress.gurbuz.net\/?p=9434\" class=\"more-link\"><span class=\"screen-reader-text\">\u201e### Okuyorum s\u00f6zde b\u00fcy\u00fcklerimi, gazetecileri ### ve d\u00fc\u015f\u00fcn\u00fcyor \u00d6nder, belki yan\u0131l\u0131yor ama d\u00fc\u015f\u00fcn\u00fcyor, k\u0131yasl\u0131yor\u201c<\/span> weiterlesen<\/a><\/p>\n","protected":false},"author":1,"featured_media":0,"comment_status":"open","ping_status":"open","sticky":false,"template":"","format":"standard","meta":[],"categories":[1],"tags":[],"_links":{"self":[{"href":"http:\/\/wordpress.gurbuz.net\/index.php?rest_route=\/wp\/v2\/posts\/9434"}],"collection":[{"href":"http:\/\/wordpress.gurbuz.net\/index.php?rest_route=\/wp\/v2\/posts"}],"about":[{"href":"http:\/\/wordpress.gurbuz.net\/index.php?rest_route=\/wp\/v2\/types\/post"}],"author":[{"embeddable":true,"href":"http:\/\/wordpress.gurbuz.net\/index.php?rest_route=\/wp\/v2\/users\/1"}],"replies":[{"embeddable":true,"href":"http:\/\/wordpress.gurbuz.net\/index.php?rest_route=%2Fwp%2Fv2%2Fcomments&post=9434"}],"version-history":[{"count":4,"href":"http:\/\/wordpress.gurbuz.net\/index.php?rest_route=\/wp\/v2\/posts\/9434\/revisions"}],"predecessor-version":[{"id":9438,"href":"http:\/\/wordpress.gurbuz.net\/index.php?rest_route=\/wp\/v2\/posts\/9434\/revisions\/9438"}],"wp:attachment":[{"href":"http:\/\/wordpress.gurbuz.net\/index.php?rest_route=%2Fwp%2Fv2%2Fmedia&parent=9434"}],"wp:term":[{"taxonomy":"category","embeddable":true,"href":"http:\/\/wordpress.gurbuz.net\/index.php?rest_route=%2Fwp%2Fv2%2Fcategories&post=9434"},{"taxonomy":"post_tag","embeddable":true,"href":"http:\/\/wordpress.gurbuz.net\/index.php?rest_route=%2Fwp%2Fv2%2Ftags&post=9434"}],"curies":[{"name":"wp","href":"https:\/\/api.w.org\/{rel}","templated":true}]}}