{"id":9396,"date":"2018-05-15T11:26:33","date_gmt":"2018-05-15T11:26:33","guid":{"rendered":"http:\/\/wordpress.gurbuz.net\/?p=9396"},"modified":"2018-05-15T11:28:20","modified_gmt":"2018-05-15T11:28:20","slug":"k-nokta-k-nokta","status":"publish","type":"post","link":"http:\/\/wordpress.gurbuz.net\/?p=9396","title":{"rendered":"K nokta K nokta"},"content":{"rendered":"<p>Konu\u015fuyorsun karde\u015fim, sadece konu\u015fuyorsun\u2026<br \/>\n\u0130nsan\u0131n a\u011fz\u0131 torba de\u011fil ki b\u00fczesin!<\/p>\n<p>Tabii\u2026<br \/>\nBenim \u015fahsi g\u00f6r\u00fc\u015f\u00fcm, belki\u2026<br \/>\n\u00d6mr\u00fcm b\u00f6yle ge\u00e7ti\u011fi i\u00e7in, bir tek iki konu vard\u0131r taraf oldu\u011fum\u2026<br \/>\nMevla\u2019m\u0131n varl\u0131\u011f\u0131 ve y\u00fcceli\u011fi\u2026<br \/>\nGazi Mustafa Kemal Atat\u00fcrk dendi\u011finde TARAFIM ve BITARAF OLMAYA HAZIRIM!<\/p>\n<p>Bilmiyordum\u2026<br \/>\nBug\u00fcn senden \u00f6\u011frendim, rahmetli Deniz Gezmi\u015f\u2026<br \/>\nFilistin\u2019e gitmi\u015f\u2026<br \/>\nGer\u00e7ekten, y\u00fcrekten, sonsuz bir sayg\u0131m var Musevilere\u2026<br \/>\nBelki\u2026<br \/>\nAlmanya\u2019da ya\u015fay\u0131p hem onlarla tan\u0131\u015fma f\u0131rsat\u0131m do\u011fdu\u011fu hem belki \u00e7ektiklerini bire bir g\u00f6rme, \u201cya\u015fama\u201d imk\u00e2nlar\u0131na sahip oldu\u011fum i\u00e7indir. Dindarl\u0131klar\u0131na en ufak bir \u015f\u00fcphem kalmad\u0131\u2026<br \/>\nNeredeyse hepsi b\u00f6yle\u2026<br \/>\nVe yine Arap\u2019\u0131 g\u00f6rd\u00fcm, ya\u015fad\u0131m. Persler ba\u015fka, bamba\u015fka bir millet\u2026<br \/>\nK\u00fclt\u00fcre, g\u00f6rg\u00fcye, bilime \u00e7ok ama \u00e7ok \u00f6nem veririm\u2026<br \/>\nOkumaya, g\u00f6rd\u00fcm Yahudi ile Arap aras\u0131ndaki fark\u0131, hayat tarz\u0131(!)<\/p>\n<p>K\u0131zm\u0131yorum cahil diye, ben kimim ki?<br \/>\nK\u0131z\u0131yorum\u2026<br \/>\n\u00d6\u011frenmiyor, gayret g\u00f6stermiyor diye\u2026<br \/>\nBen\u2026<br \/>\nGidip Filistinliler yan\u0131nda veya herhangi birisinin yan\u0131nda benim meselem olmayan bir konuda kur\u015fun s\u0131kmazd\u0131m. YAPMAM YANI\u2026<br \/>\nHangi din karde\u015fli\u011finden bahis ediyorsun sen?<br \/>\nUlan\u2026<br \/>\nKar\u0131nda\u015f, ayni baba ve anadan dogma iki insan \u201ckarde\u015f\u201d olam\u0131yor da dinen mi karde\u015f olaca\u011f\u0131z???<\/p>\n<p>Her koyun neticede kendi baca\u011f\u0131ndan as\u0131l\u0131r!<\/p>\n<p>Ben olsam\u2026<br \/>\n\u0130mk\u00e2n\u0131m olsa\u2026<br \/>\nBu iki toplumun aras\u0131n\u0131 bulmak i\u00e7in yeri \u2013 g\u00f6\u011f\u00fc birbirine katard\u0131m\u2026<br \/>\nDe\u011fil ki bir tarafa yana\u015f\u0131p di\u011ferine kur\u015fun s\u0131kay\u0131m\u2026<br \/>\nEvet, bu bir ger\u00e7ek\u2026<br \/>\nBat\u0131n\u0131n \u015f\u0131mar\u0131k \u00e7ocuklar\u0131 Yahudiler, \u00e7ektirenin vicdan azab\u0131ndan fazlaca faydaland\u0131lar\u2026<br \/>\n\u00c7ok \u00e7ektiler. \u00d6zlemde\u2026<br \/>\n\u00d6zlemin ne demek oldu\u011funu gel sen bana sor\u2026<br \/>\nHAKLARI o topraklara d\u00f6n\u00fcp ya\u015famak AMA orada ya\u015fayanlar\u0131 da ya\u015fad\u0131klar\u0131 yerlerden kovma gibi bir hakka sahip de\u011filler. Kald\u0131 ki\u2026<br \/>\nKud\u00fcs\u2026<br \/>\nKutsal bir mek\u00e2n, t\u00fcm \u0130brani dinlerin ortak kutsal\u0131\u2026<br \/>\nK\u0131zm\u0131yorum ne o taraf\u0131n ne bu taraf\u0131n halk\u0131na, k\u0131zamam\u2026<br \/>\nOnlar\u0131n ne g\u00f6revi ne vazifesi bunlar\u0131 bilip, d\u00fc\u015f\u00fcnmek\u2026<br \/>\nAMA k\u0131zar\u0131m s\u00f6zde y\u00f6neticilere, davet etmek isterim onlar\u0131 uzla\u015fmaya!<\/p>\n<p>Resimli oldu\u011fu i\u00e7in al\u0131nt\u0131 yapm\u0131yorum\u2026<br \/>\n3.8.14 g\u00fcn\u00fc yazm\u0131\u015f Soner Bey:<\/p>\n<p><a href=\"https:\/\/www.sozcu.com.tr\/2014\/yazarlar\/soner-yalcin\/filistinin-devrimci-turk-fedaileri-569500\/\" rel=\"noopener\" target=\"_blank\">oku<\/a><\/p>\n","protected":false},"excerpt":{"rendered":"<p>Konu\u015fuyorsun karde\u015fim, sadece konu\u015fuyorsun\u2026 \u0130nsan\u0131n a\u011fz\u0131 torba de\u011fil ki b\u00fczesin! Tabii\u2026 Benim \u015fahsi g\u00f6r\u00fc\u015f\u00fcm, belki\u2026 \u00d6mr\u00fcm b\u00f6yle ge\u00e7ti\u011fi i\u00e7in, bir tek iki konu vard\u0131r taraf oldu\u011fum\u2026 Mevla\u2019m\u0131n varl\u0131\u011f\u0131 ve y\u00fcceli\u011fi\u2026 Gazi Mustafa Kemal Atat\u00fcrk dendi\u011finde TARAFIM ve BITARAF OLMAYA HAZIRIM! Bilmiyordum\u2026 Bug\u00fcn senden \u00f6\u011frendim, rahmetli Deniz Gezmi\u015f\u2026 Filistin\u2019e gitmi\u015f\u2026 Ger\u00e7ekten, y\u00fcrekten, sonsuz bir sayg\u0131m var &hellip; <\/p>\n<p class=\"link-more\"><a href=\"http:\/\/wordpress.gurbuz.net\/?p=9396\" class=\"more-link\"><span class=\"screen-reader-text\">\u201eK nokta K nokta\u201c<\/span> weiterlesen<\/a><\/p>\n","protected":false},"author":1,"featured_media":0,"comment_status":"open","ping_status":"open","sticky":false,"template":"","format":"standard","meta":[],"categories":[1],"tags":[],"_links":{"self":[{"href":"http:\/\/wordpress.gurbuz.net\/index.php?rest_route=\/wp\/v2\/posts\/9396"}],"collection":[{"href":"http:\/\/wordpress.gurbuz.net\/index.php?rest_route=\/wp\/v2\/posts"}],"about":[{"href":"http:\/\/wordpress.gurbuz.net\/index.php?rest_route=\/wp\/v2\/types\/post"}],"author":[{"embeddable":true,"href":"http:\/\/wordpress.gurbuz.net\/index.php?rest_route=\/wp\/v2\/users\/1"}],"replies":[{"embeddable":true,"href":"http:\/\/wordpress.gurbuz.net\/index.php?rest_route=%2Fwp%2Fv2%2Fcomments&post=9396"}],"version-history":[{"count":3,"href":"http:\/\/wordpress.gurbuz.net\/index.php?rest_route=\/wp\/v2\/posts\/9396\/revisions"}],"predecessor-version":[{"id":9399,"href":"http:\/\/wordpress.gurbuz.net\/index.php?rest_route=\/wp\/v2\/posts\/9396\/revisions\/9399"}],"wp:attachment":[{"href":"http:\/\/wordpress.gurbuz.net\/index.php?rest_route=%2Fwp%2Fv2%2Fmedia&parent=9396"}],"wp:term":[{"taxonomy":"category","embeddable":true,"href":"http:\/\/wordpress.gurbuz.net\/index.php?rest_route=%2Fwp%2Fv2%2Fcategories&post=9396"},{"taxonomy":"post_tag","embeddable":true,"href":"http:\/\/wordpress.gurbuz.net\/index.php?rest_route=%2Fwp%2Fv2%2Ftags&post=9396"}],"curies":[{"name":"wp","href":"https:\/\/api.w.org\/{rel}","templated":true}]}}