{"id":9268,"date":"2018-05-12T06:12:56","date_gmt":"2018-05-12T06:12:56","guid":{"rendered":"http:\/\/wordpress.gurbuz.net\/?p=9268"},"modified":"2018-05-12T06:12:56","modified_gmt":"2018-05-12T06:12:56","slug":"mutlaka-oku-3","status":"publish","type":"post","link":"http:\/\/wordpress.gurbuz.net\/?p=9268","title":{"rendered":"MUTLAKA OKU"},"content":{"rendered":"<p><strong>Para babalar\u0131na k\u0131yak, Varl\u0131k Bar\u0131\u015f\u0131!<\/strong><br \/>\n11 May\u0131s 2018 <\/p>\n<p>Yazarlar<br \/>\nSevgili okurlar\u0131m, bir \u015feyi \u00e7ok iyi ak\u0131lda tutmak gerekiyor\u2026 \u0130ktidar \u015fimdi bol keseden vaatlerde bulunup konut faizlerini indiriyor, imar aff\u0131 getiriyor, emekliye iki ikramiye, ya\u015fl\u0131l\u0131k ayl\u0131\u011f\u0131na zam, bor\u00e7lar\u0131n silinmesini ve daha nicelerini s\u0131ral\u0131yor\u2026<br \/>\nAsla unutmay\u0131n:<br \/>\nSe\u00e7im \u00f6ncesinde ka\u015f\u0131kla verdi\u011fi her \u015feyi (e\u011fer iktidarda kalmay\u0131 bir kez daha ba\u015far\u0131rsa) kep\u00e7eyle geri alacak.<br \/>\nBir verdiyse be\u015f g\u00f6t\u00fcrecek.<br \/>\nBug\u00fcn yap\u0131lan k\u0131yaklar istisnas\u0131z her vatanda\u015f\u0131n, her ailenin b\u00fct\u00e7esine yans\u0131yacak, bizlerden yeni vergi ve zamlar olarak misliyle geri al\u0131nacak\u2026<br \/>\nZira b\u00f6ylesine k\u0131yaklar\u0131 de\u011fil T\u00fcrkiye&#8217;nin, d\u00fcnyan\u0131n ekonomisi en d\u00fczg\u00fcn olan \u00fclkelerinin bile kald\u0131rmas\u0131 m\u00fcmk\u00fcn de\u011fil.<br \/>\n* * *<br \/>\nBunlar hep panik g\u00f6stergeleri.<br \/>\nNe yapacaklar\u0131n\u0131 \u015fa\u015f\u0131rd\u0131lar\u2026<br \/>\n\u201cHele \u015fu se\u00e7imi atlatal\u0131m da sonras\u0131 Allah kerim\u201d diyorlar.<br \/>\nSize bu konuda somut bir \u00f6rnek daha vereyim. H\u00fck\u00fcmet \u015fimdi yeni bir varl\u0131k bar\u0131\u015f\u0131 daha y\u00fcr\u00fcrl\u00fc\u011fe soktu.<br \/>\nPara babalar\u0131n\u0131n yurt d\u0131\u015f\u0131nda istiflenmi\u015f olan her t\u00fcrl\u00fc paras\u0131, varl\u0131\u011f\u0131 vesairesi T\u00fcrkiye&#8217;ye getirildi\u011fi takdirde, haklar\u0131nda hi\u00e7bir yasal i\u015flem yap\u0131lmayacak.<br \/>\nYa ne olacak?<br \/>\nBunlar y\u00fczde 2 vergi \u00f6dedikleri takdirde su\u00e7lanmayacak, haklar\u0131nda yasal i\u015flem ba\u015flat\u0131lmayacak, isimleri gizli tutulacak.<br \/>\nBu paralar d\u00fcnyan\u0131n d\u00f6rt bir yan\u0131na da\u011f\u0131lm\u0131\u015f olan vergi cennetlerine ka\u00e7\u0131r\u0131lm\u0131\u015f durumda. Buralarda hesap sahiplerinin isimleri tamamen gizlidir ve hi\u00e7bir zaman a\u00e7\u0131klanmaz.<br \/>\nMan Adas\u0131, Virgin Adalar\u0131 ve di\u011ferleri gibi\u2026<br \/>\nVe kesin rakam bilinmemekle birlikte, yurt d\u0131\u015f\u0131na transfer edilen bu paralar\u0131n 30 milyar dolara ula\u015ft\u0131\u011f\u0131 tahmin ediliyor.<br \/>\n* * *<br \/>\nBu servetler yurt d\u0131\u015f\u0131na ni\u00e7in ka\u00e7\u0131r\u0131lm\u0131\u015ft\u0131r, onu da iyi bilmek gerekiyor:<br \/>\n\u2013 Kay\u0131t d\u0131\u015f\u0131, vergisi \u00f6denmemi\u015f parad\u0131r. T\u00fcrk\u00e7esi, \u00e7o\u011fu kara parad\u0131r.<br \/>\n\u2013 Uyu\u015fturucu, yasal olmayan silah ticareti, kad\u0131n ticareti, s\u0131\u011f\u0131nmac\u0131 ticareti, mafya gibi i\u015flerden kazan\u0131lm\u0131\u015f ve gizlenmek istenmi\u015ftir.<br \/>\n\u2013 T\u00fcrkiye&#8217;deki kazanc\u0131n\u0131 vergiden ka\u00e7\u0131rmak i\u00e7in.<br \/>\n\u2013 Bir \u00fclkede y\u00f6netim diktat\u00f6rlerin eline ge\u00e7mi\u015fse veya ge\u00e7mek \u00fczereyse, y\u00f6netim giderek daha bask\u0131c\u0131 olmaya ba\u015flam\u0131\u015fsa, insanlar korkuya kap\u0131l\u0131r. Bu durumda kendilerinin ve ailelerinin gelece\u011fini garanti alt\u0131na almak i\u00e7in, paralar\u0131 g\u00fcven duyduklar\u0131 yerlere ka\u00e7\u0131r\u0131rlar.<br \/>\n* * *<br \/>\nOkurum \u015eevket S\u00fcrek soruyor:<br \/>\n\u201c\u015eimdi s\u00f6zde bir varl\u0131k bar\u0131\u015f\u0131 daha ilan ettiler ama giden paralar T\u00fcrkiye&#8217;ye kal\u0131c\u0131 olarak gelir mi?\u201d<br \/>\nSorusuna yan\u0131t\u0131 da kendisi veriyor:<br \/>\n\u201cHay\u0131r, paralar hangi nedenlerle gitmi\u015fse, bu korkular devam etti\u011fi s\u00fcrece, ayn\u0131 nedenle gelmez!\u201d<br \/>\n* * *<br \/>\nBu iktidar\u0131n ilgin\u00e7 (!) bir uygulamas\u0131 daha var ki, \u00e7o\u011fumuz bilmeyiz.<br \/>\nBunlar, bundan \u00f6nce de \u00e7e\u015fitli zamanlarda \u201cVarl\u0131k bar\u0131\u015flar\u0131\u201d ilan edip uygulama ba\u015flatm\u0131\u015ft\u0131.<br \/>\nPeki ne zaman?<br \/>\n\u00d6rne\u011fin 2008, 2013, 2016 y\u0131llar\u0131nda se\u00e7imler ve referandumlar \u00f6ncesinde!<br \/>\nO zamanlarda ufak tefek paralar d\u00f6nm\u00fc\u015f, ancak \u00f6zellikle kara paralar yurt d\u0131\u015f\u0131nda kalm\u0131\u015ft\u0131.<br \/>\n\u015eimdi umutlar\u0131 yeniden bu paralarda!<br \/>\nFakat gelin g\u00f6r\u00fcn ki, anla\u015f\u0131ld\u0131\u011f\u0131 kadar\u0131yla bu \u00e7a\u011fr\u0131lar\u0131 fazla dikkate alan pek yok ki, vergiyi y\u00fczde 2&#8217;ye d\u00fc\u015f\u00fcrd\u00fcler!<br \/>\nB\u00fct\u00fcn bunlardan \u00e7\u0131kan sonu\u00e7 \u015fudur:<br \/>\nTarzan zor durumda!.. Hazine neredeyse s\u0131f\u0131r\u0131 t\u00fcketmi\u015f, bir dolardan bile medet umar olmu\u015f.<br \/>\n\u0130\u015fte bu y\u00fczden Saray&#8217;da acil ekonomi toplant\u0131lar\u0131 yap\u0131l\u0131yor, \u00e7\u0131k\u0131\u015f yolu aran\u0131yor!<br \/>\nEkonomi dibe vurdu, panik devam ediyor.<br \/>\nKAMU \u00c7ALI\u015eANI ANLATIYOR<br \/>\nD\u00fcn ald\u0131\u011f\u0131m bir mektubu k\u0131saltarak ve yazan\u0131n ismini gizleyerek sizlere iletiyorum:<br \/>\n\u201cSe\u00e7im s\u00fcreci ba\u015flayana kadar bizim g\u00f6revimiz m\u00fcmk\u00fcn oldu\u011fu kadar fazla haciz i\u015flemi yap\u0131p devlete gelir sa\u011flamakt\u0131. G\u00fcnde en az 10 e-haciz yapmazsak amirlerimizden azar i\u015fitirdik.<br \/>\nSe\u00e7im karar\u0131 al\u0131n\u0131nca devlette yeni bir uygulama ba\u015flat\u0131ld\u0131.<br \/>\nErtesi g\u00fcn yaz\u0131l\u0131 olmayan hiyerar\u015fik bir \u015fekilde talimatlar ba\u015flat\u0131ld\u0131:<br \/>\nHacizler ikinci bir emre kadar yap\u0131lmayacak!<br \/>\nSat\u0131\u015flar ikinci bir emre kadar uygulanmayacak!<br \/>\n\u00d6deme emirlerini de g\u00f6nderemiyoruz.<br \/>\nBu kararlar belli ki\u015filerin, \u00f6zellikle b\u00fcy\u00fck i\u015f adamlar\u0131n\u0131n \u00e7\u0131karlar\u0131 do\u011frultusunda al\u0131n\u0131yor.<br \/>\nSe\u00e7im kampanyas\u0131na bizim de alet edilmemiz insan\u0131n kan\u0131na dokunuyor ama yapacak bir \u015fey yok. Bask\u0131dan nefes alam\u0131yoruz.<br \/>\nBu anlatt\u0131klar\u0131m konusunda elbette ki yaz\u0131l\u0131 belgeler yok. Sadece m\u00fcd\u00fcrlerden memurlara uzanan s\u00f6zl\u00fc talimatlard\u0131r.<br \/>\nKimsenin korkudan sesi \u00e7\u0131km\u0131yor. L\u00fctfen bu konuyu g\u00fcndeme ta\u015f\u0131y\u0131n da vatanda\u015f\u0131m\u0131z g\u00f6rs\u00fcn. Sanmas\u0131n ki kendisine dokunulmayacak\u2026 \u00c7\u00fcnk\u00fc bunlar bir se\u00e7im oyunu. Se\u00e7im bitince her \u015fey eskisine d\u00f6necek, vatanda\u015f ger\u00e7ekleri o zaman anlayacak!\u201d<br \/>\n\u0130\u015fte size varl\u0131k bar\u0131\u015f\u0131 komedisinden, se\u00e7im \u00f6ncesinde hacizlerin durdurulmas\u0131na uzanan k\u0131sac\u0131k bir T\u00fcrkiye tablosu.<br \/>\nEvet, panikteler.  <\/p>\n<p>https:\/\/www.sozcu.com.tr\/2018\/yazarlar\/emin-colasan\/para-babalarina-kiyak-varlik-barisi-2400541\/?utm_source=yazarlar&#038;utm_campaign=diger_yazilar&#038;utm_medium=diger<\/p>\n","protected":false},"excerpt":{"rendered":"<p>Para babalar\u0131na k\u0131yak, Varl\u0131k Bar\u0131\u015f\u0131! 11 May\u0131s 2018 Yazarlar Sevgili okurlar\u0131m, bir \u015feyi \u00e7ok iyi ak\u0131lda tutmak gerekiyor\u2026 \u0130ktidar \u015fimdi bol keseden vaatlerde bulunup konut faizlerini indiriyor, imar aff\u0131 getiriyor, emekliye iki ikramiye, ya\u015fl\u0131l\u0131k ayl\u0131\u011f\u0131na zam, bor\u00e7lar\u0131n silinmesini ve daha nicelerini s\u0131ral\u0131yor\u2026 Asla unutmay\u0131n: Se\u00e7im \u00f6ncesinde ka\u015f\u0131kla verdi\u011fi her \u015feyi (e\u011fer iktidarda kalmay\u0131 bir kez &hellip; <\/p>\n<p class=\"link-more\"><a href=\"http:\/\/wordpress.gurbuz.net\/?p=9268\" class=\"more-link\"><span class=\"screen-reader-text\">\u201eMUTLAKA OKU\u201c<\/span> weiterlesen<\/a><\/p>\n","protected":false},"author":1,"featured_media":0,"comment_status":"open","ping_status":"open","sticky":false,"template":"","format":"standard","meta":[],"categories":[1],"tags":[],"_links":{"self":[{"href":"http:\/\/wordpress.gurbuz.net\/index.php?rest_route=\/wp\/v2\/posts\/9268"}],"collection":[{"href":"http:\/\/wordpress.gurbuz.net\/index.php?rest_route=\/wp\/v2\/posts"}],"about":[{"href":"http:\/\/wordpress.gurbuz.net\/index.php?rest_route=\/wp\/v2\/types\/post"}],"author":[{"embeddable":true,"href":"http:\/\/wordpress.gurbuz.net\/index.php?rest_route=\/wp\/v2\/users\/1"}],"replies":[{"embeddable":true,"href":"http:\/\/wordpress.gurbuz.net\/index.php?rest_route=%2Fwp%2Fv2%2Fcomments&post=9268"}],"version-history":[{"count":2,"href":"http:\/\/wordpress.gurbuz.net\/index.php?rest_route=\/wp\/v2\/posts\/9268\/revisions"}],"predecessor-version":[{"id":9270,"href":"http:\/\/wordpress.gurbuz.net\/index.php?rest_route=\/wp\/v2\/posts\/9268\/revisions\/9270"}],"wp:attachment":[{"href":"http:\/\/wordpress.gurbuz.net\/index.php?rest_route=%2Fwp%2Fv2%2Fmedia&parent=9268"}],"wp:term":[{"taxonomy":"category","embeddable":true,"href":"http:\/\/wordpress.gurbuz.net\/index.php?rest_route=%2Fwp%2Fv2%2Fcategories&post=9268"},{"taxonomy":"post_tag","embeddable":true,"href":"http:\/\/wordpress.gurbuz.net\/index.php?rest_route=%2Fwp%2Fv2%2Ftags&post=9268"}],"curies":[{"name":"wp","href":"https:\/\/api.w.org\/{rel}","templated":true}]}}