{"id":9261,"date":"2018-05-11T13:31:12","date_gmt":"2018-05-11T13:31:12","guid":{"rendered":"http:\/\/wordpress.gurbuz.net\/?p=9261"},"modified":"2018-05-11T13:31:12","modified_gmt":"2018-05-11T13:31:12","slug":"benim-iddia-ettiklerimi-birde-sayin-bekir-coskundan-okuyun-aklin-yolu-bir","status":"publish","type":"post","link":"http:\/\/wordpress.gurbuz.net\/?p=9261","title":{"rendered":"Benim iddia ettiklerimi birde Say\u0131n Bekir Co\u015fkun\u2019dan okuyun. Akl\u0131n yolu bir!"},"content":{"rendered":"<p><strong>Muharrem \u0130nce\u2019yi pufa oturtmad\u0131\u011f\u0131na \u015f\u00fck\u00fcr<\/strong><\/p>\n<p>Muharrem \u0130nce&#8217;yi \u00fc\u00e7l\u00fc kanepeye oturtup, kendisinin saraydan getirilen varak saltanat koltu\u011funa oturmas\u0131na bak\u0131yorum\u2026<br \/>\nNormalde ecdat gelene\u011finde se\u00e7im-me\u00e7im yoktu\u2026<br \/>\n*<br \/>\nl. Sultan Osman; amcas\u0131n\u0131 \u00f6ld\u00fcrtt\u00fc, oturdu\u2026<br \/>\nI. Murat; hem amcas\u0131n\u0131 hem karde\u015fleri Mahmut ve Yusuf&#8217;u \u00f6ld\u00fcrtt\u00fc\u2026<br \/>\nFatih Sultan Mehmet; 6 ayl\u0131k karde\u015fini \u00f6ld\u00fcrtt\u00fc\u2026<br \/>\nII. Beyaz\u0131t; Rodos \u015f\u00f6valyelerine s\u0131\u011f\u0131nan karde\u015fi Cem Sultan&#8217;\u0131, bir berber g\u00f6ndererek kald\u0131\u011f\u0131 \u015fatoda zehirleterek \u00f6ld\u00fcrtt\u00fc\u2026<br \/>\nYavuz Sultan Selim; karde\u015flerini ve t\u00fcm ye\u011fenlerini \u00f6ld\u00fcrtt\u00fc\u2026<br \/>\nKanuni Sultan S\u00fcleyman; o\u011flu Mustafa&#8217;y\u0131, kar\u0131s\u0131n\u0131, torununu ve kar\u0131s\u0131n\u0131n t\u00fcm akrabalar\u0131n\u0131 \u00f6ld\u00fcrtt\u00fc\u2026<br \/>\nII. Selim; can\u0131n\u0131 kurtarmak i\u00e7in \u0130ran&#8217;a ka\u00e7an karde\u015fi Beyaz\u0131t&#8217;\u0131 getirtti, t\u00fcm \u00e7ocuklar\u0131 ve ailesiyle birlikte \u00f6ld\u00fcrtt\u00fc\u2026<br \/>\nIII. Murat; tahta oturur oturmaz daha siftah, alt\u0131 karde\u015fini \u00f6ld\u00fcrtt\u00fc\u2026 130 cariyeden 112 \u00e7ocu\u011fu olmu\u015ftu, \u00e7ocuklar daha do\u011far do\u011fmaz anneleri ile birlikte \u00f6ld\u00fcr\u00fcyorlard\u0131\u2026 III. Murat \u00f6ld\u00fc\u011f\u00fc gece hamile b\u0131rakt\u0131\u011f\u0131 10 cariyenin ayaklar\u0131na ta\u015f ba\u011flanarak Sarayburnu&#8217;nda denize at\u0131ld\u0131lar\u2026<br \/>\nIII. Mehmet; tahta \u00e7\u0131kt\u0131\u011f\u0131 g\u00fcn\u00fcn gecesi o\u011flunu ve 19 karde\u015fini \u00f6ld\u00fcrtt\u00fc\u2026<br \/>\nIV. Murat; 3 karde\u015fini \u00f6ld\u00fcrtt\u00fc\u2026<br \/>\n*<br \/>\nOraya oturma ihtimali olan herkesi halledince, kimse kalmad\u0131\u011f\u0131 i\u00e7in haliyle ne oluyor, sen oturuyorsun\u2026<br \/>\n*<br \/>\nK\u0131sacas\u0131 bu arkada\u015flar\u0131n bay\u0131ld\u0131klar\u0131 ecdat gelene\u011finde; uzla\u015f\u0131, ho\u015fg\u00f6r\u00fc, tahamm\u00fcl, payla\u015f\u0131m, ba\u015fka g\u00f6r\u00fc\u015fe sayg\u0131 yoktur\u2026<br \/>\nMuharrem \u0130nce&#8217;yi pufa oturtmad\u0131\u011f\u0131na \u015f\u00fckredin\u2026<br \/>\n*<br \/>\nAs\u0131l sorun duygular\u0131nda demokrasi olmad\u0131\u011f\u0131 i\u00e7in, iktidar\u0131 demokratik yolla devretmek de yoktur\u2026<br \/>\nDemokrasi ile gelirler, ama demokrasi ile gitmezler\u2026<br \/>\n*<br \/>\nPeki ya siz\u2026<br \/>\nPadi\u015fah\u0131n \u201cSe\u00e7imi kaybettik, buyurun saraydaki koltukta siz oturun\u201d diyece\u011fine inan\u0131yor musunuz?..<br \/>\n\u0130\u015fimiz zor ama saltanattan sonra cumhuriyet gelir.<\/p>\n<p>https:\/\/www.sozcu.com.tr\/2018\/yazarlar\/bekir-coskun\/muharrem-inceyi-pufa-oturtmadigina-sukur-2400514\/<\/p>\n","protected":false},"excerpt":{"rendered":"<p>Muharrem \u0130nce\u2019yi pufa oturtmad\u0131\u011f\u0131na \u015f\u00fck\u00fcr Muharrem \u0130nce&#8217;yi \u00fc\u00e7l\u00fc kanepeye oturtup, kendisinin saraydan getirilen varak saltanat koltu\u011funa oturmas\u0131na bak\u0131yorum\u2026 Normalde ecdat gelene\u011finde se\u00e7im-me\u00e7im yoktu\u2026 * l. Sultan Osman; amcas\u0131n\u0131 \u00f6ld\u00fcrtt\u00fc, oturdu\u2026 I. Murat; hem amcas\u0131n\u0131 hem karde\u015fleri Mahmut ve Yusuf&#8217;u \u00f6ld\u00fcrtt\u00fc\u2026 Fatih Sultan Mehmet; 6 ayl\u0131k karde\u015fini \u00f6ld\u00fcrtt\u00fc\u2026 II. Beyaz\u0131t; Rodos \u015f\u00f6valyelerine s\u0131\u011f\u0131nan karde\u015fi Cem Sultan&#8217;\u0131, &hellip; <\/p>\n<p class=\"link-more\"><a href=\"http:\/\/wordpress.gurbuz.net\/?p=9261\" class=\"more-link\"><span class=\"screen-reader-text\">\u201eBenim iddia ettiklerimi birde Say\u0131n Bekir Co\u015fkun\u2019dan okuyun. Akl\u0131n yolu bir!\u201c<\/span> weiterlesen<\/a><\/p>\n","protected":false},"author":1,"featured_media":0,"comment_status":"open","ping_status":"open","sticky":false,"template":"","format":"standard","meta":[],"categories":[1],"tags":[],"_links":{"self":[{"href":"http:\/\/wordpress.gurbuz.net\/index.php?rest_route=\/wp\/v2\/posts\/9261"}],"collection":[{"href":"http:\/\/wordpress.gurbuz.net\/index.php?rest_route=\/wp\/v2\/posts"}],"about":[{"href":"http:\/\/wordpress.gurbuz.net\/index.php?rest_route=\/wp\/v2\/types\/post"}],"author":[{"embeddable":true,"href":"http:\/\/wordpress.gurbuz.net\/index.php?rest_route=\/wp\/v2\/users\/1"}],"replies":[{"embeddable":true,"href":"http:\/\/wordpress.gurbuz.net\/index.php?rest_route=%2Fwp%2Fv2%2Fcomments&post=9261"}],"version-history":[{"count":1,"href":"http:\/\/wordpress.gurbuz.net\/index.php?rest_route=\/wp\/v2\/posts\/9261\/revisions"}],"predecessor-version":[{"id":9262,"href":"http:\/\/wordpress.gurbuz.net\/index.php?rest_route=\/wp\/v2\/posts\/9261\/revisions\/9262"}],"wp:attachment":[{"href":"http:\/\/wordpress.gurbuz.net\/index.php?rest_route=%2Fwp%2Fv2%2Fmedia&parent=9261"}],"wp:term":[{"taxonomy":"category","embeddable":true,"href":"http:\/\/wordpress.gurbuz.net\/index.php?rest_route=%2Fwp%2Fv2%2Fcategories&post=9261"},{"taxonomy":"post_tag","embeddable":true,"href":"http:\/\/wordpress.gurbuz.net\/index.php?rest_route=%2Fwp%2Fv2%2Ftags&post=9261"}],"curies":[{"name":"wp","href":"https:\/\/api.w.org\/{rel}","templated":true}]}}