{"id":9235,"date":"2018-05-10T18:30:22","date_gmt":"2018-05-10T18:30:22","guid":{"rendered":"http:\/\/wordpress.gurbuz.net\/?p=9235"},"modified":"2018-05-10T18:31:39","modified_gmt":"2018-05-10T18:31:39","slug":"haktir-bu-insanlara-hak","status":"publish","type":"post","link":"http:\/\/wordpress.gurbuz.net\/?p=9235","title":{"rendered":"Hakt\u0131r bu insanlara hak"},"content":{"rendered":"<p>Yok ya ger\u00e7ekten hak\u2026<br \/>\nBak Amerika\u2019ya, s\u00f6zde i\u0219 adam\u0131, devlet i\u015fyeri, ticarethane mi?<br \/>\nEnflasyon son bir senede \u00e7\u0131kmad\u0131\u011f\u0131 kadar artm\u0131\u015f\u2026<br \/>\nIsrail \u2013 Iran aras\u0131nda \u00e7at\u0131\u015fma, yine, taze \u2013 taze, ceremesi t\u00fcm d\u00fcnyaya\u2026<br \/>\nAraban\u0131n deposunu doldurabilene a\u015fk olsun\u2026<br \/>\n\u201cBizim\u201d adi h\u0131rs\u0131z, laf ebesi\u2026<br \/>\nAlmanya ya Almanya, binlerce insan sokaklarda\u2026<br \/>\nYok\u2026<br \/>\nKatoliklerin geleneksel toplant\u0131s\u0131 de\u011fil, 101. ger\u00e7ekle\u015fti, d\u00fcnyada bar\u0131\u015f \u00e7a\u011fr\u0131s\u0131\u2026<br \/>\nYok, yok Bavyera\u2019y\u0131 kast ediyorum. Eyalet h\u00fck\u00fcmeti bizde oldu\u011fu gibi polise olmad\u0131k haklar verdi\u2026<br \/>\nMillet ayakta, gerek\u00e7e s\u00f6zde g\u00fcvence. Maksat vatanda\u015flar\u0131n daha s\u0131k\u0131 denetlenebilmesi\u2026<br \/>\n\u00c7ok say\u0131da sesiz \u015feytan buralarda da\u2026<br \/>\nHak ya hak, kurunun yan\u0131nda ya\u015fta yanmasa!<\/p>\n","protected":false},"excerpt":{"rendered":"<p>Yok ya ger\u00e7ekten hak\u2026 Bak Amerika\u2019ya, s\u00f6zde i\u0219 adam\u0131, devlet i\u015fyeri, ticarethane mi? Enflasyon son bir senede \u00e7\u0131kmad\u0131\u011f\u0131 kadar artm\u0131\u015f\u2026 Israil \u2013 Iran aras\u0131nda \u00e7at\u0131\u015fma, yine, taze \u2013 taze, ceremesi t\u00fcm d\u00fcnyaya\u2026 Araban\u0131n deposunu doldurabilene a\u015fk olsun\u2026 \u201cBizim\u201d adi h\u0131rs\u0131z, laf ebesi\u2026 Almanya ya Almanya, binlerce insan sokaklarda\u2026 Yok\u2026 Katoliklerin geleneksel toplant\u0131s\u0131 de\u011fil, 101. ger\u00e7ekle\u015fti, &hellip; <\/p>\n<p class=\"link-more\"><a href=\"http:\/\/wordpress.gurbuz.net\/?p=9235\" class=\"more-link\"><span class=\"screen-reader-text\">\u201eHakt\u0131r bu insanlara hak\u201c<\/span> weiterlesen<\/a><\/p>\n","protected":false},"author":1,"featured_media":0,"comment_status":"open","ping_status":"open","sticky":false,"template":"","format":"standard","meta":[],"categories":[1],"tags":[],"_links":{"self":[{"href":"http:\/\/wordpress.gurbuz.net\/index.php?rest_route=\/wp\/v2\/posts\/9235"}],"collection":[{"href":"http:\/\/wordpress.gurbuz.net\/index.php?rest_route=\/wp\/v2\/posts"}],"about":[{"href":"http:\/\/wordpress.gurbuz.net\/index.php?rest_route=\/wp\/v2\/types\/post"}],"author":[{"embeddable":true,"href":"http:\/\/wordpress.gurbuz.net\/index.php?rest_route=\/wp\/v2\/users\/1"}],"replies":[{"embeddable":true,"href":"http:\/\/wordpress.gurbuz.net\/index.php?rest_route=%2Fwp%2Fv2%2Fcomments&post=9235"}],"version-history":[{"count":3,"href":"http:\/\/wordpress.gurbuz.net\/index.php?rest_route=\/wp\/v2\/posts\/9235\/revisions"}],"predecessor-version":[{"id":9238,"href":"http:\/\/wordpress.gurbuz.net\/index.php?rest_route=\/wp\/v2\/posts\/9235\/revisions\/9238"}],"wp:attachment":[{"href":"http:\/\/wordpress.gurbuz.net\/index.php?rest_route=%2Fwp%2Fv2%2Fmedia&parent=9235"}],"wp:term":[{"taxonomy":"category","embeddable":true,"href":"http:\/\/wordpress.gurbuz.net\/index.php?rest_route=%2Fwp%2Fv2%2Fcategories&post=9235"},{"taxonomy":"post_tag","embeddable":true,"href":"http:\/\/wordpress.gurbuz.net\/index.php?rest_route=%2Fwp%2Fv2%2Ftags&post=9235"}],"curies":[{"name":"wp","href":"https:\/\/api.w.org\/{rel}","templated":true}]}}