{"id":88747,"date":"2022-02-26T17:55:29","date_gmt":"2022-02-26T17:55:29","guid":{"rendered":"http:\/\/wordpress.gurbuz.net\/?p=88747"},"modified":"2022-02-26T18:27:20","modified_gmt":"2022-02-26T18:27:20","slug":"soez-ettigim-silahlardan-biri","status":"publish","type":"post","link":"http:\/\/wordpress.gurbuz.net\/?p=88747","title":{"rendered":"S\u00f6z etti\u011fim silahlardan biri"},"content":{"rendered":"<p>G\u00fcne\u015ften daha s\u0131cak diyorlar\u2026<br \/>\nAte\u015f sa\u00e7ar\u2026<br \/>\nOfff \u00f6l\u00fcmlerin en korkun\u00e7lar\u0131ndan biri\u2026<br \/>\nAyr\u0131ca hava \u00fcst\u00fcnl\u00fc\u011f\u00fc, havadan bombard\u0131man\u2026<br \/>\nBunlar\u0131 \u015fimdiye kadar yapmad\u0131. Uzaktan top ate\u015fi\u2026<br \/>\nBa\u015fkente mesela, yapmadi.<\/p>\n<p>Ve EVET\u2026<br \/>\nTankLAR, kokteyller\u2026<br \/>\nDIKKAT DIKKAT DIKKAT\u2026<br \/>\nYay\u0131nlam\u0131\u015ft\u0131m \u00e7ok \u00f6ncesi, hani tank gerisi\u2026<br \/>\nHani resmini, hat\u0131rla. IMA\u2026<br \/>\nMotorun oldu\u011fu yer.<\/p>\n<p>Israil \u2013 Filistin\u2026<br \/>\nHat\u0131rlad\u0131n m\u0131?<br \/>\nElektrikli s\u00fcp\u00fcrge meselesini?<\/p>\n<p><strong>ACABA\u2026<br \/>\nYay\u0131nlasam mi Ukraynal\u0131lar i\u00e7in\u2026<br \/>\n&#8222;Yunan ate\u015fi form\u00fcl\u00fcn\u00fc&#8220;<br \/>\nHani \u201cNapalm\u201d<\/strong><\/p>\n<p>Ancak\u2026<br \/>\nSenin okudu\u011funu herkes okuyabilir\u2026<br \/>\nANLA\u2026<br \/>\nPKK falan, it\u2026<br \/>\nK\u00d6PEK!<\/p>\n","protected":false},"excerpt":{"rendered":"<p>G\u00fcne\u015ften daha s\u0131cak diyorlar\u2026 Ate\u015f sa\u00e7ar\u2026 Offf \u00f6l\u00fcmlerin en korkun\u00e7lar\u0131ndan biri\u2026 Ayr\u0131ca hava \u00fcst\u00fcnl\u00fc\u011f\u00fc, havadan bombard\u0131man\u2026 Bunlar\u0131 \u015fimdiye kadar yapmad\u0131. Uzaktan top ate\u015fi\u2026 Ba\u015fkente mesela, yapmadi. Ve EVET\u2026 TankLAR, kokteyller\u2026 DIKKAT DIKKAT DIKKAT\u2026 Yay\u0131nlam\u0131\u015ft\u0131m \u00e7ok \u00f6ncesi, hani tank gerisi\u2026 Hani resmini, hat\u0131rla. IMA\u2026 Motorun oldu\u011fu yer. Israil \u2013 Filistin\u2026 Hat\u0131rlad\u0131n m\u0131? Elektrikli s\u00fcp\u00fcrge meselesini? ACABA\u2026 &hellip; <\/p>\n<p class=\"link-more\"><a href=\"http:\/\/wordpress.gurbuz.net\/?p=88747\" class=\"more-link\"><span class=\"screen-reader-text\">\u201eS\u00f6z etti\u011fim silahlardan biri\u201c<\/span> weiterlesen<\/a><\/p>\n","protected":false},"author":1,"featured_media":0,"comment_status":"open","ping_status":"open","sticky":false,"template":"","format":"standard","meta":[],"categories":[1],"tags":[],"_links":{"self":[{"href":"http:\/\/wordpress.gurbuz.net\/index.php?rest_route=\/wp\/v2\/posts\/88747"}],"collection":[{"href":"http:\/\/wordpress.gurbuz.net\/index.php?rest_route=\/wp\/v2\/posts"}],"about":[{"href":"http:\/\/wordpress.gurbuz.net\/index.php?rest_route=\/wp\/v2\/types\/post"}],"author":[{"embeddable":true,"href":"http:\/\/wordpress.gurbuz.net\/index.php?rest_route=\/wp\/v2\/users\/1"}],"replies":[{"embeddable":true,"href":"http:\/\/wordpress.gurbuz.net\/index.php?rest_route=%2Fwp%2Fv2%2Fcomments&post=88747"}],"version-history":[{"count":4,"href":"http:\/\/wordpress.gurbuz.net\/index.php?rest_route=\/wp\/v2\/posts\/88747\/revisions"}],"predecessor-version":[{"id":88757,"href":"http:\/\/wordpress.gurbuz.net\/index.php?rest_route=\/wp\/v2\/posts\/88747\/revisions\/88757"}],"wp:attachment":[{"href":"http:\/\/wordpress.gurbuz.net\/index.php?rest_route=%2Fwp%2Fv2%2Fmedia&parent=88747"}],"wp:term":[{"taxonomy":"category","embeddable":true,"href":"http:\/\/wordpress.gurbuz.net\/index.php?rest_route=%2Fwp%2Fv2%2Fcategories&post=88747"},{"taxonomy":"post_tag","embeddable":true,"href":"http:\/\/wordpress.gurbuz.net\/index.php?rest_route=%2Fwp%2Fv2%2Ftags&post=88747"}],"curies":[{"name":"wp","href":"https:\/\/api.w.org\/{rel}","templated":true}]}}