{"id":8826,"date":"2018-04-27T06:20:38","date_gmt":"2018-04-27T06:20:38","guid":{"rendered":"http:\/\/wordpress.gurbuz.net\/?p=8826"},"modified":"2018-04-27T07:34:00","modified_gmt":"2018-04-27T07:34:00","slug":"kabak-meselesi","status":"publish","type":"post","link":"http:\/\/wordpress.gurbuz.net\/?p=8826","title":{"rendered":"Kabak meselesi"},"content":{"rendered":"<p>Gen\u00e7li\u011fimden, yok \u00e7ocuklu\u011fumdan beri bu b\u00f6yle diyebilirim\u2026<br \/>\nKabak\u2026<br \/>\nD\u00f6ner dola\u015f\u0131r \u00d6nderin ba\u015f\u0131na patlar!<\/p>\n<p>\u0130stedi\u011fimden, merakl\u0131s\u0131 oldu\u011fumdan de\u011fil\u2026<br \/>\nSalakl\u0131g\u0131mdan\u2026<br \/>\nMilletin aya\u011f\u0131 ta\u015fa tak\u0131l\u0131r \u00d6nder\u2026<br \/>\nAlt\u0131ndan kalkamaz bir meselenin, \u00d6nder\u2026<br \/>\n\u00d6nder, \u00d6nder, \u00d6nder\u2026<br \/>\nYeminle kendimden \u015f\u00fcphelenir oldum\u2026<br \/>\nBak yemin ediyorum, vallahi billahi \u015f\u00fcpheleniyorum\u2026<br \/>\nAcaba ben zombi, hortlak falan olabilir miyim?<br \/>\nYa y\u00fczde y\u00fcz, y\u00fczde bin be\u015f y\u00fcz \u00f6lmem gereken \u015feyler\u2026<br \/>\nBir, iki, \u00fc\u00e7, be\u015f de\u011fil ki\u2026<br \/>\nGeberemedim gitti, \u00f6lmek bilmiyorum!!!<\/p>\n<p>D\u00fcn evlat yana yak\u0131la beni ar\u0131yor\u2026<br \/>\n\u201cBaba\u2026\u201d, efendim o\u011flum?<br \/>\n\u201cHat\u0131rl\u0131yor musun hani seninle bir k\u0131z\u0131 ald\u0131k K\u00f6ln\u2019e mitinge gitmi\u015ftik (hat\u0131rlad\u0131\u011f\u0131m kadar\u0131yla bir PKK mitingi, izlemeye. \u00c7ocuklara hem siyasetten birtak\u0131m \u015feyler \u00f6\u011fretmeye hem kendim g\u00f6rmek istedim. SADECE IZLEYICI, onlarla g\u00f6r\u00fc\u015f birli\u011fi yapt\u0131\u011f\u0131m i\u00e7in de\u011fil!) O k\u0131z\u0131n erkek arkada\u015f\u0131 arad\u0131 beni\u201d<br \/>\nEee?<br \/>\n\u201cPr\u00e4vention gegen Radikalismus, kursu varm\u0131\u015f, sonunda sertifika vereceklermi\u015f. Bende gidip O sertifikay\u0131 alsam m\u0131?\u201d<br \/>\nO\u011flum, \u00f6n\u00fcndeki 3-5 sene i\u00e7in sana gerekecek her t\u00fcrl\u00fc e\u011fitim f\u0131rsat\u0131ndan yararlan AMA\u2026<br \/>\nS\u00f6z\u00fcm\u00fc kesti \u201cGen\u00e7lere y\u00f6nelik \u00e7al\u0131\u015faca\u011f\u0131m\u2026\u201d<br \/>\n\u00c7ocu\u011fum, \u00e7ok g\u00fczel bir \u015fey, takdir eder desteklerim seni ama o\u011flum bu t\u00fcr \u00e7ocuklar sorunlu oluyor, hele fanatikler ile u\u011fra\u015fmas\u0131n, ba\u015f\u0131na, ba\u015f\u0131m\u0131za i\u015f al\u0131r\u0131z!!!<br \/>\nMimlendin mi bir kere, \u00e7\u0131kt\u0131 m\u0131 ad\u0131n KURTULAMAZSIN&#8230;<br \/>\nAd\u0131m \u00e7\u0131km\u0131\u015f dokuza, inmez sekize.<\/p>\n<p>\u00d6\u011fleden sonra gittim kahve almaya\u2026<br \/>\n\u201cA\u011fabey, hani bir yere gidecektin, bir \u015feyler yapacakt\u0131n, yapt\u0131n mi?!\u201d<br \/>\nYeminle intihar edece\u011fim\u2026<br \/>\nTamamen akl\u0131mdan \u00e7\u0131kt\u0131, imtihan!!!<\/p>\n<p>Kad\u0131nlar\u2026<br \/>\nYok ba\u015f\u0131mdaki manyak de\u011fil, O da istiyor yay\u0131n yapmam\u0131\u2026<br \/>\nMesela direni\u015fte dirili\u015f var, mezhepler \u2013 tahrikatlar, kad\u0131n mazo\u015fizmi, LOBI, LOBILER \u00e7ok \u00f6nemli\u2026<br \/>\nBu ba\u011flamda sadece bir bilgi, Br\u00fcksel parlamentosunda bir parlamentere\u2026<br \/>\nMesela sadece Alman parlamentosunda faaliyet g\u00f6steren 706 lobiist var, Alman Parlamentosu 709 ki\u015fiden olu\u015fuyor. Br\u00fcksel Parlamentosu 751 ki\u015fi\u2026<br \/>\nDikkat\u2026<br \/>\nLobiistlerin say\u0131s\u0131 30.000!<\/p>\n<p>Bekliyorlar boya \u2013 badana, d\u00fcn yine gittim malzeme almaya\u2026<br \/>\nBa\u015flayaca\u011f\u0131m, bug\u00fcn, en ge\u00e7 yar\u0131n\u2026<br \/>\nK\u0131sadan hisse, herkesin \u00d6nderden bir beklentisi var\u2026<br \/>\n\u0130yi de\u2026<br \/>\nHAKLARI\u2026<br \/>\nBen ne olaca\u011f\u0131m?<br \/>\nBana kimse sormuyor nas\u0131ls\u0131n diye\u2026<br \/>\nHer neyse\u2026<br \/>\nBenim kaderim\u2026<br \/>\nTatl\u0131 su manya\u011f\u0131m ba\u015fta olmak \u00fczere\u2026<br \/>\nOkudum bu sabah, tesad\u00fcfen Dilara\u2019y\u0131\u2026<br \/>\n&#x1f60a;<br \/>\nBa\u015f\u0131mdakiler, Allah eksikliklerini g\u00f6stermesin\u2026<br \/>\nBen raz\u0131y\u0131m.<\/p>\n<p>Dede\u2026<br \/>\nHaber yollad\u0131\u2026<br \/>\nRoutledge\u2026<br \/>\nG\u00fczel bir kaynak\u2026<br \/>\nBEKLE!<\/p>\n<p>&#8212;<br \/>\nPDF indir ve di\u011ferleri\u2026<br \/>\nUyar\u0131m\u0131 dikkate ald\u0131\u011f\u0131n\u0131z i\u00e7in te\u015fekk\u00fcr ederim, CIDDIYIM\u2026<br \/>\nAtt\u0131rmay\u0131n \u00d6nderin tepesini\u2026<br \/>\nBu arada\u2026<br \/>\nIP\u2019ni saklasan da, gizlesen de\u2026<br \/>\nBEN G\u00d6R\u00dcR\u00dcM!<\/p>\n<p>Abartmay\u0131n yeter\u2026<br \/>\nYoksa herkes gibi maksat bilgiyse ba\u015f\u0131m\u0131n \u00fcst\u00fcnde yeriniz var\u2026<br \/>\nYok ticarete d\u00f6kerseniz, benim, dedenin s\u0131rt\u0131ndan\u2026<br \/>\nDOGDUGUNUZA PI\u015eMAN EDERIM!<br \/>\n&#8212;<\/p>\n<p><strong>Routledge History of Philosophy<\/strong> (10 cilt)<\/p>\n<p>Volume I<br \/>\nhttp:\/\/library01.com\/v\/Routledge%20History%20of%20Philosophy%20Volume%20I%20From%20the%20Beginning%20to%20Plato%20-%20C.C.W.Taylor.pdf<\/p>\n<p>Volume II<br \/>\nhttp:\/\/14.139.206.50:8080\/jspui\/bitstream\/1\/2174\/1\/Furley,%20David%20-%20Routledge%20History%20of%20Philosophy.%20From%20Aristotle%20to%20Augustine%20Volume%202%201999.pdf<\/p>\n<p>Volume III<br \/>\nhttp:\/\/citeseerx.ist.psu.edu\/viewdoc\/download?doi=10.1.1.452.727&#038;rep=rep1&#038;type=pdf<\/p>\n<p>Volume IV<br \/>\nhttp:\/\/library.aceondo.net\/ebooks\/HISTORY\/Routledge_History_of_Philosophy,_Vol._IV-_The_Renaissance_PUBLICFILE2f8d4ec69fd7_20121130215621956.pdf<\/p>\n<p>Volume V<br \/>\nhttp:\/\/library.aceondo.net\/ebooks\/HISTORY\/Routledge_History_of_Philosophy,_Volume_V-British_Empiricism_and_the_Enlightenm_20121130215621972.pdf<\/p>\n<p>Volume VI<br \/>\nhttp:\/\/library01.com\/v\/Routledge%20History%20of%20Philosophy%20Volume%20VI%20The%20Age%20of%20German%20Idealism%20-%20Robert%20C.Solomon.pdf<\/p>\n<p>Volume VII<br \/>\nhttps:\/\/the-eye.eu\/public\/WorldTracker.org\/Sociology\/Routledge%20History%20of%20Philosophy%20%5B10%20volumes%5D\/Routledge%20History%20of%20Philosophy%20Vol%2007%20The%20Nineteenth%20Century%20-%20C.%20Ten%20%281994%29%20WW.pdf<\/p>\n<p>Volume VIII<br \/>\nhttp:\/\/uwch-4.humanities.washington.edu\/Texts\/JOSH-H\/Philosophy%20Guides,%20Analysis%27%20and%20Resources%20%28ver.2%29\/Routledge\/Routledge%20History%20of%20Philosophy%20Volume%208%20-%20Continental%20Philosophy%20in%20the%2020th%20Century.pdf<\/p>\n<p>Volume IX<br \/>\nhttp:\/\/www.univpgri-palembang.ac.id\/perpus-fkip\/Perpustakaan\/Filsafat\/Sejarah%20Filsafat\/11419549-Routledge-History-of-Philosophy-Vol9-Philosophy-of-Science-Logic-and-Mathematics.pdf<\/p>\n<p>Volume X<br \/>\nhttps:\/\/danwin1210.me\/uploads\/F3thinker%20%21%20-%20The%20KEY%20to%20your%20Prison%20%21.\/VOL.%2010.pdf<\/p>\n","protected":false},"excerpt":{"rendered":"<p>Gen\u00e7li\u011fimden, yok \u00e7ocuklu\u011fumdan beri bu b\u00f6yle diyebilirim\u2026 Kabak\u2026 D\u00f6ner dola\u015f\u0131r \u00d6nderin ba\u015f\u0131na patlar! \u0130stedi\u011fimden, merakl\u0131s\u0131 oldu\u011fumdan de\u011fil\u2026 Salakl\u0131g\u0131mdan\u2026 Milletin aya\u011f\u0131 ta\u015fa tak\u0131l\u0131r \u00d6nder\u2026 Alt\u0131ndan kalkamaz bir meselenin, \u00d6nder\u2026 \u00d6nder, \u00d6nder, \u00d6nder\u2026 Yeminle kendimden \u015f\u00fcphelenir oldum\u2026 Bak yemin ediyorum, vallahi billahi \u015f\u00fcpheleniyorum\u2026 Acaba ben zombi, hortlak falan olabilir miyim? Ya y\u00fczde y\u00fcz, y\u00fczde bin be\u015f y\u00fcz &hellip; <\/p>\n<p class=\"link-more\"><a href=\"http:\/\/wordpress.gurbuz.net\/?p=8826\" class=\"more-link\"><span class=\"screen-reader-text\">\u201eKabak meselesi\u201c<\/span> weiterlesen<\/a><\/p>\n","protected":false},"author":1,"featured_media":0,"comment_status":"open","ping_status":"open","sticky":false,"template":"","format":"standard","meta":[],"categories":[1],"tags":[],"_links":{"self":[{"href":"http:\/\/wordpress.gurbuz.net\/index.php?rest_route=\/wp\/v2\/posts\/8826"}],"collection":[{"href":"http:\/\/wordpress.gurbuz.net\/index.php?rest_route=\/wp\/v2\/posts"}],"about":[{"href":"http:\/\/wordpress.gurbuz.net\/index.php?rest_route=\/wp\/v2\/types\/post"}],"author":[{"embeddable":true,"href":"http:\/\/wordpress.gurbuz.net\/index.php?rest_route=\/wp\/v2\/users\/1"}],"replies":[{"embeddable":true,"href":"http:\/\/wordpress.gurbuz.net\/index.php?rest_route=%2Fwp%2Fv2%2Fcomments&post=8826"}],"version-history":[{"count":9,"href":"http:\/\/wordpress.gurbuz.net\/index.php?rest_route=\/wp\/v2\/posts\/8826\/revisions"}],"predecessor-version":[{"id":8835,"href":"http:\/\/wordpress.gurbuz.net\/index.php?rest_route=\/wp\/v2\/posts\/8826\/revisions\/8835"}],"wp:attachment":[{"href":"http:\/\/wordpress.gurbuz.net\/index.php?rest_route=%2Fwp%2Fv2%2Fmedia&parent=8826"}],"wp:term":[{"taxonomy":"category","embeddable":true,"href":"http:\/\/wordpress.gurbuz.net\/index.php?rest_route=%2Fwp%2Fv2%2Fcategories&post=8826"},{"taxonomy":"post_tag","embeddable":true,"href":"http:\/\/wordpress.gurbuz.net\/index.php?rest_route=%2Fwp%2Fv2%2Ftags&post=8826"}],"curies":[{"name":"wp","href":"https:\/\/api.w.org\/{rel}","templated":true}]}}