{"id":8818,"date":"2018-04-26T20:04:35","date_gmt":"2018-04-26T20:04:35","guid":{"rendered":"http:\/\/wordpress.gurbuz.net\/?p=8818"},"modified":"2018-04-26T20:05:24","modified_gmt":"2018-04-26T20:05:24","slug":"neden-2","status":"publish","type":"post","link":"http:\/\/wordpress.gurbuz.net\/?p=8818","title":{"rendered":"Neden???"},"content":{"rendered":"<p>Neden sadece T\u00fcrk\u00e7e veya Almanca yaz\u0131yorum?<\/p>\n<p>\u00c7\u00fcnk\u00fc hedef kitlem T\u00fcrk, T\u00fcrkiye Cumhuriyeti vatanda\u015flar\u0131n\u0131n \u00e7o\u011fu Almanya\u2019da da ya\u015fad\u0131\u011f\u0131 i\u00e7in!<br \/>\nBu y\u00fczdende yay\u0131nlad\u0131\u011f\u0131m belgesellerin a\u011fr\u0131l\u0131\u011f\u0131 da bu dillerdedir\u2026<br \/>\n\u0130ngilizce\u2026<br \/>\nSADECE MECBUR KALIRSAM, nefret ediyorum bu dilden, YOK insanlar\u0131ndan de\u011fil siyasetlerinden\u2026<br \/>\nKeza Amerika Birle\u015fik Devleti siyasetinden\u2026<br \/>\nRus\u2026<br \/>\nBana daha \u201cmert\u201d geliyor, bir yere kadar Frans\u0131z\u2026<br \/>\nAlman\u0131 bo\u0219 ver, a\u011f\u0131rl\u0131klar\u0131 yok gibi\u2026<br \/>\nNefret ederim Avrupal\u0131lar\u0131n iki y\u00fczl\u00fcl\u00fc\u011f\u00fcnden(!)<\/p>\n<p>Bilirim\u2026<br \/>\nBu zihniyet demek istemiyorum, g\u00f6r\u00fc\u015f ve hayat anlay\u0131\u015f\u0131n\u0131n yeg\u00e2ne panzehri\u2026<br \/>\nBu insanlar i\u00e7inde \u00e7ok iyi yeti\u015fmi\u015f, kendi ge\u00e7mi\u015fini bildi\u011fi kadar bunlar\u0131 da \u00e7ok iyi tan\u0131yana insanlar\u2026<br \/>\nVatanperverler\u2026<br \/>\nAncak onlar bu g\u00f6r\u00fc\u015f ile &gt;&gt;&gt; g\u00f6z hizas\u0131nda &lt;&lt;&lt; ba\u015fa \u00e7\u0131kabilirler!<\/p>\n<p>AB(D) neden sald\u0131rm\u0131\u015ft\u0131 Suriye\u2019ye?<br \/>\nKimyasal iddialar\u0131 neden de\u011fil miydi?<\/p>\n<p><iframe loading=\"lazy\" width=\"525\" height=\"295\" src=\"https:\/\/www.youtube.com\/embed\/uE2pksVkQ3s?feature=oembed\" frameborder=\"0\" allow=\"autoplay; encrypted-media\" allowfullscreen><\/iframe><br \/>\n<a href=\"https:\/\/www.youtube.com\/watch?v=uE2pksVkQ3s\" target=\"_blank\" rel=\"noopener\">izle<\/a><\/p>\n<p>Yine bir \u015faklaban\u2026<br \/>\nSokmad\u0131 mi \u00fclkeyi Ortado\u011fu batakl\u0131\u011f\u0131na?<br \/>\nBir kukla, ipleri Allah bilir kimlerin elinde?<br \/>\nKorkunun \u00e7e\u015fitleri var m\u0131d\u0131r?<br \/>\nTabii, \u015fiddetinin dereceleri oldu\u011fu gibi\u2026<br \/>\nPeki, ya zindanlar?<br \/>\n\u00d6zg\u00fcrl\u00fc\u011f\u00fc k\u0131s\u0131tlaman\u0131n en yal\u0131n hali\u2026<br \/>\nA\u011fz\u0131 olan, dili olan, d\u00fc\u015f\u00fcnen ve g\u00f6ren insan\u0131n\u2026<br \/>\n\u00dc\u00e7 maymunu oynamas\u0131 de\u011fil midir?<br \/>\nKa\u00e7 gazeteci, ka\u00e7 muhalif salt muhalif oldu\u011fu i\u00e7in, su\u00e7suz g\u00fcnahs\u0131z Tayyip zindanlar\u0131nda?<br \/>\nEsad\u2019a diktat\u00f6r diyor, ne oldu Cumartesi annelerine?<br \/>\nGEZI\u2026<br \/>\nKa\u00e7 gen\u00e7 \u00f6ld\u00fc, sakatland\u0131\u2026<br \/>\nKayboldu\u2026<br \/>\nSa\u011fl\u0131\u011f\u0131ndan oldu? Ka\u00e7 gen\u00e7 i\u0219 bulamad\u0131\u011f\u0131 i\u00e7in intihar etti?<br \/>\nDiktat\u00f6rl\u00fck\u2026<br \/>\nEzmek de\u011fil midir?<br \/>\nHa Esad, ha Kahpedo\u011fan?<\/p>\n<p><iframe loading=\"lazy\" width=\"525\" height=\"295\" src=\"https:\/\/www.youtube.com\/embed\/uNd6t4GkWTI?feature=oembed\" frameborder=\"0\" allow=\"autoplay; encrypted-media\" allowfullscreen><\/iframe><br \/>\n<a href=\"https:\/\/www.youtube.com\/watch?v=uNd6t4GkWTI\" target=\"_blank\" rel=\"noopener\">izle<\/a><\/p>\n<p>Yaz\u0131yor pek muhterem yazarlar\u2026<br \/>\nKaraMollaO\u011flu, Kahpedo\u011fan, G\u00fcl, G\u00fcllen, Bah\u00e7eli ve bilimum daha yarat\u0131klar\u2026<br \/>\nVe zihniyetleri\u2026<br \/>\nAralar\u0131nda ne fark var???<\/p>\n<p>Neden anlam\u0131yorsun, anlamak istemiyorsun?<br \/>\nMesele\u2026<br \/>\nMesele zihniyet meselesi!<\/p>\n","protected":false},"excerpt":{"rendered":"<p>Neden sadece T\u00fcrk\u00e7e veya Almanca yaz\u0131yorum? \u00c7\u00fcnk\u00fc hedef kitlem T\u00fcrk, T\u00fcrkiye Cumhuriyeti vatanda\u015flar\u0131n\u0131n \u00e7o\u011fu Almanya\u2019da da ya\u015fad\u0131\u011f\u0131 i\u00e7in! Bu y\u00fczdende yay\u0131nlad\u0131\u011f\u0131m belgesellerin a\u011fr\u0131l\u0131\u011f\u0131 da bu dillerdedir\u2026 \u0130ngilizce\u2026 SADECE MECBUR KALIRSAM, nefret ediyorum bu dilden, YOK insanlar\u0131ndan de\u011fil siyasetlerinden\u2026 Keza Amerika Birle\u015fik Devleti siyasetinden\u2026 Rus\u2026 Bana daha \u201cmert\u201d geliyor, bir yere kadar Frans\u0131z\u2026 Alman\u0131 bo\u0219 ver, &hellip; <\/p>\n<p class=\"link-more\"><a href=\"http:\/\/wordpress.gurbuz.net\/?p=8818\" class=\"more-link\"><span class=\"screen-reader-text\">\u201eNeden???\u201c<\/span> weiterlesen<\/a><\/p>\n","protected":false},"author":1,"featured_media":0,"comment_status":"open","ping_status":"open","sticky":false,"template":"","format":"standard","meta":[],"categories":[1],"tags":[],"_links":{"self":[{"href":"http:\/\/wordpress.gurbuz.net\/index.php?rest_route=\/wp\/v2\/posts\/8818"}],"collection":[{"href":"http:\/\/wordpress.gurbuz.net\/index.php?rest_route=\/wp\/v2\/posts"}],"about":[{"href":"http:\/\/wordpress.gurbuz.net\/index.php?rest_route=\/wp\/v2\/types\/post"}],"author":[{"embeddable":true,"href":"http:\/\/wordpress.gurbuz.net\/index.php?rest_route=\/wp\/v2\/users\/1"}],"replies":[{"embeddable":true,"href":"http:\/\/wordpress.gurbuz.net\/index.php?rest_route=%2Fwp%2Fv2%2Fcomments&post=8818"}],"version-history":[{"count":2,"href":"http:\/\/wordpress.gurbuz.net\/index.php?rest_route=\/wp\/v2\/posts\/8818\/revisions"}],"predecessor-version":[{"id":8820,"href":"http:\/\/wordpress.gurbuz.net\/index.php?rest_route=\/wp\/v2\/posts\/8818\/revisions\/8820"}],"wp:attachment":[{"href":"http:\/\/wordpress.gurbuz.net\/index.php?rest_route=%2Fwp%2Fv2%2Fmedia&parent=8818"}],"wp:term":[{"taxonomy":"category","embeddable":true,"href":"http:\/\/wordpress.gurbuz.net\/index.php?rest_route=%2Fwp%2Fv2%2Fcategories&post=8818"},{"taxonomy":"post_tag","embeddable":true,"href":"http:\/\/wordpress.gurbuz.net\/index.php?rest_route=%2Fwp%2Fv2%2Ftags&post=8818"}],"curies":[{"name":"wp","href":"https:\/\/api.w.org\/{rel}","templated":true}]}}