{"id":8735,"date":"2018-04-24T12:44:50","date_gmt":"2018-04-24T12:44:50","guid":{"rendered":"http:\/\/wordpress.gurbuz.net\/?p=8735"},"modified":"2018-04-24T12:48:59","modified_gmt":"2018-04-24T12:48:59","slug":"eger-bu-siyasetse-lanet-olsun-boyle-siyasette-ne-yenisin-ne-eskisinin-tuzugunu-ivir-zivirini-bilmem-bilmekte-mecburiyetimde-yok-aydinlattiginiz-icin-tesekkur-ederim-soner-bey-bence-oku","status":"publish","type":"post","link":"http:\/\/wordpress.gurbuz.net\/?p=8735","title":{"rendered":"E\u011fer bu siyasetse, lanet olsun b\u00f6yle siyasette. Ne yenisinin ne eskisinin t\u00fcz\u00fc\u011f\u00fcn\u00fc \u0131v\u0131r \u2013 z\u0131v\u0131r\u0131n\u0131 bilmem, bilmekte mecburiyetimde yok. Ayd\u0131nlatt\u0131\u011f\u0131n\u0131z i\u00e7in te\u015fekk\u00fcr ederim Soner Bey.  Bence OKUNMALI!"},"content":{"rendered":"<p>Umar\u0131m yan\u0131ltmaz<br \/>\n24 Nisan 2018 <\/p>\n<p>Her kafadan bir ses \u00e7\u0131k\u0131yor.<br \/>\nCHP kayn\u0131yor. Oysa\u2026<br \/>\nBir y\u0131l \u00f6nce yazd\u0131m.<br \/>\nTarih 21 Nisan 2017 idi.<br \/>\n\u015e\u00f6yle dedim:<br \/>\n\u201cTom Perez ad\u0131n\u0131 duydunuz mu?<br \/>\nYa, Keith Ellison ismini i\u015fittiniz mi?<br \/>\nDonald Trump ya da Hillary Clinton&#8217;\u0131 biliyorsunuz!<br \/>\nBiri, Cumhuriyet\u00e7i, di\u011feri Demokrat Parti&#8217;nin ba\u015fkan aday\u0131yd\u0131.<br \/>\nPeki, Perez ve Ellison kim?<br \/>\nTarih: 25 \u015eubat 2017.<br \/>\nABD&#8217;de bir se\u00e7im oldu. 8 Kas\u0131m 2016&#8217;da yap\u0131lan ba\u015fkanl\u0131k se\u00e7imini kastetmiyorum. Bu ba\u015fka se\u00e7imdi\u2026<br \/>\nDemokrat Parti \u2018genel ba\u015fkan&#8216; se\u00e7imi yap\u0131ld\u0131.<br \/>\nPerez ve Ellison, ulusal komite ba\u015fkanl\u0131\u011f\u0131na aday oldu.<br \/>\nTom Perez kazanarak Demokrat Parti Genel Ba\u015fkan\u0131 oldu!<br \/>\nBu sonu\u00e7, Perez&#8217;in 2020 ABD ba\u015fkanl\u0131k se\u00e7iminde Demokrat Parti&#8217;nin aday\u0131 olaca\u011f\u0131 anlam\u0131na m\u0131 geliyor? Hay\u0131r\u2026<br \/>\nABD&#8217;de parti genel ba\u015fkanl\u0131\u011f\u0131 ayr\u0131, devlet ba\u015fkanl\u0131\u011f\u0131 adayl\u0131\u011f\u0131 farkl\u0131!<br \/>\n\u015eunu demek istiyorum:<br \/>\nK\u0131l\u0131\u00e7daro\u011flu&#8217;nun genel ba\u015fkanl\u0131\u011f\u0131 CHP&#8217;de tart\u0131\u015f\u0131lmaya ba\u015fland\u0131.<br \/>\nSan\u0131r\u0131m\u2026 Anayasa de\u011fi\u015fikli\u011fi tam olarak anla\u015f\u0131lm\u0131\u015f de\u011fil!<br \/>\nHan\u0131mlar, beyler art\u0131k tek adam rejimine ge\u00e7ildi.<br \/>\nBu sistemde devlet ba\u015fkan\u0131\/cumhurba\u015fkan\u0131 se\u00e7tiremedi\u011finiz takdirde; partinin de, genel ba\u015fkan\u0131n da \u00e7ok etkisi\/h\u00fckm\u00fc yok.<br \/>\nK\u0131l\u0131\u00e7daro\u011flu, 3 Kas\u0131m 2019 se\u00e7iminde aday olacak m\u0131?<br \/>\nHi\u00e7 sanmam.<br \/>\nO halde\u2026<br \/>\nK\u0131l\u0131\u00e7daro\u011flu art\u0131k bir Tom Perez&#8217;dir.<br \/>\nGereksiz polemiklerle g\u00fcnleri ge\u00e7irmenin zaman\u0131 de\u011fil\u2026\u201d<br \/>\nBu yaz\u0131n\u0131n \u00fczerinden bir y\u0131l ge\u00e7ti.<br \/>\nKILI\u00c7DARO\u011eLU&#8217;NUN M\u0130SYONU<br \/>\nBir y\u0131l \u00f6nceki yaz\u0131ma \u015funu eklemeliyim:<br \/>\nBa\u015fkanl\u0131k sisteminde \u201cba\u015fkan\u201d\/ \u201ctek adam\u201d ku\u015f\u00ackusuz kuvvetli konumdad\u0131r; ama kongre&#8217;de\/meclis&#8217;te a\u011f\u0131rl\u0131\u011f\u0131 yoksa icraat yapma g\u00fcc\u00fc s\u0131n\u0131rl\u0131d\u0131r.<br \/>\nKongre\/meclis, kanun yapma, denetleme ve onay konumundad\u0131r ve \u00e7o\u011funluk isterse sistemi t\u0131kayabilir.<br \/>\nKafan\u0131z\u0131 kar\u0131\u015ft\u0131rmadan \u015funu yazay\u0131m:<br \/>\nDiyelim Erdo\u011fan cumhurba\u015f\u00ackan\u0131 se\u00e7ildi; ama AKP Meclis&#8217;te \u00e7o\u011funlu\u011fu bulamad\u0131.<br \/>\nVeya:<br \/>\nDiyelim Erdo\u011fan kaybet\u00acti; ama Meclis&#8217;te \u00e7o\u011funlu\u011fu AKP sa\u011flad\u0131.<br \/>\nNe olacak?<br \/>\nHer iki durumda da siyasal kriz ka\u00e7\u0131n\u0131lmaz olacak!<br \/>\nCumhurba\u015fkan\u0131\/ \u201ctek adam\u201d kanun h\u00fckm\u00fcnde kararnamelerle \u00fclkeyi y\u00f6nete\u00acce\u011fini sanabilirsiniz; ama Mec\u00aclis, \u00e7\u0131kard\u0131\u011f\u0131 kanunlarla bunun \u00f6n\u00fcne ge\u00e7ebilir. \u0130sterse cumhur\u00acba\u015fkan\u0131n\u0131n elini aya\u011f\u0131n\u0131 ba\u011flar.<br \/>\nMeclis \u00e7o\u011funlu\u011fu, cumhur\u00acba\u015fkan\u0131n\u0131\/ \u201ctek adam\u0131\u201d kendine mecbur hale getirebilir. (Erdo\u00ac\u011fan Meclis \u00e7o\u011funlu\u011funa ra\u011f\u00acmen idari s\u0131k\u0131nt\u0131dan bahsedip erken se\u00e7ime gitti\u011fini a\u00e7\u0131klad\u0131. \u0130leri de neler ya\u015fanaca\u011f\u0131n\u0131 \u00f6ng\u00f6\u00acremiyor demek!)<br \/>\n\u0130\u015fte\u2026 Burada \u201ckilit konum\u00acda\u201d olan politikac\u0131lar\u0131n ba\u015f\u0131nda CHP Genel Ba\u015fkan\u0131 K\u0131l\u0131\u00e7daro\u011f\u00aclu olacakt\u0131r!<br \/>\n\u015eunu demek istiyo\u00acrum: CHP&#8217;nin ba\u015f\u0131nda bulun\u00acmak -hele yeni t\u00fcz\u00fck de\u011fi\u015fikli\u00ac\u011fiyle- milletvekillerini belirlemek demek.<br \/>\nYani:<br \/>\nK\u0131l\u0131\u00e7daro\u011flu cumhurba\u015fkanl\u0131\u011f\u0131\u00acna aday olmasa da parti lideri olarak siyasetteki a\u011f\u0131rl\u0131\u011f\u0131n\u0131 tamamen kaybetmi\u015f olmayacak.<br \/>\n\u0130crac\u0131 konumda olmasa da do\u00aclayl\u0131 yoldan, icraatlar\u0131\/siyaseti belirleyen konumda olacakt\u0131r.<br \/>\nK\u0131l\u0131\u00e7daro\u011flu&#8217;nun kendine b\u00f6yle bir \u201cmisyon\u201d se\u00e7ti\u011fini d\u00fc\u015f\u00fcn\u00fcyorum.<br \/>\nBak\u0131n\u0131z:<br \/>\n\u201cADAY OL\u201d OYUNU<br \/>\nK\u0131l\u0131\u00e7daro\u011flu&#8217;nun karakterini severim:<br \/>\nErdemli, al\u00e7ak g\u00f6n\u00fcll\u00fcd\u00fcr.<br \/>\n\u0130ncelik doludur, iyidir.<br \/>\n\u00d6zverilidir. Sadedir. G\u00f6steri\u015f\u00acsizdir.<br \/>\nKibir, k\u00fcstahl\u0131k, a\u00e7g\u00f6zl\u00fcl\u00fck, \u00f6fke, k\u0131skan\u00e7l\u0131k l\u00fcgat\u0131nda yazmaz.<br \/>\nHer t\u00fcrl\u00fc \u015fiddetin d\u00fc\u015fman\u0131, bar\u0131\u015f g\u00f6n\u00fcll\u00fcs\u00fcd\u00fcr.<br \/>\nTemkinlidir. Diren\u00e7lidir. Sa\u011fdu\u00acyuludur.<br \/>\nAma\u2026<br \/>\nVaatlere, iltifatlara ve insanla\u00acra \u00e7abuk kanar!<br \/>\nDuygusall\u0131\u011f\u0131, ak\u0131lc\u0131l\u0131\u011f\u0131n\u0131n \u00f6n\u00fc\u00acne ge\u00e7iverir.<br \/>\nBir siyasi liderde bu ki\u015fisel \u00f6zellikler iyi midir, bilmem!<br \/>\nG\u00f6rd\u00fc\u011f\u00fcm:<br \/>\nPazar g\u00fcn\u00fc yapt\u0131\u011f\u0131 siyasi hamleyle AKP-MHP ittifak\u0131\u00acn\u0131 \u015foke etti.<br \/>\nK\u0131l\u0131\u00e7daro\u011flu politikan\u0131n inceliklerini\/ger\u00e7eklerini \u00f6\u011f\u00acrendi!<br \/>\n\u015eunu kavrad\u0131:<br \/>\nS\u00f6zlere de\u011fil, eylemle\u00acre inanmak!<br \/>\nAdalet Y\u00fcr\u00fcy\u00fc\u015f\u00fc bunun ilk ad\u0131m\u0131yd\u0131. Pazar g\u00fcn\u00fc yapt\u0131\u011f\u0131 ise, \u201cb\u00fcy\u00fck iktidar y\u00fcr\u00fcy\u00fc\u00ac\u015f\u00fcn\u00fcn\u201d \u00f6nemli ad\u0131m\u0131 oldu. Yani de\u011ferli \u201cbir ad\u0131m\u201d daha att\u0131\u2026 (D\u00fcn neler ya\u015fand\u0131; Deniz Baykal sayesinde 1994 se\u00e7imi kaybedilerek Erdo\u011fanlara-G\u00f6k\u00ac\u00e7eklere siyasi yol a\u00e7\u0131ld\u0131!)<br \/>\n\u201cBir b\u00f6len\u201d d\u00f6nemi kapan\u0131\u00acyor!<br \/>\nUzla\u015f\u0131 d\u00f6nemi ba\u015fl\u0131yor. Yeni siyasal sistem zaten bunu dayat\u0131yor.<br \/>\nBaykal&#8217;\u0131n d\u00fcn yapmad\u0131\u011f\u0131n\u0131 bug\u00fcn K\u0131l\u0131\u00e7daro\u011flu yap\u0131yor. S\u0131rf koltukta oturabilmek i\u00e7in yap\u0131lan alicengiz oyunlar\u0131na\/ politik kurnazl\u0131\u011fa tamah etmiyor.<br \/>\nGer\u00e7ek\u00e7i davran\u0131yor: Aday oldu\u011fu takdirde kazanma \u015fan\u00acs\u0131n\u0131n olmad\u0131\u011f\u0131n\u0131 biliyor. Meral Ak\u015fener&#8217;i ge\u00e7ip ikinci tura kal\u00acmas\u0131n\u0131n bile zor\/ riskli oldu\u00ac\u011funu tahmin ediyor. \u201c\u015eah\u201d iken \u201c\u015fahbaz\u201d olmaya \u00e7al\u0131\u015fm\u0131yor! AKP&#8217;nin \u201caday ol\u201d \u00e7a\u011fr\u0131s\u0131na-o\u00acyununa ald\u0131r\u0131\u015f etmiyor!<br \/>\nSiyasette tecr\u00fcbe \u00e7ok \u00f6nem\u00aclidir:<br \/>\nK\u0131l\u0131\u00e7daro\u011flu iki turlu se\u00e7i\u00acmin strateji sava\u015f\u0131 oldu\u011funu ac\u0131 bir deneyimle \u00f6\u011frendi. Ek\u00acmeleddin \u0130hsano\u011flu hatas\u0131n\u00acdan ders \u00e7\u0131kard\u0131!<br \/>\nEvet\u2026<br \/>\nErdo\u011fan&#8217;\u0131n 24 Haziran&#8217;da\u00acki ilk turda se\u00e7ilemedi\u011fin\u00acde AKP&#8217;de b\u00fcy\u00fck k\u0131r\u0131lma ya\u00ac\u015fanaca\u011f\u0131n\u0131 tahmin etmek zor de\u011fil.<br \/>\nHep \u201ckazanmaya\u201d al\u0131\u015fm\u0131\u015f Er\u00acdo\u011fan -hele duygusal yap\u0131\u00acs\u0131ndan dolay\u0131- mutlaka hata yapacakt\u0131r.<br \/>\n\u201cNas\u0131l olsa kaybetmez\u201d diyen kitlelerin, hep \u201ckazanan\u0131n\u201d ilk kez kaybetti\u011fini g\u00f6r\u00fcnce ikin\u00acci turda sand\u0131k ba\u015f\u0131na gitme iste\u011fi- heyecan\u0131 artacakt\u0131r.<br \/>\nK\u0131l\u0131\u00e7daro\u011flu art\u0131k bu tecr\u00fcbeye sahip.<br \/>\nKazanacak nitelikli aday \u00e7\u0131\u00ackaraca\u011f\u0131n\u0131 tahmin ediyorum.<br \/>\nUmar\u0131m bizleri yan\u0131ltmaz\u2026<\/p>\n<p>https:\/\/www.sozcu.com.tr\/2018\/yazarlar\/soner-yalcin\/umarim-yaniltmaz-2367418\/<\/p>\n","protected":false},"excerpt":{"rendered":"<p>Umar\u0131m yan\u0131ltmaz 24 Nisan 2018 Her kafadan bir ses \u00e7\u0131k\u0131yor. CHP kayn\u0131yor. Oysa\u2026 Bir y\u0131l \u00f6nce yazd\u0131m. Tarih 21 Nisan 2017 idi. \u015e\u00f6yle dedim: \u201cTom Perez ad\u0131n\u0131 duydunuz mu? Ya, Keith Ellison ismini i\u015fittiniz mi? Donald Trump ya da Hillary Clinton&#8217;\u0131 biliyorsunuz! Biri, Cumhuriyet\u00e7i, di\u011feri Demokrat Parti&#8217;nin ba\u015fkan aday\u0131yd\u0131. Peki, Perez ve Ellison kim? Tarih: &hellip; <\/p>\n<p class=\"link-more\"><a href=\"http:\/\/wordpress.gurbuz.net\/?p=8735\" class=\"more-link\"><span class=\"screen-reader-text\">\u201eE\u011fer bu siyasetse, lanet olsun b\u00f6yle siyasette. Ne yenisinin ne eskisinin t\u00fcz\u00fc\u011f\u00fcn\u00fc \u0131v\u0131r \u2013 z\u0131v\u0131r\u0131n\u0131 bilmem, bilmekte mecburiyetimde yok. Ayd\u0131nlatt\u0131\u011f\u0131n\u0131z i\u00e7in te\u015fekk\u00fcr ederim Soner Bey.  Bence OKUNMALI!\u201c<\/span> weiterlesen<\/a><\/p>\n","protected":false},"author":1,"featured_media":0,"comment_status":"open","ping_status":"open","sticky":false,"template":"","format":"standard","meta":[],"categories":[1],"tags":[],"_links":{"self":[{"href":"http:\/\/wordpress.gurbuz.net\/index.php?rest_route=\/wp\/v2\/posts\/8735"}],"collection":[{"href":"http:\/\/wordpress.gurbuz.net\/index.php?rest_route=\/wp\/v2\/posts"}],"about":[{"href":"http:\/\/wordpress.gurbuz.net\/index.php?rest_route=\/wp\/v2\/types\/post"}],"author":[{"embeddable":true,"href":"http:\/\/wordpress.gurbuz.net\/index.php?rest_route=\/wp\/v2\/users\/1"}],"replies":[{"embeddable":true,"href":"http:\/\/wordpress.gurbuz.net\/index.php?rest_route=%2Fwp%2Fv2%2Fcomments&post=8735"}],"version-history":[{"count":2,"href":"http:\/\/wordpress.gurbuz.net\/index.php?rest_route=\/wp\/v2\/posts\/8735\/revisions"}],"predecessor-version":[{"id":8737,"href":"http:\/\/wordpress.gurbuz.net\/index.php?rest_route=\/wp\/v2\/posts\/8735\/revisions\/8737"}],"wp:attachment":[{"href":"http:\/\/wordpress.gurbuz.net\/index.php?rest_route=%2Fwp%2Fv2%2Fmedia&parent=8735"}],"wp:term":[{"taxonomy":"category","embeddable":true,"href":"http:\/\/wordpress.gurbuz.net\/index.php?rest_route=%2Fwp%2Fv2%2Fcategories&post=8735"},{"taxonomy":"post_tag","embeddable":true,"href":"http:\/\/wordpress.gurbuz.net\/index.php?rest_route=%2Fwp%2Fv2%2Ftags&post=8735"}],"curies":[{"name":"wp","href":"https:\/\/api.w.org\/{rel}","templated":true}]}}