{"id":8724,"date":"2018-04-24T11:39:01","date_gmt":"2018-04-24T11:39:01","guid":{"rendered":"http:\/\/wordpress.gurbuz.net\/?p=8724"},"modified":"2018-04-24T11:49:34","modified_gmt":"2018-04-24T11:49:34","slug":"ekmeleddin-meselesi","status":"publish","type":"post","link":"http:\/\/wordpress.gurbuz.net\/?p=8724","title":{"rendered":"Ekmeleddin meselesi"},"content":{"rendered":"<p>Al Kemal\u2019i, Meral\u2019i\u2026<br \/>\nPartileri i\u00e7eresinde sivrilenleri\u2026<br \/>\nBakma Y-CHP, \u0130yi diye\u2026<br \/>\nYazar\u0131m hep kahpe milliyet\u00e7i diye, ULAN HAYVAN OGLU HAYVAN\u2026<br \/>\nRahmetli Gazi Pa\u015fadan, Atat\u00fcrk\u2019ten daha milliyet\u00e7isi\u2026<br \/>\nGeldi mi?<\/p>\n<p>Milli Hezeyan Partisi\u2026<br \/>\nT\u00fcrk \u0130slam sentezi!<\/p>\n<p>Hani\u2026<br \/>\nHDP, olmasa i\u00e7lerinde fa\u015fisti, yok T\u00fcrk de\u011fil K\u00fcrt dincisi \u2013 s\u00f6zde milliyet\u00e7isi\u2026<br \/>\nDemirta\u015f\u2026<br \/>\n\u0130nanm\u0131\u015f\u0131m samimiyetine, yok ettiler adam\u0131, \u00e7\u00fcr\u00fcr Tayyip zindanlar\u0131nda\u2026<br \/>\nHep derim en az\u0131ndan \u201cilkeli\u201d, di\u011ferlerine nazaran daha ilkeli HDP\u2019li.<\/p>\n<p>Zaman\u0131d\u0131r, vakti\u2026<br \/>\nT\u00fcrk\u2019\u00fc, K\u00fcrt\u2019\u00fc, Ermeni\u2019si\u2026<br \/>\nVe t\u00fcm di\u011ferleri\u2026<br \/>\nEl ele, omuz omuza vermeli.<\/p>\n<p>Ne diyor g.t k\u0131llar\u0131n\u0131n ba\u015f\u0131?<br \/>\n\u201cCumhurun ba\u015f\u0131\u201d<br \/>\nEl, kol, parmak yap\u0131lmaz ben y\u00fckseklerdeyim inersem a\u015fa\u011f\u0131ya veririm a\u011fz\u0131n\u0131n pay\u0131n\u0131\u2026<br \/>\nUlen h\u0131rbo\u2026<br \/>\nSorunda burada ya zaten, sen olsan cumhurun ba\u015f\u0131, ger\u00e7ekten hepimizin ba\u015f\u0131\u2026<br \/>\nEn ba\u015fta ben y\u0131rtar\u0131m a\u011fz\u0131n\u0131 sana laf s\u00f6yleyenin. Adi h\u0131rs\u0131z, \u00e7ete ba\u015f\u0131\u2026<br \/>\nAdam ol da adam diyelim, sayg\u0131 g\u00f6sterelim Kas\u0131mpa\u015fa ay\u0131s\u0131!<\/p>\n<p>Temel Karamollao\u011flu, ki\u015finin isminde hay\u0131r, meymenet yok ama lafta, s\u00f6zde eder a\u011fz\u0131\u2026<br \/>\nKANMA\u2026<br \/>\nBak zihniyete ki Necmettin Erbakan\u2019\u0131\u2026<br \/>\nBaykall\u0131\u2026<br \/>\nArat\u0131r oldu kula\u011f\u0131 ge\u00e7en boynuzlar\u0131!<\/p>\n<p>\u0130ttifak de koalisyon de ne dersen de\u2026<br \/>\nKemal\u2019in ismi var kendisi yok piyasada y\u0131llardan beri\u2026<br \/>\nOlmayacak, yok \u00f6yle bir niyeti cumhurun ba\u015f\u0131. Meral desen d\u00fcnden hevesli\u2026<br \/>\nAnla\u015famazlarsa, uzla\u015famazlarsa\u2026<br \/>\nS\u0131ra Abdullah\u2019ta!<\/p>\n<p>Yok ya heriflerin aklini ba\u015f\u0131ndan alm\u0131\u015f dinci\u2026<br \/>\nYok ne g\u00f6rd\u00fc\u011f\u00fc ne bildi\u011fi.<\/p>\n<p>Tamam\u2026<br \/>\nK\u00f6t\u00fcn\u00fcn, beterin bir iyisi\u2026<br \/>\nAma MECBUR MUYUZ dinciye, mecbur mu bu millet \u00e7ere \u2013 \u00e7\u00f6pe\u2026<br \/>\nYok karde\u015fim yok, inan bana yok\u2026<br \/>\nVatan diyen, millet diyen, bilim diyen, \u00e7a\u011fda\u015fl\u0131k diyen\u2026<br \/>\nY\u00fcrekten Allah diyen yok bu kahrolas\u0131 topraklarda\u2026<br \/>\nGen\u00e7ler\u2026<br \/>\n\u00c7ocuklar, biliyorum i\u00e7inizde ne \u00e7ok bozulmam\u0131\u015f cevher var\u2026<br \/>\nGezi gibi, g\u00fcrletin t\u00fcm T\u00fcrkiye\u2019yi!<\/p>\n","protected":false},"excerpt":{"rendered":"<p>Al Kemal\u2019i, Meral\u2019i\u2026 Partileri i\u00e7eresinde sivrilenleri\u2026 Bakma Y-CHP, \u0130yi diye\u2026 Yazar\u0131m hep kahpe milliyet\u00e7i diye, ULAN HAYVAN OGLU HAYVAN\u2026 Rahmetli Gazi Pa\u015fadan, Atat\u00fcrk\u2019ten daha milliyet\u00e7isi\u2026 Geldi mi? Milli Hezeyan Partisi\u2026 T\u00fcrk \u0130slam sentezi! Hani\u2026 HDP, olmasa i\u00e7lerinde fa\u015fisti, yok T\u00fcrk de\u011fil K\u00fcrt dincisi \u2013 s\u00f6zde milliyet\u00e7isi\u2026 Demirta\u015f\u2026 \u0130nanm\u0131\u015f\u0131m samimiyetine, yok ettiler adam\u0131, \u00e7\u00fcr\u00fcr Tayyip zindanlar\u0131nda\u2026 &hellip; <\/p>\n<p class=\"link-more\"><a href=\"http:\/\/wordpress.gurbuz.net\/?p=8724\" class=\"more-link\"><span class=\"screen-reader-text\">\u201eEkmeleddin meselesi\u201c<\/span> weiterlesen<\/a><\/p>\n","protected":false},"author":1,"featured_media":0,"comment_status":"open","ping_status":"open","sticky":false,"template":"","format":"standard","meta":[],"categories":[1],"tags":[],"_links":{"self":[{"href":"http:\/\/wordpress.gurbuz.net\/index.php?rest_route=\/wp\/v2\/posts\/8724"}],"collection":[{"href":"http:\/\/wordpress.gurbuz.net\/index.php?rest_route=\/wp\/v2\/posts"}],"about":[{"href":"http:\/\/wordpress.gurbuz.net\/index.php?rest_route=\/wp\/v2\/types\/post"}],"author":[{"embeddable":true,"href":"http:\/\/wordpress.gurbuz.net\/index.php?rest_route=\/wp\/v2\/users\/1"}],"replies":[{"embeddable":true,"href":"http:\/\/wordpress.gurbuz.net\/index.php?rest_route=%2Fwp%2Fv2%2Fcomments&post=8724"}],"version-history":[{"count":3,"href":"http:\/\/wordpress.gurbuz.net\/index.php?rest_route=\/wp\/v2\/posts\/8724\/revisions"}],"predecessor-version":[{"id":8727,"href":"http:\/\/wordpress.gurbuz.net\/index.php?rest_route=\/wp\/v2\/posts\/8724\/revisions\/8727"}],"wp:attachment":[{"href":"http:\/\/wordpress.gurbuz.net\/index.php?rest_route=%2Fwp%2Fv2%2Fmedia&parent=8724"}],"wp:term":[{"taxonomy":"category","embeddable":true,"href":"http:\/\/wordpress.gurbuz.net\/index.php?rest_route=%2Fwp%2Fv2%2Fcategories&post=8724"},{"taxonomy":"post_tag","embeddable":true,"href":"http:\/\/wordpress.gurbuz.net\/index.php?rest_route=%2Fwp%2Fv2%2Ftags&post=8724"}],"curies":[{"name":"wp","href":"https:\/\/api.w.org\/{rel}","templated":true}]}}