{"id":86882,"date":"2022-02-08T07:33:54","date_gmt":"2022-02-08T07:33:54","guid":{"rendered":"http:\/\/wordpress.gurbuz.net\/?p=86882"},"modified":"2022-02-08T08:06:51","modified_gmt":"2022-02-08T08:06:51","slug":"fatimanin-uec-gizemi-katolik-kilisesi-oernegi-herkese-her-sey-soeylenmez-demedim-mi","status":"publish","type":"post","link":"http:\/\/wordpress.gurbuz.net\/?p=86882","title":{"rendered":"F\u00e1tima\u2019nin \u00fc\u00e7 gizemi, Katolik kilisesi \u00f6rne\u011fi. Herkese her \u015fey s\u00f6ylenmez demedim mi?"},"content":{"rendered":"<p>\u00d6nder\u2026<br \/>\n\u2026<br \/>\nAma NAFILE!<\/p>\n<p><img src=\"https:\/\/img.welt.de\/img\/geschichte\/mobile191324233\/8861627317-ci23x11-w1136\/Geheimnis-von-Fatima-die-drei-Hirtenkinder.jpg\" alt=\"\" \/><\/p>\n<p><a href=\"https:\/\/www.welt.de\/geschichte\/article191324237\/Fatima-Was-bleibt-von-Marias-Prophezeiung-vom-Weltuntergang.html\" rel=\"noopener\" target=\"_blank\">oku<\/a><\/p>\n<p>700 sene SONRA\u2026<br \/>\nAlo YEDI Y\u00dcZ sene sonra bir ilk\u2026<br \/>\nPAPA\u2026<br \/>\nIst\u0131fa eden bir Papa\u2026<br \/>\nAlman\u2026<br \/>\nBenedikt XVI.<\/p>\n<p>https:\/\/www.faz.net\/aktuell\/politik\/papst-ruecktritt\/ende-des-pontifikats-amtszeit-von-papst-benedikt-xvi-beendet-12097545.html<\/p>\n<p>Joseph Aloisius Ratzinger(!)<\/p>\n<p>Herkese her \u015fey s\u00f6ylenmez demedim mi?<\/p>\n<p><a href=\"https:\/\/www.zdf.de\/dokumentation\/zdfinfo-doku\/die-plastik-invasion-coca-cola-und-der-vermuellte-planet-104.html\">izle<\/a><\/p>\n<p><a href=\"https:\/\/www.zdf.de\/dokumentation\/zdfinfo-doku\/amerikas-plastik-luege-profit-statt-recycling-100.html\" rel=\"noopener\" target=\"_blank\">izle<\/a><\/p>\n","protected":false},"excerpt":{"rendered":"<p>\u00d6nder\u2026 \u2026 Ama NAFILE! oku 700 sene SONRA\u2026 Alo YEDI Y\u00dcZ sene sonra bir ilk\u2026 PAPA\u2026 Ist\u0131fa eden bir Papa\u2026 Alman\u2026 Benedikt XVI. https:\/\/www.faz.net\/aktuell\/politik\/papst-ruecktritt\/ende-des-pontifikats-amtszeit-von-papst-benedikt-xvi-beendet-12097545.html Joseph Aloisius Ratzinger(!) Herkese her \u015fey s\u00f6ylenmez demedim mi? izle izle<\/p>\n","protected":false},"author":1,"featured_media":0,"comment_status":"open","ping_status":"open","sticky":false,"template":"","format":"standard","meta":[],"categories":[1],"tags":[],"_links":{"self":[{"href":"http:\/\/wordpress.gurbuz.net\/index.php?rest_route=\/wp\/v2\/posts\/86882"}],"collection":[{"href":"http:\/\/wordpress.gurbuz.net\/index.php?rest_route=\/wp\/v2\/posts"}],"about":[{"href":"http:\/\/wordpress.gurbuz.net\/index.php?rest_route=\/wp\/v2\/types\/post"}],"author":[{"embeddable":true,"href":"http:\/\/wordpress.gurbuz.net\/index.php?rest_route=\/wp\/v2\/users\/1"}],"replies":[{"embeddable":true,"href":"http:\/\/wordpress.gurbuz.net\/index.php?rest_route=%2Fwp%2Fv2%2Fcomments&post=86882"}],"version-history":[{"count":5,"href":"http:\/\/wordpress.gurbuz.net\/index.php?rest_route=\/wp\/v2\/posts\/86882\/revisions"}],"predecessor-version":[{"id":86887,"href":"http:\/\/wordpress.gurbuz.net\/index.php?rest_route=\/wp\/v2\/posts\/86882\/revisions\/86887"}],"wp:attachment":[{"href":"http:\/\/wordpress.gurbuz.net\/index.php?rest_route=%2Fwp%2Fv2%2Fmedia&parent=86882"}],"wp:term":[{"taxonomy":"category","embeddable":true,"href":"http:\/\/wordpress.gurbuz.net\/index.php?rest_route=%2Fwp%2Fv2%2Fcategories&post=86882"},{"taxonomy":"post_tag","embeddable":true,"href":"http:\/\/wordpress.gurbuz.net\/index.php?rest_route=%2Fwp%2Fv2%2Ftags&post=86882"}],"curies":[{"name":"wp","href":"https:\/\/api.w.org\/{rel}","templated":true}]}}