{"id":86873,"date":"2022-02-08T07:14:41","date_gmt":"2022-02-08T07:14:41","guid":{"rendered":"http:\/\/wordpress.gurbuz.net\/?p=86873"},"modified":"2022-02-08T07:14:41","modified_gmt":"2022-02-08T07:14:41","slug":"eyyy-hayvan-sor-kendine-bu-durumlara-neden-duestuen","status":"publish","type":"post","link":"http:\/\/wordpress.gurbuz.net\/?p=86873","title":{"rendered":"Eyyy HAYVAN, sor kendine bu durumlara NEDEN d\u00fc\u015ft\u00fcn?"},"content":{"rendered":"<p><img src=\"https:\/\/mathe2go.net\/wp-content\/uploads\/2020\/07\/Wie-viele-Zahlenkombinationen-gibt-es-bei-5-Ziffern-1024x420.jpg\" alt=\"\" \/><\/p>\n<p>&#8222;Zamlara isyan eden vatanda\u015f \u201c\u00c7\u00f6zerse yine AKP \u00e7\u00f6zer\u201d diyormu\u015f<br \/>\nEkonomideki geli\u015fmeleri de\u011ferlendiren AKP Genel Ba\u015fkanvekili Numan Kurtulmu\u015f, \u201cGitti\u011fimiz konu\u015ftu\u011fumuz insanlar k\u0131z\u0131yor s\u00f6yleniyor ama sonu\u00e7ta ba\u015fkas\u0131 \u00e7\u00f6zer demiyor, yine \u2018AK Parti \u00e7\u00f6zer, yine Tayyip Erdo\u011fan \u00e7\u00f6zecek\u2019 diyor.\u201d dedi.<\/p>\n<p>7.02.2022 09:23:00&#8220;<\/p>\n<p>https:\/\/www.yenicaggazetesi.com.tr\/service\/amp\/numan-kurtulmustan-hayrete-dusuren-sozler-zamlara-isyan-eden-vatandas-cozerse-yine-akp-cozer-diyormus-507450h.htm<\/p>\n<blockquote class=\"twitter-tweet\" data-width=\"525\" data-dnt=\"true\">\n<p lang=\"tr\" dir=\"ltr\">Numan Kurtulmu\u015f\u2019tan enflasyon a\u00e7\u0131klamas\u0131 <a href=\"https:\/\/t.co\/ZxXK71sPV0\">https:\/\/t.co\/ZxXK71sPV0<\/a><\/p>\n<p>&mdash; D\u00fcnya Gazetesi (@dunya_gazetesi) <a href=\"https:\/\/twitter.com\/dunya_gazetesi\/status\/1487189027631550469?ref_src=twsrc%5Etfw\">January 28, 2022<\/a><\/p><\/blockquote>\n<p><script async src=\"https:\/\/platform.twitter.com\/widgets.js\" charset=\"utf-8\"><\/script><\/p>\n","protected":false},"excerpt":{"rendered":"<p>&#8222;Zamlara isyan eden vatanda\u015f \u201c\u00c7\u00f6zerse yine AKP \u00e7\u00f6zer\u201d diyormu\u015f Ekonomideki geli\u015fmeleri de\u011ferlendiren AKP Genel Ba\u015fkanvekili Numan Kurtulmu\u015f, \u201cGitti\u011fimiz konu\u015ftu\u011fumuz insanlar k\u0131z\u0131yor s\u00f6yleniyor ama sonu\u00e7ta ba\u015fkas\u0131 \u00e7\u00f6zer demiyor, yine \u2018AK Parti \u00e7\u00f6zer, yine Tayyip Erdo\u011fan \u00e7\u00f6zecek\u2019 diyor.\u201d dedi. 7.02.2022 09:23:00&#8220; https:\/\/www.yenicaggazetesi.com.tr\/service\/amp\/numan-kurtulmustan-hayrete-dusuren-sozler-zamlara-isyan-eden-vatandas-cozerse-yine-akp-cozer-diyormus-507450h.htm Numan Kurtulmu\u015f\u2019tan enflasyon a\u00e7\u0131klamas\u0131 https:\/\/t.co\/ZxXK71sPV0 &mdash; D\u00fcnya Gazetesi (@dunya_gazetesi) January 28, 2022<\/p>\n","protected":false},"author":1,"featured_media":0,"comment_status":"open","ping_status":"open","sticky":false,"template":"","format":"standard","meta":[],"categories":[1],"tags":[],"_links":{"self":[{"href":"http:\/\/wordpress.gurbuz.net\/index.php?rest_route=\/wp\/v2\/posts\/86873"}],"collection":[{"href":"http:\/\/wordpress.gurbuz.net\/index.php?rest_route=\/wp\/v2\/posts"}],"about":[{"href":"http:\/\/wordpress.gurbuz.net\/index.php?rest_route=\/wp\/v2\/types\/post"}],"author":[{"embeddable":true,"href":"http:\/\/wordpress.gurbuz.net\/index.php?rest_route=\/wp\/v2\/users\/1"}],"replies":[{"embeddable":true,"href":"http:\/\/wordpress.gurbuz.net\/index.php?rest_route=%2Fwp%2Fv2%2Fcomments&post=86873"}],"version-history":[{"count":1,"href":"http:\/\/wordpress.gurbuz.net\/index.php?rest_route=\/wp\/v2\/posts\/86873\/revisions"}],"predecessor-version":[{"id":86874,"href":"http:\/\/wordpress.gurbuz.net\/index.php?rest_route=\/wp\/v2\/posts\/86873\/revisions\/86874"}],"wp:attachment":[{"href":"http:\/\/wordpress.gurbuz.net\/index.php?rest_route=%2Fwp%2Fv2%2Fmedia&parent=86873"}],"wp:term":[{"taxonomy":"category","embeddable":true,"href":"http:\/\/wordpress.gurbuz.net\/index.php?rest_route=%2Fwp%2Fv2%2Fcategories&post=86873"},{"taxonomy":"post_tag","embeddable":true,"href":"http:\/\/wordpress.gurbuz.net\/index.php?rest_route=%2Fwp%2Fv2%2Ftags&post=86873"}],"curies":[{"name":"wp","href":"https:\/\/api.w.org\/{rel}","templated":true}]}}