{"id":8668,"date":"2018-04-23T06:07:45","date_gmt":"2018-04-23T06:07:45","guid":{"rendered":"http:\/\/wordpress.gurbuz.net\/?p=8668"},"modified":"2018-04-23T06:28:45","modified_gmt":"2018-04-23T06:28:45","slug":"insula","status":"publish","type":"post","link":"http:\/\/wordpress.gurbuz.net\/?p=8668","title":{"rendered":"Insula"},"content":{"rendered":"<p>Latince ada demek\u2026<br \/>\nRoma \u0130mparatorlu\u011fu zaman\u0131nda, Roma\u2019da kiral\u0131k binalara verilen isimdir Insula\u2026<br \/>\nNeden mi anlat\u0131r\u0131m sonra, daha \u00f6nemlisi\u2026<br \/>\nBademlerin, atalar\u0131n\u0131n Roma ile ili\u015fkisi. <\/p>\n<p>Hani bir taraflar\u0131n\u0131 y\u0131rt\u0131yorlar ya ba\u015f\u00f6rt\u00fcs\u00fc, ba\u015f\u00f6rt\u00fcs\u00fc diye\u2026<br \/>\nBizansl\u0131 han\u0131mefendiler ile onlarda ba\u011flama benzerli\u011fi \u00e7ok dikkat \u00e7ekici\u2026<br \/>\n<a href=\"https:\/\/odatv.com\/sikmabas-bizans-modasiydi-3006101200.html\" rel=\"noopener\" target=\"_blank\">Oku<\/a><br \/>\nYine T\u00fcrk mimarisi, alta d\u00fckkan \u00fcste bina\u2026<br \/>\nTavuk mu, yumurta m\u0131 meselesi? Hangisi ilk \u00f6nce vard\u0131 gibi\u2026<br \/>\nHava \u00e7ok g\u00fczel, mangal\u2026<br \/>\nEh bir iki tekte yak\u0131\u015f\u0131r \u00e7eyre\u011fe\u2026<br \/>\nAnlayaca\u011f\u0131n\u0131z devam\u0131 yar\u0131na!<\/p>\n<p>Bu resimler\u2026<br \/>\nSizlere bir bilmece, d\u00fc\u015f\u00fcn\u00fcn ta\u015f\u0131n\u0131n bakal\u0131m bu resimler ile Insula ne alaka!?<\/p>\n<p><img src=\"http:\/\/www.gurbuz.net\/Turk\/Yol.jpg\" alt=\"\" \/><br \/>\n<img src=\"http:\/\/www.gurbuz.net\/Turk\/Yol1.jpg\" alt=\"\" \/><br \/>\n<img src=\"http:\/\/www.gurbuz.net\/Turk\/ApartCamii.jpg\" alt=\"\" \/><\/p>\n<p>Romal\u0131lar\u2026<br \/>\n\u0130nsanl\u0131k sadece Roma hukukunu g\u00fcn\u00fcm\u00fcze kadar ta\u015f\u0131mad\u0131, Roma\u2026<br \/>\nYunandan, d\u00fcnya Roma\u2019dan etkilendi. Hep iddia etti\u011fim gibi, karsilikli bir etkile\u015fimdir\u2026<br \/>\nHatta din\u2026<br \/>\nNeyse bende kals\u0131n, belki zaman\u0131 geldi\u011finde bu konudaki SAPTAMALARIMI, TESPITLERIMI ve d\u00fc\u015f\u00fcncelerimi yay\u0131nlar\u0131m.<br \/>\nMaymundur insan, taklit etmesini sever. Hayvan ile aras\u0131ndaki en belirgin fark, d\u00fc\u015f\u00fcnceleri&#8230;<br \/>\nGeli\u015ftirmesi, bu yetisi\u2026<br \/>\nTanr\u0131 vergisi!<\/p>\n<p>Tabii\u2026<br \/>\n\u0130nsan\u0131n bitmek bilmez a\u00e7g\u00f6zl\u00fcl\u00fc\u011f\u00fc gibi. Yazm\u0131\u015f\u0131md\u0131r evvelsi\u2026<br \/>\nBETONU\u2026<br \/>\nRomal\u0131lar icat etti. Co\u011frafi bir \u00f6zellikleri, VOLKANLAR\u2026<br \/>\nVe k\u00fcl\u00fc(!)<\/p>\n<p>Ve yine insanl\u0131k tarihinin, en az\u0131ndan bug\u00fcn\u00fcn bilgi d\u00fczeyiyle\u2026<br \/>\nRomal\u0131lar ilk \u201capartmanlar\u0131\u201d dikti\u2026<br \/>\nHi\u00e7bir \u015fey ama hi\u00e7bir \u015fey o g\u00fcnlerden bug\u00fcnlere de\u011fi\u015fmedi\u2026<br \/>\nTabii asans\u00f6r falan yok o zamanlar\u2026<br \/>\nZemin kati en l\u00fcks\u00fc, birinci, ikinci katlar geni\u015f, olabildi\u011fince refah\u2026<br \/>\nDIKKAT<br \/>\nHaliyle i\u00e7 d\u00f6\u015feme, ah\u015fap\u2026<br \/>\nYukar\u0131 \u00e7\u0131kt\u0131k\u00e7a apartmanda daireler k\u00fc\u00e7\u00fcl\u00fcyor, izbele\u015fiyor\u2026<br \/>\nGittik\u00e7e g\u00fcn \u0131\u015f\u0131\u011f\u0131 g\u00f6rmez ma\u011faralara d\u00f6n\u00fcyor, ufac\u0131k ufac\u0131k pencereye benzer delikler\u2026<br \/>\nFakir, fukara \u201cyuvas\u0131\u201d!<\/p>\n<p>Haliyle \u201cAllah\u2019a&#8220; yak\u0131n oturuyorlar ya\u2026<br \/>\nYANGIN TEHLIKESI gittik\u00e7e art\u0131yor, \u00e7ok ama \u00e7ok insan can veriyor fakir diye\u2026<br \/>\nVe yine Romal\u0131lard\u0131r alta d\u00fckkan, \u00fcste daire mucitleri\u2026<br \/>\nEn az\u0131ndan benim bildi\u011fim \u00f6yle\u2026<br \/>\nPara be karde\u015fim para\u2026<br \/>\nBug\u00fcnlere nazaran ne degisti ki?<br \/>\nBak en \u00fcste, t\u00f6vbeler t\u00f6vbesi Allah \u2013 Lilah\u2026<br \/>\nA\u015fa\u011f\u0131da\u2026<br \/>\n\u00c7il, \u00e7il Ak\u00c7eler.<\/p>\n<p>Fakirin\u2026<br \/>\nVe hakk\u0131, o g\u00fcnde bug\u00fcnde \u00f6lmektir\u2026<br \/>\nNasibidir\u2026<br \/>\nAdaletin b\u00f6ylesi!???<\/p>\n<p>Yine iddia sahibidir bademler\u2026<br \/>\nHanlar, hamamlar, t\u00fcneler, k\u00f6pr\u00fcler, raylar ve de trenler falan\u2026<br \/>\nBak yeminle bu yol foto\u011fraflar\u0131 bir hafta oldu olmad\u0131 taraf\u0131mdan \u00e7ekildi\u2026<br \/>\nSadece bu sat\u0131rlar\u0131 yazabilmek i\u00e7in, G\u00d6R DIYE\u2026<br \/>\nT\u0131ra\u015f ettiler yolu, bak karde\u015fim bir terzinin o\u011fluyum, bir tornac\u0131n\u0131n\u2026<br \/>\nG\u00d6Z EGITIMLI\u2026<br \/>\n\u00d6l\u00e7t\u00fcm m\u00fc, g\u00f6z ile\u2026<br \/>\nYan\u0131lmam yani\u2026<br \/>\nYeminle g\u00f6rd\u00fc\u011f\u00fcn \u00fc\u00e7 santime varan bir t\u0131ra\u015f\u2026<br \/>\nYolun kendisi, ALLAH BELAMI VERSIN YALANIM VARSA en az\u0131ndan yar\u0131m metre kal\u0131nl\u0131\u011f\u0131nda\u2026<br \/>\nBADEMLERINIZ\u2026<br \/>\nRecep Tayyip Kahpedo\u011fan\u0131n\u0131z yap\u0131yor ya s\u00f6zde yollar, bir daha sefer DIKKAT ET\u2026<br \/>\nBak bakal\u0131m Tayyipistan yollar\u0131n\u0131n kal\u0131nl\u0131\u011f\u0131na\u2026<br \/>\n### ONU BIRAK, ESAS \u00d6NEMLISI ###<br \/>\nCan\u0131n g\u00fczel karde\u015fim, can\u0131n \u00f6nemli\u2026<br \/>\nDikkat et bak, sadece \u00fc\u00e7 santim, sadece 3\u2026<br \/>\nBuna ra\u011fmen k\u0131rm\u0131z\u0131 bir boya atm\u0131\u015flar, geceleri par\u0131l par\u0131l parl\u0131yor\u2026<br \/>\nCan ve mal kayb\u0131 olmas\u0131n diye, s\u00fcr\u00fcc\u00fclerin dikkatine!<\/p>\n<p>* Ek bilgiler<br \/>\n<a href=\"http:\/\/dergipark.gov.tr\/download\/article-file\/152405\" rel=\"noopener\" target=\"_blank\">KADIN F\u0130G\u00dcRL\u00dc B\u0130ZANS SERAM\u0130KLER\u0130 <\/a><\/p>\n","protected":false},"excerpt":{"rendered":"<p>Latince ada demek\u2026 Roma \u0130mparatorlu\u011fu zaman\u0131nda, Roma\u2019da kiral\u0131k binalara verilen isimdir Insula\u2026 Neden mi anlat\u0131r\u0131m sonra, daha \u00f6nemlisi\u2026 Bademlerin, atalar\u0131n\u0131n Roma ile ili\u015fkisi. Hani bir taraflar\u0131n\u0131 y\u0131rt\u0131yorlar ya ba\u015f\u00f6rt\u00fcs\u00fc, ba\u015f\u00f6rt\u00fcs\u00fc diye\u2026 Bizansl\u0131 han\u0131mefendiler ile onlarda ba\u011flama benzerli\u011fi \u00e7ok dikkat \u00e7ekici\u2026 Oku Yine T\u00fcrk mimarisi, alta d\u00fckkan \u00fcste bina\u2026 Tavuk mu, yumurta m\u0131 meselesi? Hangisi ilk &hellip; <\/p>\n<p class=\"link-more\"><a href=\"http:\/\/wordpress.gurbuz.net\/?p=8668\" class=\"more-link\"><span class=\"screen-reader-text\">\u201eInsula\u201c<\/span> weiterlesen<\/a><\/p>\n","protected":false},"author":1,"featured_media":0,"comment_status":"open","ping_status":"open","sticky":false,"template":"","format":"standard","meta":[],"categories":[1],"tags":[],"_links":{"self":[{"href":"http:\/\/wordpress.gurbuz.net\/index.php?rest_route=\/wp\/v2\/posts\/8668"}],"collection":[{"href":"http:\/\/wordpress.gurbuz.net\/index.php?rest_route=\/wp\/v2\/posts"}],"about":[{"href":"http:\/\/wordpress.gurbuz.net\/index.php?rest_route=\/wp\/v2\/types\/post"}],"author":[{"embeddable":true,"href":"http:\/\/wordpress.gurbuz.net\/index.php?rest_route=\/wp\/v2\/users\/1"}],"replies":[{"embeddable":true,"href":"http:\/\/wordpress.gurbuz.net\/index.php?rest_route=%2Fwp%2Fv2%2Fcomments&post=8668"}],"version-history":[{"count":5,"href":"http:\/\/wordpress.gurbuz.net\/index.php?rest_route=\/wp\/v2\/posts\/8668\/revisions"}],"predecessor-version":[{"id":8673,"href":"http:\/\/wordpress.gurbuz.net\/index.php?rest_route=\/wp\/v2\/posts\/8668\/revisions\/8673"}],"wp:attachment":[{"href":"http:\/\/wordpress.gurbuz.net\/index.php?rest_route=%2Fwp%2Fv2%2Fmedia&parent=8668"}],"wp:term":[{"taxonomy":"category","embeddable":true,"href":"http:\/\/wordpress.gurbuz.net\/index.php?rest_route=%2Fwp%2Fv2%2Fcategories&post=8668"},{"taxonomy":"post_tag","embeddable":true,"href":"http:\/\/wordpress.gurbuz.net\/index.php?rest_route=%2Fwp%2Fv2%2Ftags&post=8668"}],"curies":[{"name":"wp","href":"https:\/\/api.w.org\/{rel}","templated":true}]}}