{"id":8648,"date":"2018-04-22T12:19:45","date_gmt":"2018-04-22T12:19:45","guid":{"rendered":"http:\/\/wordpress.gurbuz.net\/?p=8648"},"modified":"2018-04-22T12:20:18","modified_gmt":"2018-04-22T12:20:18","slug":"baki-olan-allahtir","status":"publish","type":"post","link":"http:\/\/wordpress.gurbuz.net\/?p=8648","title":{"rendered":"Baki olan Allah\u2019t\u0131r"},"content":{"rendered":"<p>Bug\u00fcn\u00fcn muktedirine, g\u00fcc\u00fcne biat edenler\u2026<br \/>\nMillet mal\u0131n\u0131 haks\u0131z yere ve hara\u00e7 miza\u00e7 alanlar\u2026<br \/>\nBiliniz ki yar\u0131na hesap vereceksiniz!<\/p>\n<p>&#8212;<\/p>\n<p>24 haziran<br \/>\n21 Nisan 2018 <\/p>\n<p>Ecdad\u0131m\u0131z\u0131 s\u0131rt\u0131ndan b\u0131\u00e7aklayan, Ecyad kalesini y\u0131kan, resmi ziyarete gelen t\u00fcm yabanc\u0131 devlet y\u00f6neticilerinin aksine An\u0131tkabir&#8217;e asla ad\u0131m atmayan Suudi kral\u0131na, takvimde ba\u015fka g\u00fcn yokmu\u015f gibi hangi g\u00fcn \u015feref madalyas\u0131 takt\u0131lar? 10 Kas\u0131m&#8217;da.<br \/>\n*<br \/>\nPkk&#8217;y\u0131 tan\u0131k Tsk&#8217;y\u0131 san\u0131k yapt\u0131klar\u0131 d\u00f6nemde, Atat\u00fcrk\u00e7\u00fc subaylar\u0131 ter\u00f6rist, darbeci, fuhu\u015f\u00e7u, casus diye hapse t\u0131kt\u0131klar\u0131 d\u00f6nemde, TBMM genel kurulundaki \u201ca\u00e7\u0131l\u0131m\u201d toplant\u0131s\u0131n\u0131 \u00f6zellikle hangi g\u00fcne denk getirdiler? 10 Kas\u0131m&#8217;a.<br \/>\n*<br \/>\nBarzani&#8217;nin Amerikan bayrakl\u0131 K\u00fcrdistan silahl\u0131 kuvvetlerini, onurumuzla dalga ge\u00e7erek, havayi fi\u015fekler f\u0131rlatarak, halaylar \u00e7ekerek, kurbanlar keserek, lahmacunlar \u0131smarlayarak, resmi ge\u00e7it yapar gibi, hangi g\u00fcn topraklar\u0131m\u0131zdan ge\u00e7irdiler? 29 Ekim&#8217;de.<br \/>\n*<br \/>\nBa\u015fka g\u00fcn olmas\u0131 sanki m\u00fcmk\u00fcn de\u011filmi\u015f gibi, T\u00fcrk d\u00fc\u015fman\u0131 Papa&#8217;n\u0131n heykelinin \u00f6n\u00fcnde, Avrupa Birli\u011fi anayasas\u0131na hangi g\u00fcn imza att\u0131lar? 29 Ekim&#8217;de.<br \/>\n*<br \/>\nFetocular\u0131n organize etti\u011fi T\u00fcrk\u00e7e Olimpiyatlar\u0131&#8217;n\u0131n bizzat TBMM ba\u015fkan\u0131n\u0131n himayesinde ba\u015flat\u0131lmas\u0131n\u0131n temel amac\u0131 neyi g\u00f6lgelemekti? 23 Nisan.<br \/>\n*<br \/>\nPadi\u015fah Abd\u00fclmecid 26 Haziran&#8217;da \u00f6lm\u00fc\u015fken\u2026 Abd\u00fclmecid&#8217;in 150&#8217;nci \u00f6l\u00fcm y\u0131ld\u00f6n\u00fcm\u00fcn\u00fc an\u0131yoruz diyerek, milletvekillerine padi\u015fah tu\u011fral\u0131 davetiyeler g\u00f6ndererek, TBMM \u00e7at\u0131s\u0131 alt\u0131nda hangi g\u00fcn t\u00f6ren yapt\u0131lar? Mustafa Kemal hakk\u0131nda idam ferman\u0131 \u00e7\u0131kartan Vahdettin&#8217;in \u0130ngiliz gemisiyle ka\u00e7t\u0131\u011f\u0131 g\u00fcn, 17 Kas\u0131m&#8217;da.<br \/>\n*<br \/>\n\u201cLozan zafer filan de\u011fil\u201d derken, cumhurba\u015fkanl\u0131\u011f\u0131 se\u00e7imini tam olarak hangi g\u00fcn yapt\u0131lar? 10 A\u011fustos&#8217;ta Sevr&#8217;in y\u0131ld\u00f6n\u00fcm\u00fcnde.<br \/>\n*<br \/>\nKahramanl\u0131k destan\u0131 \u00e7\u0131karmak istedikleri Afrin&#8217;i en az iki g\u00fcn \u00f6nce ele ge\u00e7irme imkan\u0131 varken, iki g\u00fcn bekleyip, tam olarak hangi g\u00fcn fethettiler? 18 Mart \u00c7anakkale Zaferi&#8217;nde.<br \/>\n*<br \/>\nHay\u0131rsever R\u0131za beyle bakan \u00e7ocuklar\u0131n\u0131 \u201cpostmodern hukuk\u201dla hangi g\u00fcn tahliye etmi\u015flerdi? 28 \u015eubat&#8217;ta.<br \/>\n*<br \/>\n28 \u015eubat komutanlar\u0131na hangi g\u00fcn m\u00fcebbet verdiler? \u015eeriat\u00e7\u0131 31 Mart ayaklanmas\u0131n\u0131n y\u0131ld\u00f6n\u00fcm\u00fcnde.<br \/>\n*<br \/>\n12 Eyl\u00fcl darbesinin panzehiri olarak kakalanan yetmez ama evet referandumu hangi g\u00fcn yap\u0131ld\u0131? 12 Eyl\u00fcl&#8217;de.<br \/>\n*<br \/>\nS\u00f6zc\u00fc&#8217;y\u00fc bast\u0131lar.<br \/>\n19 May\u0131s&#8217;ta.<br \/>\n*<br \/>\n\u0130\u015flerine gelmeyen bir durumla kar\u015f\u0131la\u015ft\u0131klar\u0131nda hemen \u201czamanlama manidar\u201d derler ama\u2026 Att\u0131klar\u0131 her ad\u0131m\u0131n zamanlamas\u0131 manidar.<br \/>\n*<br \/>\nVe \u015fimdi s\u0131k\u0131 durun.<br \/>\n*<br \/>\nSe\u00e7imi hangi g\u00fcne ald\u0131lar?<br \/>\n24 Haziran&#8217;a.<br \/>\n24 Haziran nedir biliyor musunuz?<br \/>\nY\u00fcksek Se\u00e7im Kurulu ba\u015fkan\u0131 Sadi G\u00fcven&#8217;in do\u011fumg\u00fcn\u00fc!<br \/>\n*<br \/>\nHem vallahi hem billahi.<br \/>\nKaderin cilvesi.<br \/>\n*<br \/>\nElbette \u00f6b\u00fcr \u00f6rneklerde oldu\u011fu gibi r\u00f6van\u015f almak i\u00e7in se\u00e7mediler bu tarihi\u2026 Elbette Sadi G\u00fcven&#8217;in do\u011fumg\u00fcn\u00fcne denk gelsin diye se\u00e7mediler ama\u2026 Bu tarihin Sadi G\u00fcven&#8217;in do\u011fumg\u00fcn\u00fcyle m\u00fcthi\u015f alakas\u0131 var.<br \/>\n*<br \/>\n\u00c7\u00fcnk\u00fc\u2026 Y\u00fcksek se\u00e7im kurulu ba\u015fkan\u0131 alt\u0131 y\u0131ll\u0131\u011f\u0131na se\u00e7iliyor. Sadi G\u00fcven&#8217;in g\u00f6rev s\u00fcresi Ocak 2019&#8217;da sona eriyor.<br \/>\nYani\u2026 Erken se\u00e7im karar\u0131 al\u0131nmasayd\u0131, Kas\u0131m 2019&#8217;da yap\u0131lacak olan se\u00e7imde Sadi G\u00fcven olmayacakt\u0131!<br \/>\n*<br \/>\nSay\u0131n h\u00fck\u00fcmetimiz gerekirse Bah\u00e7elisiz bile se\u00e7ime gider ama, Sadi G\u00fcvensiz se\u00e7ime gider mi?<br \/>\nSadi G\u00fcven olmazsa, m\u00fch\u00fcrs\u00fcz oylar\u0131n g\u00fcven&#8217;li\u011fi i\u00e7in kime g\u00fcven&#8217;ebilirler Allah a\u015fk\u0131na!<br \/>\nREFERANS K\u0130TAP<br \/>\nAkp&#8217;nin yaratt\u0131\u011f\u0131 cehalet ikliminden faydalanan kar\u015f\u0131devrimciler, tarihimizi e\u011fip b\u00fck\u00fcp \u201calternatif tarih\u201d yazmak i\u00e7in sistematik \u00e7aba harc\u0131yor.<br \/>\n*<br \/>\nPiyasaya s\u00fcr\u00fclen abuk sabuk kitaplarla yalanlar pompalan\u0131yor, do\u011frular\u0131n yerine yanl\u0131\u015flar monte ediliyor, zihinler buland\u0131r\u0131l\u0131yor, sanki somut bilgiler i\u00e7eriyormu\u015f gibi o palavra kitaplara at\u0131fta bulunuluyor, ger\u00e7ekler bulan\u0131kla\u015f\u0131yor.<br \/>\n*<br \/>\nBu nedenle, gen\u00e7lerle ne zaman biraraya gelsek, hep ayn\u0131 konudan \u015fikayet ediyorlar, referans kitap \u00f6nermemizi istiyorlar.<br \/>\n*<br \/>\nTarihimizi olumlu-olumsuz y\u00f6nleriyle, iyisiyle k\u00f6t\u00fcs\u00fcyle c\u0131mb\u0131zlamadan, ya\u015fand\u0131\u011f\u0131 gibi okumak istiyorlar. Saklamadan, gizlemeden, \u00f6rtmeden, dayatmadan, y\u00f6nlendirme yapmadan, kand\u0131rmadan\u2026 \u00c7\u0131plak ger\u00e7ekleriyle \u00f6\u011frenmek istiyorlar.<br \/>\n*<br \/>\nOsmanl\u0131&#8217;dan Cumhuriyet&#8217;e G\u00fc\u00e7 Odaklar\u0131n\u0131n M\u00fccadelesi.<br \/>\n*<br \/>\nSon genelkurmay ba\u015fkan\u0131m\u0131z \u0130lker Ba\u015fbu\u011f&#8217;un yeni kitab\u0131\u2026<br \/>\n\u00d6zellikle gen\u00e7 arkada\u015flara \u201creferans kitap\u201d olarak \u00f6neriyorum.<br \/>\n*<br \/>\nOsman Gazi&#8217;den Mustafa Kemal Atat\u00fcrk&#8217;e uzanan 600 y\u0131ll\u0131k tarihsel kesitte, siyasi, askeri, ekonomik g\u00fc\u00e7 \u00e7arp\u0131\u015fmalar\u0131, taht kavgalar\u0131, derin y\u00fczle\u015fmeler\u2026 M\u00fcthi\u015f analitik ak\u0131c\u0131l\u0131kla su gibi anlat\u0131l\u0131yor.<br \/>\n*<br \/>\nTarih, ilerisini g\u00f6remeyenler i\u00e7in \u00e7ok ac\u0131mas\u0131zd\u0131r.<br \/>\nTarih, tarihi \u00e7arp\u0131k \u00f6\u011frenenler i\u00e7in daha ac\u0131mas\u0131zd\u0131r.<br \/>\nD\u00fcn\u00fc merak edip, bug\u00fcn\u00fc anlay\u0131p, yar\u0131n\u0131 net g\u00f6rmek istiyorsan\u0131z, bu kitab\u0131 mutlaka okuyun.<br \/>\n*<br \/>\n(Bug\u00fcn piyasaya \u00e7\u0131k\u0131yor. \u0130zmirliler ekstra \u015fansl\u0131\u2026 \u0130lker Ba\u015fbu\u011f \u201cOsmanl\u0131&#8217;dan Cumhuriyet&#8217;e G\u00fc\u00e7 Odaklar\u0131n\u0131n M\u00fccadelesi\u201d isimli kitab\u0131n\u0131, bug\u00fcn \u0130zmir Kitap Fuar\u0131&#8217;nda K\u0131rm\u0131z\u0131 Kedi&#8217;de imzal\u0131yor.)<\/p>\n<p>https:\/\/www.sozcu.com.tr\/2018\/yazarlar\/yilmaz-ozdil\/24-haziran-2362612\/?utm_source=yazarlar&#038;utm_campaign=diger_yazilar&#038;utm_medium=diger<\/p>\n","protected":false},"excerpt":{"rendered":"<p>Bug\u00fcn\u00fcn muktedirine, g\u00fcc\u00fcne biat edenler\u2026 Millet mal\u0131n\u0131 haks\u0131z yere ve hara\u00e7 miza\u00e7 alanlar\u2026 Biliniz ki yar\u0131na hesap vereceksiniz! &#8212; 24 haziran 21 Nisan 2018 Ecdad\u0131m\u0131z\u0131 s\u0131rt\u0131ndan b\u0131\u00e7aklayan, Ecyad kalesini y\u0131kan, resmi ziyarete gelen t\u00fcm yabanc\u0131 devlet y\u00f6neticilerinin aksine An\u0131tkabir&#8217;e asla ad\u0131m atmayan Suudi kral\u0131na, takvimde ba\u015fka g\u00fcn yokmu\u015f gibi hangi g\u00fcn \u015feref madalyas\u0131 takt\u0131lar? 10 &hellip; <\/p>\n<p class=\"link-more\"><a href=\"http:\/\/wordpress.gurbuz.net\/?p=8648\" class=\"more-link\"><span class=\"screen-reader-text\">\u201eBaki olan Allah\u2019t\u0131r\u201c<\/span> weiterlesen<\/a><\/p>\n","protected":false},"author":1,"featured_media":0,"comment_status":"open","ping_status":"open","sticky":false,"template":"","format":"standard","meta":[],"categories":[1],"tags":[],"_links":{"self":[{"href":"http:\/\/wordpress.gurbuz.net\/index.php?rest_route=\/wp\/v2\/posts\/8648"}],"collection":[{"href":"http:\/\/wordpress.gurbuz.net\/index.php?rest_route=\/wp\/v2\/posts"}],"about":[{"href":"http:\/\/wordpress.gurbuz.net\/index.php?rest_route=\/wp\/v2\/types\/post"}],"author":[{"embeddable":true,"href":"http:\/\/wordpress.gurbuz.net\/index.php?rest_route=\/wp\/v2\/users\/1"}],"replies":[{"embeddable":true,"href":"http:\/\/wordpress.gurbuz.net\/index.php?rest_route=%2Fwp%2Fv2%2Fcomments&post=8648"}],"version-history":[{"count":1,"href":"http:\/\/wordpress.gurbuz.net\/index.php?rest_route=\/wp\/v2\/posts\/8648\/revisions"}],"predecessor-version":[{"id":8649,"href":"http:\/\/wordpress.gurbuz.net\/index.php?rest_route=\/wp\/v2\/posts\/8648\/revisions\/8649"}],"wp:attachment":[{"href":"http:\/\/wordpress.gurbuz.net\/index.php?rest_route=%2Fwp%2Fv2%2Fmedia&parent=8648"}],"wp:term":[{"taxonomy":"category","embeddable":true,"href":"http:\/\/wordpress.gurbuz.net\/index.php?rest_route=%2Fwp%2Fv2%2Fcategories&post=8648"},{"taxonomy":"post_tag","embeddable":true,"href":"http:\/\/wordpress.gurbuz.net\/index.php?rest_route=%2Fwp%2Fv2%2Ftags&post=8648"}],"curies":[{"name":"wp","href":"https:\/\/api.w.org\/{rel}","templated":true}]}}