{"id":86133,"date":"2022-02-01T13:14:56","date_gmt":"2022-02-01T13:14:56","guid":{"rendered":"http:\/\/wordpress.gurbuz.net\/?p=86133"},"modified":"2022-02-01T13:43:01","modified_gmt":"2022-02-01T13:43:01","slug":"istediginiz-kadar-kizin-bana-sadece-tescilli-geri-zekali-degilsiniz-safsiniz-saf-saf-geri-zekalilar","status":"publish","type":"post","link":"http:\/\/wordpress.gurbuz.net\/?p=86133","title":{"rendered":"\u0130stedi\u011finiz kadar k\u0131z\u0131n bana SADECE tescilli geri zek\u00e2l\u0131 de\u011filsiniz safs\u0131n\u0131z SAF. Saf geri zek\u00e2l\u0131lar"},"content":{"rendered":"<p>\u201cCumhurba\u015fkan\u0131 Erdo\u011fan, &#8222;Elektrikte ayl\u0131k t\u00fcketimi 150 kilovattan 210 kilovata \u00e7\u0131kar\u0131yoruz&#8220; dedi.\u201d<br \/>\nYazm\u0131\u015ft\u0131m\u2026<br \/>\n\u00c7ok oluyor \u00e7a\u011f\u0131m\u0131zda bir toplumun medeniyet d\u00fczeyi kulland\u0131\u011f\u0131 elektrik ile orant\u0131l\u0131. \u0130yi ki orospular geldi, onlar gelmeseydi hala ma\u011faralarda\u2026<br \/>\nILKEL ilkel ya\u015fayacakt\u0131k\u2026<br \/>\nA\u011fa\u00e7 kovuklar\u0131nda, davullar ile haberle\u015fiyorduk\u2026<br \/>\nB\u0131rak buzdolab\u0131n\u0131, varl\u0131k kuyruklar\u0131ndan YOKSUN\u2026<br \/>\nTenzilatl\u0131 \u00e7ars\u0131 pazar yoksunu\u2026<br \/>\n<iframe loading=\"lazy\" title=\"\u0130\u015eTE AKP D\u00d6NEM\u0130N\u0130N TANZ\u0130M SATI\u015e KUYRUKLARI!\" width=\"525\" height=\"295\" src=\"https:\/\/www.youtube.com\/embed\/hdvDf7xCg1c?feature=oembed\" frameborder=\"0\" allow=\"accelerometer; autoplay; clipboard-write; encrypted-media; gyroscope; picture-in-picture\" allowfullscreen><\/iframe><br \/>\nHayvanlar olarak s\u00fcrd\u00fcrecektik SEFIL hayatlar\u0131m\u0131z\u0131.<\/p>\n<p>ONLARLA \u00f6\u011frendik M\u00fcsl\u00fcmanl\u0131\u011f\u0131\u2026<br \/>\nOnlar ile ya\u015fad\u0131k, ya\u015f\u0131yoruz her \u015feyi. Analar\u0131m\u0131zdan \u00e7\u0131kt\u0131\u011f\u0131m\u0131zdan beri g\u00f6rmediklerimizi.<\/p>\n<p>210 Kilowatt ha\u2026<br \/>\n\u00c7arp 12 ile, senenin aylar\u0131\u2026<br \/>\nEder SENEDE 2520 Kilowatt saat\u2026<br \/>\nSahi NEDEN d\u00fcnya \u00e2lem Almanya\u2019ya gelmeye \u00e7al\u0131\u015f\u0131yor?<\/p>\n<p>Neden herkes Alamanya yolcusu olmaya \u00e7al\u0131\u015f\u0131yor?<\/p>\n<p>Ne demi\u015ftik?<br \/>\n\u00c7a\u011f\u0131m\u0131zda bir toplumun medeniyet d\u00fczeyi kulland\u0131\u011f\u0131 elektrik ile orant\u0131l\u0131\u2026<br \/>\nAlmanya\u2019da SENELIK ortalama elektrik t\u00fcketimi\u2026<br \/>\n4000 KiloWatt saat!<\/p>\n<p>Ulan Tayyip\u2026<br \/>\nGidip estetik olmazsan\u2026<br \/>\nSikini b\u00fcy\u00fctmezsen yaz\u0131klar olsun sana\u2026<br \/>\n1 metre ulan EN AZ 1 metre uzats\u0131nlar\u2026<br \/>\nYETMIYOR senin ki bu\u2026<br \/>\nHayvanlara!<\/p>\n<p>* El al\u0131\u015fkanl\u0131\u011f\u0131\u2026<br \/>\nDo\u011frusu kW\/h\u2026<br \/>\nKilovat saat. <\/p>\n<p>Bu Sene \u0130ftar \u00c7ad\u0131rlar\u0131 Kurulacak M\u0131?<\/p>\n<p><img src=\"https:\/\/www.haberts.com\/images\/haberler\/2021\/04\/bu_sene_iftar_cadirlari_kurulacak_mi_h212889_5a9e5.jpg\" alt=\"\" \/><\/p>\n<p><a href=\"https:\/\/www.posta.com.tr\/bedava-ekmek-arasi-hamsi-kuyrugu-video-1257769\" rel=\"noopener\" target=\"_blank\">2017g\u00f6r\u00fcnt\u00fcleri BEDAVA ekmek aras\u0131 hamsi kuyru\u011fu<\/a><\/p>\n<p>G\u00d6T\u00dcN\u00dcZE SOKUN&#8230;<br \/>\n&#8222;D\u00fcnya liderinizi&#8220;<\/p>\n<p>https:\/\/tr.sputniknews.com\/20220201\/yeni-duzenleme-ile-bir-ayda-230-kwh-elektrik-tuketen-bir-aile-ne-kadar-fatura-odeyecek-1053340016.html<\/p>\n<p>Mesela:<\/p>\n<p><a href=\"https:\/\/www.laenderdaten.info\/iq-nach-laendern.php\" rel=\"noopener\" target=\"_blank\">incele AMA bu en son arastirma degil. SONUNCU geldik SONUNCU. D\u00fcnyanin en aptal milleti. Yayinlamistim<\/a><\/p>\n<p>Burada 48.<br \/>\nGene IYI<\/p>\n","protected":false},"excerpt":{"rendered":"<p>\u201cCumhurba\u015fkan\u0131 Erdo\u011fan, &#8222;Elektrikte ayl\u0131k t\u00fcketimi 150 kilovattan 210 kilovata \u00e7\u0131kar\u0131yoruz&#8220; dedi.\u201d Yazm\u0131\u015ft\u0131m\u2026 \u00c7ok oluyor \u00e7a\u011f\u0131m\u0131zda bir toplumun medeniyet d\u00fczeyi kulland\u0131\u011f\u0131 elektrik ile orant\u0131l\u0131. \u0130yi ki orospular geldi, onlar gelmeseydi hala ma\u011faralarda\u2026 ILKEL ilkel ya\u015fayacakt\u0131k\u2026 A\u011fa\u00e7 kovuklar\u0131nda, davullar ile haberle\u015fiyorduk\u2026 B\u0131rak buzdolab\u0131n\u0131, varl\u0131k kuyruklar\u0131ndan YOKSUN\u2026 Tenzilatl\u0131 \u00e7ars\u0131 pazar yoksunu\u2026 Hayvanlar olarak s\u00fcrd\u00fcrecektik SEFIL hayatlar\u0131m\u0131z\u0131. ONLARLA \u00f6\u011frendik &hellip; <\/p>\n<p class=\"link-more\"><a href=\"http:\/\/wordpress.gurbuz.net\/?p=86133\" class=\"more-link\"><span class=\"screen-reader-text\">\u201e\u0130stedi\u011finiz kadar k\u0131z\u0131n bana SADECE tescilli geri zek\u00e2l\u0131 de\u011filsiniz safs\u0131n\u0131z SAF. Saf geri zek\u00e2l\u0131lar\u201c<\/span> weiterlesen<\/a><\/p>\n","protected":false},"author":1,"featured_media":0,"comment_status":"open","ping_status":"open","sticky":false,"template":"","format":"standard","meta":[],"categories":[1],"tags":[],"_links":{"self":[{"href":"http:\/\/wordpress.gurbuz.net\/index.php?rest_route=\/wp\/v2\/posts\/86133"}],"collection":[{"href":"http:\/\/wordpress.gurbuz.net\/index.php?rest_route=\/wp\/v2\/posts"}],"about":[{"href":"http:\/\/wordpress.gurbuz.net\/index.php?rest_route=\/wp\/v2\/types\/post"}],"author":[{"embeddable":true,"href":"http:\/\/wordpress.gurbuz.net\/index.php?rest_route=\/wp\/v2\/users\/1"}],"replies":[{"embeddable":true,"href":"http:\/\/wordpress.gurbuz.net\/index.php?rest_route=%2Fwp%2Fv2%2Fcomments&post=86133"}],"version-history":[{"count":9,"href":"http:\/\/wordpress.gurbuz.net\/index.php?rest_route=\/wp\/v2\/posts\/86133\/revisions"}],"predecessor-version":[{"id":86142,"href":"http:\/\/wordpress.gurbuz.net\/index.php?rest_route=\/wp\/v2\/posts\/86133\/revisions\/86142"}],"wp:attachment":[{"href":"http:\/\/wordpress.gurbuz.net\/index.php?rest_route=%2Fwp%2Fv2%2Fmedia&parent=86133"}],"wp:term":[{"taxonomy":"category","embeddable":true,"href":"http:\/\/wordpress.gurbuz.net\/index.php?rest_route=%2Fwp%2Fv2%2Fcategories&post=86133"},{"taxonomy":"post_tag","embeddable":true,"href":"http:\/\/wordpress.gurbuz.net\/index.php?rest_route=%2Fwp%2Fv2%2Ftags&post=86133"}],"curies":[{"name":"wp","href":"https:\/\/api.w.org\/{rel}","templated":true}]}}