{"id":8555,"date":"2018-04-20T08:19:59","date_gmt":"2018-04-20T08:19:59","guid":{"rendered":"http:\/\/wordpress.gurbuz.net\/?p=8555"},"modified":"2018-04-20T08:29:38","modified_gmt":"2018-04-20T08:29:38","slug":"farkli-dusunuyorum","status":"publish","type":"post","link":"http:\/\/wordpress.gurbuz.net\/?p=8555","title":{"rendered":"Farkl\u0131 d\u00fc\u015f\u00fcn\u00fcyorum"},"content":{"rendered":"<p>Bir \u00f6nceki yaz\u0131m i\u015fin latifesiydi\u2026<br \/>\nTabii \u015fahsi g\u00f6r\u00fc\u015f\u00fcm, neticede ben kimim ki?<br \/>\nMeral r\u00fczg\u00e2r\u0131\u2026<br \/>\n\u00c7ok g\u00f6rd\u00fck, ya\u015fad\u0131k, \u015fahit olduk bu t\u00fcr r\u00fczgarlara. En son Almanya\u2019da, \u201cSchulz Effekt\u201d dediler\u2026<br \/>\nA\u011f\u0131zlar\u0131n\u0131n pay\u0131n\u0131 ald\u0131lar. \u015eimdi de Nahles diyorlar\u2026<br \/>\nG\u00f6rece\u011fiz, ben kendimden eminim. Biliyorum, beter edecek!<\/p>\n<p>Neden biliyor musunuz?<br \/>\nLider denilen vas\u0131flar\u0131 aras\u0131nda olmal\u0131 inand\u0131r\u0131c\u0131l\u0131k, bilgi, en az\u0131ndan bilgili oldu\u011fu g\u00f6r\u00fcn\u00fcm\u00fc\u2026<br \/>\nSonra\u2026<br \/>\nBir hedefi olmal\u0131, bu hedef, varmak istedi\u011fi nokta insanlar taraf\u0131ndan anla\u015f\u0131l\u0131r olmakla birlikte, kapsay\u0131c\u0131 olup insanlara yeni \u00fcmitler vermeli. Hayal bile olsa, bu hayaller u\u011fruna insanlar m\u00fccadele etmeye haz\u0131r olmal\u0131.<br \/>\nBen bu kad\u0131n\u0131 g\u00f6rd\u00fcm, ya\u015fad\u0131m.  Mehmet A\u011far ekol\u00fcnden bir tipleme\u2026<br \/>\n\u015e\u00fcphesiz\u2026<br \/>\nErdo\u011fan\u2019dan gayri her \u015fey \u00fclke i\u00e7in daha hay\u0131rl\u0131d\u0131r AMA bir b\u00fcrokrat bu \u00fclkeye pek bir \u015fey veremeyecek, vermeyecek. Bak\u0131n Tansu Han\u0131m bu konuda \u00e7ok farkl\u0131yd\u0131\u2026<br \/>\n\u00dcRETKENDI\u2026<br \/>\nBu hanim karde\u015fimiz bir \u201cemir kulu\u201d. G\u00f6revini yerine getirir\u2026<br \/>\nGetirecektir.<\/p>\n<p>Okuyorum k\u00f6\u015fe yazarlar\u0131n\u0131\u2026<br \/>\nElbette benden GURUR duyar\u0131m \u00fclkemde bir kad\u0131n cumhurba\u015fkan\u0131ndan\u2026<br \/>\nZaman\u0131nda ne \u00e7ok sevinmi\u015ftim, benim \u00fclkemde bir kad\u0131n ba\u015fbakan\u2026<br \/>\nBir\u00e7ok Avrupa \u00fclkesinden \u00f6nce, benim \u00fclkemde, T\u00fcrkiye\u2019m de\u2026<br \/>\nAma vas\u0131flar\u0131, liyakati konusunda ciddi \u015f\u00fcphelerim var.<\/p>\n<p>Sonra\u2026<br \/>\nMeral han\u0131m\u0131n erken se\u00e7im karar\u0131nda \u201cetken\u201d oldu\u011fu konusunda hemfikir de\u011filim di\u011ferleriyle. Mutlaka bir rol\u00fc olmu\u015ftur AMA bana g\u00f6re esas gerek\u00e7e\u2026<br \/>\nEKONOMIK\u2026<br \/>\n\u00dcretmeden t\u00fcketime dayal\u0131 bir s\u00fcre\u00e7 ilelebet s\u00fcremezdi\u2026<br \/>\nM\u00fcmk\u00fcn de\u011fildir b\u00f6yle bir \u015fey. Yolun sonu g\u00f6r\u00fcnd\u00fc gibi\u2026<br \/>\nSADECE\u2026<br \/>\nGibi, e\u011fer \u00e7ok hassas ve dikkatli bir yol izlenmezse\u2026<br \/>\nYSK falan\u2026<br \/>\nAKP a\u00e7\u0131s\u0131ndan se\u00e7imler cepte!<\/p>\n<p>&#8212;<br \/>\nBak dolar\u2026<br \/>\n4,03\u2026<br \/>\nEuro, be\u015f civar\u0131nda\u2026<br \/>\nHALA!<br \/>\n&#8212;<\/p>\n","protected":false},"excerpt":{"rendered":"<p>Bir \u00f6nceki yaz\u0131m i\u015fin latifesiydi\u2026 Tabii \u015fahsi g\u00f6r\u00fc\u015f\u00fcm, neticede ben kimim ki? Meral r\u00fczg\u00e2r\u0131\u2026 \u00c7ok g\u00f6rd\u00fck, ya\u015fad\u0131k, \u015fahit olduk bu t\u00fcr r\u00fczgarlara. En son Almanya\u2019da, \u201cSchulz Effekt\u201d dediler\u2026 A\u011f\u0131zlar\u0131n\u0131n pay\u0131n\u0131 ald\u0131lar. \u015eimdi de Nahles diyorlar\u2026 G\u00f6rece\u011fiz, ben kendimden eminim. Biliyorum, beter edecek! Neden biliyor musunuz? Lider denilen vas\u0131flar\u0131 aras\u0131nda olmal\u0131 inand\u0131r\u0131c\u0131l\u0131k, bilgi, en az\u0131ndan bilgili &hellip; <\/p>\n<p class=\"link-more\"><a href=\"http:\/\/wordpress.gurbuz.net\/?p=8555\" class=\"more-link\"><span class=\"screen-reader-text\">\u201eFarkl\u0131 d\u00fc\u015f\u00fcn\u00fcyorum\u201c<\/span> weiterlesen<\/a><\/p>\n","protected":false},"author":1,"featured_media":0,"comment_status":"open","ping_status":"open","sticky":false,"template":"","format":"standard","meta":[],"categories":[1],"tags":[],"_links":{"self":[{"href":"http:\/\/wordpress.gurbuz.net\/index.php?rest_route=\/wp\/v2\/posts\/8555"}],"collection":[{"href":"http:\/\/wordpress.gurbuz.net\/index.php?rest_route=\/wp\/v2\/posts"}],"about":[{"href":"http:\/\/wordpress.gurbuz.net\/index.php?rest_route=\/wp\/v2\/types\/post"}],"author":[{"embeddable":true,"href":"http:\/\/wordpress.gurbuz.net\/index.php?rest_route=\/wp\/v2\/users\/1"}],"replies":[{"embeddable":true,"href":"http:\/\/wordpress.gurbuz.net\/index.php?rest_route=%2Fwp%2Fv2%2Fcomments&post=8555"}],"version-history":[{"count":4,"href":"http:\/\/wordpress.gurbuz.net\/index.php?rest_route=\/wp\/v2\/posts\/8555\/revisions"}],"predecessor-version":[{"id":8559,"href":"http:\/\/wordpress.gurbuz.net\/index.php?rest_route=\/wp\/v2\/posts\/8555\/revisions\/8559"}],"wp:attachment":[{"href":"http:\/\/wordpress.gurbuz.net\/index.php?rest_route=%2Fwp%2Fv2%2Fmedia&parent=8555"}],"wp:term":[{"taxonomy":"category","embeddable":true,"href":"http:\/\/wordpress.gurbuz.net\/index.php?rest_route=%2Fwp%2Fv2%2Fcategories&post=8555"},{"taxonomy":"post_tag","embeddable":true,"href":"http:\/\/wordpress.gurbuz.net\/index.php?rest_route=%2Fwp%2Fv2%2Ftags&post=8555"}],"curies":[{"name":"wp","href":"https:\/\/api.w.org\/{rel}","templated":true}]}}