{"id":8525,"date":"2018-04-19T13:30:47","date_gmt":"2018-04-19T13:30:47","guid":{"rendered":"http:\/\/wordpress.gurbuz.net\/?p=8525"},"modified":"2018-04-19T14:42:29","modified_gmt":"2018-04-19T14:42:29","slug":"sinek-siklet","status":"publish","type":"post","link":"http:\/\/wordpress.gurbuz.net\/?p=8525","title":{"rendered":"Sinek s\u0131klet"},"content":{"rendered":"<p>Okuyorum k\u00f6\u015fe yazarlar\u0131n\u0131\u2026<br \/>\nOkuyorum d\u0131\u015f bas\u0131n\u0131, i\u00e7i, art\u0131k i\u00e7 denirse\u2026<br \/>\nYanda\u015f bas\u0131n\u0131\u2026<br \/>\nEntelin dantelin d\u00fc\u015f\u00fcncelerini ve tabii ger\u00e7ek entelekt\u00fcelleri.<\/p>\n<p>Bak karde\u015fim\u2026<br \/>\nBir \u00e7eyrek, bir yar\u0131m ak\u0131ll\u0131, 2,5 gram ak\u0131l sahibi olarak benim d\u00fc\u015f\u00fcncelerimi soracak olursan(!)<\/p>\n<p>Kahpedo\u011fan hakk\u0131nda, iki ihtimal \u00e7\u0131k\u0131yor \u00f6ne:<br \/>\n1. Ya ger\u00e7ekten s\u00fcper zek\u00e2 ki \u00f6yle olsa FET\u00d6 ve benzeri olaylar olmazd\u0131\u2026<br \/>\n2. Maddi ve manevi y\u00f6nlendirme, destek d\u0131\u015far\u0131dan<br \/>\na) Maddiyat ile ba\u015flayal\u0131m, malumunuz s\u0131cak para. Sat\u0131lar, savd\u0131lar o ba\u015fka ANCAK yetmezdi bu para bunca seneye, hele kendileri i\u00e7in ay\u0131rd\u0131klar\u0131n\u0131 da dikkate al\u0131rsak. \u00d6nceleri Suudiler, ki hala inan\u0131yorum Kripto konular\u0131nda onlardan destek ald\u0131klar\u0131na, Katar, Kuveyt falan olmasa bunlar \u00e7oktan ifrazd\u0131. Sen yabanc\u0131 yat\u0131r\u0131mc\u0131ya ne kadar kolayl\u0131k sa\u011flarsan sa\u011fla, \u00f6z kaynak isteyecekler senden, G\u00dcVENCE<br \/>\nT\u00fcketim \u00e7ok, \u00fcretim yok. Kredi kart\u0131, teminat falan AMA nereye kadar?<br \/>\nTOKI\u2026<br \/>\nOnlar\u0131n en \u00f6nemli gelir kayna\u011f\u0131 idi\u2026<br \/>\nHat\u0131rla, yay\u0131nlad\u0131m gazete kup\u00fcr\u00fcn\u00fc, Erdo\u011fan arazi Mafyas\u0131n\u0131n kendisi!<br \/>\nBitti, bitti\u2026<br \/>\nTalep yok, arz \u2013 talep meselesi!<br \/>\nb) Gir bak ar\u015fivlerime\u2026<br \/>\nBu ku\u015fkuyu hep dilendirdim, bu ger\u00e7e\u011fi hep dile getirdim\u2026<br \/>\nTa ba\u015f\u0131ndan beri bilimsel veriler ile hamle at\u0131yorlar, en g\u00fczel \u00f6rnek kamuoyu ara\u015ft\u0131rmalar\u0131\u2026<br \/>\nHalk\u0131n\u2026<br \/>\nVaro\u015flar\u0131n &gt;&gt;&gt; nabz\u0131na &lt;&lt;&lt; \u00e7ok yak\u0131nlar. Bu ak\u0131l\u2026<br \/>\nSADECE bu konuda bu bilimsellik\u2026<br \/>\nBir \u00fcst ak\u0131l taraf\u0131ndan m\u0131 yoksa AKP zihniyetinin geli\u015ftirdi\u011fi bir strateji mi? <\/p>\n<p>Soru bu! <\/p>\n<p>Para ve kayna\u011f\u0131 kadar \u00f6nemli bir soru ki gereken \u00f6nlemi alabilesin &gt; do\u011fru &lt; cevaplanmas\u0131, yan\u0131tlamas\u0131 gerek bir soru!<br \/>\nSonra\u2026<br \/>\nKu\u015f gribi gibi bir konu, hat\u0131rla\u2026<br \/>\nVe bu pezevengin verdi\u011fi tepki bu sorunun cevab\u0131n\u0131 veriyor AMA kim bu, kim?<br \/>\nBu \u00fclke \u00f6yle veya b\u00f6yle y\u00f6netiliyor AMA kim y\u00f6netiyor, nereden y\u00f6netiyor?<\/p>\n<p>Bak g\u00fczel karde\u015fim\u2026<br \/>\nKAYBEDEMEZLER, kaybetme l\u00fcksleri YOK\u2026<br \/>\nNe yap\u0131p yap\u0131p kazanacaklar bu se\u00e7imleri\u2026<br \/>\n\u00d6yle veya b\u00f6yle\u2026<br \/>\nHalk\u2026<br \/>\nEn az\u0131ndan b\u00fcy\u00fck bir b\u00f6l\u00fcm\u00fc koyun, bir\u2026<br \/>\n\u0130kicisi\u2026<br \/>\n\u201cBana dokunmayan y\u0131lan bin ya\u015fas\u0131n\u201d d\u00fc\u015f\u00fcncesine VE keyfi\u2026<br \/>\nYani keyfini bozup vatan \u2013 millet, Sakarya edebiyat\u0131n\u0131 yapar AMA keyfini bozmayacak kadar da bencil.<\/p>\n<p>Bu durum kar\u015f\u0131s\u0131nda\u2026<br \/>\nBu ger\u00e7ekler \u0131\u015f\u0131\u011f\u0131nda\u2026<br \/>\nBu zihniyetin \u00f6n\u00fcne konan, al iste meydanda, y\u0131rt\u0131k dondan \u00e7\u0131kar gibi \u00e7\u0131km\u0131\u015f\u2026<br \/>\nSe\u00e7im \u00fczerine se\u00e7im kaybetmi\u015f, aslinda tercih\u2026<br \/>\nMir Dengi F\u0131rat kar\u015f\u0131s\u0131nda bir \u201cf\u0131rt\u0131na\u201d \u0131l\u0131k bir meltem esti\u2026<br \/>\nBence&#8230;<br \/>\nAnnem \u00e7ok g\u00fczel bir lakap buldu, Gandi Kemal de\u011fil, sinek s\u0131klet\u2026<br \/>\nBir a\u011f\u0131r top kar\u015f\u0131s\u0131nda, Yahudilerin Hz. Davud ve Goliath benzetmesi AMA\u2026<br \/>\nBu herif, ihtiyar bunak bir Hz. Davud de\u011fil!<\/p>\n<p>\u00c7\u0131kard\u0131lar bir kad\u0131n piyasaya\u2026<br \/>\nS\u00f6zde r\u00fczg\u00e2r estirdi, olabilir\u2026<br \/>\nKemal gibi bir meltem belki, AMA ciddi bir rakip olabilir mi\u2026<br \/>\nHele hele bu s\u00f6ylemiyle\u2026<br \/>\nKu\u015fkuluyum, ger\u00e7ekten rakip olsa, olabilse bile\u2026<br \/>\nHile\u2026<br \/>\n\u0130le onu yine alt edecekler, bu kesin\u2026<br \/>\nBug\u00fcne kadar sand\u0131\u011fa sahip \u00e7\u0131kmayan, \u00e7\u0131kamayanlar\u2026<br \/>\n\u015eimdi mi sahip \u00e7\u0131kabilecekler?<br \/>\nHadi can\u0131m sende, bebekleri de leylekler getiriyor de\u011fil mi?<\/p>\n<p>Bu kati bir kanaatimdir\u2026<br \/>\nSe\u00e7im ile geldiler ama se\u00e7im ile kesinlikle gitmeyecekler\u2026<br \/>\nDedeleri\u2026<br \/>\nVahdeddin \u00f6rnektir onlara, karde\u015fi karde\u015fe d\u00fc\u015f\u00fcrmek, karde\u015f kan\u0131 ak\u0131tmak \u00f6zg\u00fcd\u00fcr bunlara\u2026<br \/>\nBu \u00e7eyrek, eminim bundan\u2026<br \/>\nEninde sonunda silah\u0131 alacak eline\u2026<br \/>\nYa \u00f6lmek veya \u00f6ld\u00fcrmek i\u00e7in!<\/p>\n","protected":false},"excerpt":{"rendered":"<p>Okuyorum k\u00f6\u015fe yazarlar\u0131n\u0131\u2026 Okuyorum d\u0131\u015f bas\u0131n\u0131, i\u00e7i, art\u0131k i\u00e7 denirse\u2026 Yanda\u015f bas\u0131n\u0131\u2026 Entelin dantelin d\u00fc\u015f\u00fcncelerini ve tabii ger\u00e7ek entelekt\u00fcelleri. Bak karde\u015fim\u2026 Bir \u00e7eyrek, bir yar\u0131m ak\u0131ll\u0131, 2,5 gram ak\u0131l sahibi olarak benim d\u00fc\u015f\u00fcncelerimi soracak olursan(!) Kahpedo\u011fan hakk\u0131nda, iki ihtimal \u00e7\u0131k\u0131yor \u00f6ne: 1. Ya ger\u00e7ekten s\u00fcper zek\u00e2 ki \u00f6yle olsa FET\u00d6 ve benzeri olaylar olmazd\u0131\u2026 2. &hellip; <\/p>\n<p class=\"link-more\"><a href=\"http:\/\/wordpress.gurbuz.net\/?p=8525\" class=\"more-link\"><span class=\"screen-reader-text\">\u201eSinek s\u0131klet\u201c<\/span> weiterlesen<\/a><\/p>\n","protected":false},"author":1,"featured_media":0,"comment_status":"open","ping_status":"open","sticky":false,"template":"","format":"standard","meta":[],"categories":[1],"tags":[],"_links":{"self":[{"href":"http:\/\/wordpress.gurbuz.net\/index.php?rest_route=\/wp\/v2\/posts\/8525"}],"collection":[{"href":"http:\/\/wordpress.gurbuz.net\/index.php?rest_route=\/wp\/v2\/posts"}],"about":[{"href":"http:\/\/wordpress.gurbuz.net\/index.php?rest_route=\/wp\/v2\/types\/post"}],"author":[{"embeddable":true,"href":"http:\/\/wordpress.gurbuz.net\/index.php?rest_route=\/wp\/v2\/users\/1"}],"replies":[{"embeddable":true,"href":"http:\/\/wordpress.gurbuz.net\/index.php?rest_route=%2Fwp%2Fv2%2Fcomments&post=8525"}],"version-history":[{"count":9,"href":"http:\/\/wordpress.gurbuz.net\/index.php?rest_route=\/wp\/v2\/posts\/8525\/revisions"}],"predecessor-version":[{"id":8534,"href":"http:\/\/wordpress.gurbuz.net\/index.php?rest_route=\/wp\/v2\/posts\/8525\/revisions\/8534"}],"wp:attachment":[{"href":"http:\/\/wordpress.gurbuz.net\/index.php?rest_route=%2Fwp%2Fv2%2Fmedia&parent=8525"}],"wp:term":[{"taxonomy":"category","embeddable":true,"href":"http:\/\/wordpress.gurbuz.net\/index.php?rest_route=%2Fwp%2Fv2%2Fcategories&post=8525"},{"taxonomy":"post_tag","embeddable":true,"href":"http:\/\/wordpress.gurbuz.net\/index.php?rest_route=%2Fwp%2Fv2%2Ftags&post=8525"}],"curies":[{"name":"wp","href":"https:\/\/api.w.org\/{rel}","templated":true}]}}