{"id":8452,"date":"2018-04-18T05:33:19","date_gmt":"2018-04-18T05:33:19","guid":{"rendered":"http:\/\/wordpress.gurbuz.net\/?p=8452"},"modified":"2018-04-18T06:15:26","modified_gmt":"2018-04-18T06:15:26","slug":"huseyin-kadina-yonelik-ayrimcilik-yapiyormusum","status":"publish","type":"post","link":"http:\/\/wordpress.gurbuz.net\/?p=8452","title":{"rendered":"H\u00fcseyin, kad\u0131na y\u00f6nelik ayr\u0131mc\u0131l\u0131k yap\u0131yormu\u015fum"},"content":{"rendered":"<p>Neticede sadece bir insan\u0131m, bir \u00e7eyrek\u2026<br \/>\nSabah sabah valideden bir f\u0131r\u00e7a yedim\u2026<br \/>\n\u00d6fffffffffffffffffffffffffffffffffffffffffffffffffffffffffffffffff!<\/p>\n<p>Yeminle\u2026<br \/>\nVallahi billahi akl\u0131m\u0131n ucundan bile ge\u00e7medi\u2026<br \/>\nNe zamandan beri istiyorum bir nevi ata alb\u00fcm\u00fc\u2026<br \/>\n\u0130\u015fte dedem rahmetli, babam, ben, Metin, Burak\u2026<br \/>\nYukar\u0131dan a\u015fa\u011f\u0131ya bir nevi soya\u011fac\u0131.<\/p>\n<p>Dedem rahmetli kasapt\u0131\u2026<br \/>\nBizim oras\u0131 ve k\u00fc\u00e7\u00fck \u00e7ekmecede d\u00fckk\u00e2nlar\u0131 vard\u0131\u2026<br \/>\n\u00c7ekmecenin en naml\u0131 kasaplar\u0131ndanm\u0131\u015f vakti \u2013 zaman\u0131nda\u2026<br \/>\nHem kasapl\u0131\u011f\u0131 ile hem\u2026<br \/>\n\u00c7apk\u0131nl\u0131\u011f\u0131yla!<\/p>\n<p>\u00c7apk\u0131nl\u0131k ba\u015fka bir \u015fey karde\u015fim zamparal\u0131k bamba\u015fka\u2026<br \/>\nDedem \u00e7apk\u0131nm\u0131\u015f, \u00e7apk\u0131n\u2026<br \/>\n\u00dc\u00e7 katl\u0131ym\u0131\u015f d\u00fckk\u00e2n, \u00fcste kendileri otururmu\u015f, giri\u015f kat\u0131 kasap\u2026<br \/>\nAlta\u2026<br \/>\nA\u015fna fi\u015fne\u2026<br \/>\n&#x1f60a;<\/p>\n<p>D\u00fc\u015f\u00fcn\u00fcn bak teee o zamanlar\u2026<br \/>\nBu sabah tamamlad\u0131\u011f\u0131m yaz\u0131m ba\u011flam\u0131nda d\u00fc\u015f\u00fcnecek olursan\u0131z\u2026<br \/>\nINSAN\u2026<br \/>\nOldum olas\u0131 b\u00f6yle!<\/p>\n<p>Annem, babaannemi anlat\u0131yor, nereler yaparm\u0131\u015f hem kad\u0131nlara hem dedeme\u2026<br \/>\nHerhangi bir \u015fey de\u011fi\u015fti mi kad\u0131n ve tutumunda?<\/p>\n<p>Ge\u00e7elim\u2026<br \/>\nBabam\u0131n foto\u011fraf\u0131 dururdu annemin odas\u0131nda, g\u00fcn\u00fcn birinde kayboldu\u2026<br \/>\n\u00dcst, ba\u015f g\u00fcnl\u00fck\u2026<br \/>\nKoca g\u00f6bekli Kadir i\u015fte. Allah gani gani rahmet eylesin\u2026<br \/>\nAnne babam\u0131 ne yapt\u0131n?<br \/>\n\u201cKald\u0131rd\u0131m, bana bak\u0131yordu hep, kavga ediyordum onunla. Kald\u0131rd\u0131m!\u201d<br \/>\n\u00c7ok severim o foto\u011fraf\u0131n\u0131&#8230;<br \/>\nNereye koydun?<br \/>\n\u201c\u015eurada\u201d<br \/>\n\u00c7\u0131kard\u0131m koydum yerine, bir \u2013 iki g\u00fcn sonra yine kay\u0131plarda\u2026<br \/>\nBu b\u00f6yle bir s\u00fcre devam etti. O kald\u0131rd\u0131, ben koydum\u2026<br \/>\nSonunda bakt\u0131m olmayacak, ald\u0131m babam\u0131n foto\u011fraf\u0131n\u0131 koydum oturma odas\u0131na.<\/p>\n<p>&#x1f60a;<\/p>\n<p>Oradan da kaybetti iyi mi\u2026<br \/>\n&#x1f60a;<br \/>\nBu sabah dedim anneme, YEMINLE BAK aklimin ucundan ge\u00e7medi\u2026<br \/>\nAnne babam\u0131n g\u00fczel bir foto\u011fraf\u0131n\u0131 bul bana, resmi\u2026<br \/>\nBurak\u2019\u0131n, benim, Metinin (bebe, bir bu\u00e7uk ya\u015f\u0131ndayd\u0131 kaybetti\u011fimde) hepsini T\u00fcrkiye\u2019ye g\u00f6t\u00fcr\u00fcp g\u00fczel bir \u015fekilde bir araya getirelim!<\/p>\n<p>Dedemin, rahmetlinin\u2026<br \/>\nOturma odas\u0131nda durur foto\u011fraf\u0131. Atat\u00fcrk bir tarafta O duvar\u0131n \u00f6b\u00fcr yan\u0131nda&#8230;<br \/>\nBabam\u0131n &gt;&gt;&gt; nihaiyi &lt;&lt;&lt; yeri yemek masas\u0131n\u0131n \u00fcst\u00fcnde. Oradan kald\u0131rm\u0131yor art\u0131k\u2026<br \/>\nBana AMA \u00c7OK SERT BIR \u015eEKILDE\u2026<br \/>\n\u201cNiye hep erkeklerin?<br \/>\nHaydaaa\u2026<br \/>\nYa anne yapma, etme\u2026<br \/>\nOlmad\u0131 babaannem, anneannem, sen, F\u00fcsun, Sevda, Suna\u2026<br \/>\nSizleri de bir araya getirtiriz, ne olacak yani?<\/p>\n<p>Bilinmesi gereken\u2026<br \/>\nAlb\u00fcmlere hala bakamam, bana tahmin bile edemeyece\u011finiz kadar ac\u0131 veriyor&#8230;<br \/>\nDurdu\u2026<br \/>\nD\u00fc\u015f\u00fcnd\u00fc, d\u00fc\u015f\u00fcnd\u00fc\u2026<br \/>\nBaya\u011f\u0131 bir sesiz kald\u0131 ve birden patlad\u0131\u2026<br \/>\n\u201cPeki benim babam niye yok bu tabloda?\u201d<br \/>\nBak ya\u2026<br \/>\nNe alaka?<br \/>\nTabii O da atam AMA ben baba taraf\u0131n\u0131 d\u00fc\u015f\u00fcnm\u00fc\u015ft\u00fcm, yeminle hi\u00e7 akl\u0131ma gelmedi\u2026<br \/>\n\u00c7\u00fcnk\u00fc\u2026<br \/>\nGenelde baba taraf\u0131 yer al\u0131r b\u00f6yle tablolarda VE bildi\u011fim kadar d\u00fcnyan\u0131n neresine gidersen git bu b\u00f6yle!<\/p>\n<p>\u0130stinsahlar kaideyi bozmaz.<\/p>\n<p>\u201cYak\u0131\u015ft\u0131ramad\u0131n babam\u0131 o tabloya de\u011fil mi?\u201d<br \/>\nYa anne, kara Mustafa\u2019n\u0131n kara k\u0131z\u0131s\u0131n\u2026<br \/>\nKara Mediha, mecbur muyum yak\u0131\u015ft\u0131rmaya?<br \/>\n&#x1f60a;<\/p>\n<p>Not: Asl\u0131nda\u2026<br \/>\nHaks\u0131z de\u011fil. Dur bakal\u0131m belki sa\u011fl\u0131 sollu en \u00fcste\u2026<br \/>\n\u201cNereye gidiysiniz bakiim\u201d ve dedem\u2026<br \/>\nAllah, gidip yapt\u0131rmay\u0131 nasip k\u0131smet ederse.<\/p>\n<p>Kad\u0131nlar\u2026<br \/>\nOnlara b\u00f6yle bir tablo, vallahi billahi akl\u0131ma gelmedi\u2026<br \/>\nNiye olmas\u0131n, gayet tabii!<\/p>\n","protected":false},"excerpt":{"rendered":"<p>Neticede sadece bir insan\u0131m, bir \u00e7eyrek\u2026 Sabah sabah valideden bir f\u0131r\u00e7a yedim\u2026 \u00d6fffffffffffffffffffffffffffffffffffffffffffffffffffffffffffffffff! Yeminle\u2026 Vallahi billahi akl\u0131m\u0131n ucundan bile ge\u00e7medi\u2026 Ne zamandan beri istiyorum bir nevi ata alb\u00fcm\u00fc\u2026 \u0130\u015fte dedem rahmetli, babam, ben, Metin, Burak\u2026 Yukar\u0131dan a\u015fa\u011f\u0131ya bir nevi soya\u011fac\u0131. Dedem rahmetli kasapt\u0131\u2026 Bizim oras\u0131 ve k\u00fc\u00e7\u00fck \u00e7ekmecede d\u00fckk\u00e2nlar\u0131 vard\u0131\u2026 \u00c7ekmecenin en naml\u0131 kasaplar\u0131ndanm\u0131\u015f vakti &hellip; <\/p>\n<p class=\"link-more\"><a href=\"http:\/\/wordpress.gurbuz.net\/?p=8452\" class=\"more-link\"><span class=\"screen-reader-text\">\u201eH\u00fcseyin, kad\u0131na y\u00f6nelik ayr\u0131mc\u0131l\u0131k yap\u0131yormu\u015fum\u201c<\/span> weiterlesen<\/a><\/p>\n","protected":false},"author":1,"featured_media":0,"comment_status":"open","ping_status":"open","sticky":false,"template":"","format":"standard","meta":[],"categories":[1],"tags":[],"_links":{"self":[{"href":"http:\/\/wordpress.gurbuz.net\/index.php?rest_route=\/wp\/v2\/posts\/8452"}],"collection":[{"href":"http:\/\/wordpress.gurbuz.net\/index.php?rest_route=\/wp\/v2\/posts"}],"about":[{"href":"http:\/\/wordpress.gurbuz.net\/index.php?rest_route=\/wp\/v2\/types\/post"}],"author":[{"embeddable":true,"href":"http:\/\/wordpress.gurbuz.net\/index.php?rest_route=\/wp\/v2\/users\/1"}],"replies":[{"embeddable":true,"href":"http:\/\/wordpress.gurbuz.net\/index.php?rest_route=%2Fwp%2Fv2%2Fcomments&post=8452"}],"version-history":[{"count":10,"href":"http:\/\/wordpress.gurbuz.net\/index.php?rest_route=\/wp\/v2\/posts\/8452\/revisions"}],"predecessor-version":[{"id":8462,"href":"http:\/\/wordpress.gurbuz.net\/index.php?rest_route=\/wp\/v2\/posts\/8452\/revisions\/8462"}],"wp:attachment":[{"href":"http:\/\/wordpress.gurbuz.net\/index.php?rest_route=%2Fwp%2Fv2%2Fmedia&parent=8452"}],"wp:term":[{"taxonomy":"category","embeddable":true,"href":"http:\/\/wordpress.gurbuz.net\/index.php?rest_route=%2Fwp%2Fv2%2Fcategories&post=8452"},{"taxonomy":"post_tag","embeddable":true,"href":"http:\/\/wordpress.gurbuz.net\/index.php?rest_route=%2Fwp%2Fv2%2Ftags&post=8452"}],"curies":[{"name":"wp","href":"https:\/\/api.w.org\/{rel}","templated":true}]}}