{"id":8341,"date":"2018-04-14T16:23:21","date_gmt":"2018-04-14T16:23:21","guid":{"rendered":"http:\/\/wordpress.gurbuz.net\/?p=8341"},"modified":"2018-04-14T16:23:21","modified_gmt":"2018-04-14T16:23:21","slug":"samdan-bir-alman-basin-mensubu","status":"publish","type":"post","link":"http:\/\/wordpress.gurbuz.net\/?p=8341","title":{"rendered":"\u015eam\u2019dan bir Alman bas\u0131n mensubu"},"content":{"rendered":"<p>Anlat\u0131yor, Suriye saatiyle d\u00f6rtte ba\u015flayan sald\u0131r\u0131lar\u2026<br \/>\nBe\u015fte sona erdi, diyor arabalar korna ve Suriye bayraklar\u0131yla caddelerdeydi\u2026<br \/>\nYine\u2026<br \/>\nDiyor ki bu sald\u0131r\u0131lar sonras\u0131nda Esad hi\u00e7 olmad\u0131\u011f\u0131 kadar g\u00fc\u00e7lendi\u2026<br \/>\nM\u00fcttefikleri Rusya ve Iran saflar\u0131 s\u0131kla\u015ft\u0131rarak Esad\u2019a daha g\u00fc\u00e7l\u00fc bir destek vermekte!<\/p>\n<p>Hat\u0131rlarsan\u0131z bundan y\u0131llar \u00f6nce deniyordu\u2026<br \/>\nEsad kal\u0131rsa ki t\u00fcm emareler bu y\u00f6nde Kahpedo\u011fan gidici\u2026<br \/>\nZaten ittifak s\u00f6ylemi bunun g\u00f6stergesi\u2026<br \/>\nBu seneye kadar hi\u00e7 b\u00f6yle bir aray\u0131\u015fa girmi\u015f miydi, hi\u00e7 b\u00f6yle bir \u015feye ihtiya\u00e7 duydu mu?<\/p>\n<p>Bekleyip g\u00f6rece\u011fiz\u2026<br \/>\nBence\u2026<br \/>\nPe\u015fke\u015f \u00e7ekilenleri havada kapanlar\u2026<br \/>\nAKP yanda\u015f ve yolda\u015flar\u0131\u2026<br \/>\nKendinize yava\u015f yava\u015f ka\u00e7acak delik arasan\u0131z iyi olacak\u2026<br \/>\nTelafisi m\u00fcmk\u00fcn olmayan hi\u00e7bir \u015fey yapmad\u0131, yapamad\u0131\u2026<br \/>\nBir milliyet\u00e7i h\u00fck\u00fcmet\u2026<br \/>\nSar\u0131p sarmalayabilir yaralar\u0131!<\/p>\n","protected":false},"excerpt":{"rendered":"<p>Anlat\u0131yor, Suriye saatiyle d\u00f6rtte ba\u015flayan sald\u0131r\u0131lar\u2026 Be\u015fte sona erdi, diyor arabalar korna ve Suriye bayraklar\u0131yla caddelerdeydi\u2026 Yine\u2026 Diyor ki bu sald\u0131r\u0131lar sonras\u0131nda Esad hi\u00e7 olmad\u0131\u011f\u0131 kadar g\u00fc\u00e7lendi\u2026 M\u00fcttefikleri Rusya ve Iran saflar\u0131 s\u0131kla\u015ft\u0131rarak Esad\u2019a daha g\u00fc\u00e7l\u00fc bir destek vermekte! Hat\u0131rlarsan\u0131z bundan y\u0131llar \u00f6nce deniyordu\u2026 Esad kal\u0131rsa ki t\u00fcm emareler bu y\u00f6nde Kahpedo\u011fan gidici\u2026 Zaten ittifak &hellip; <\/p>\n<p class=\"link-more\"><a href=\"http:\/\/wordpress.gurbuz.net\/?p=8341\" class=\"more-link\"><span class=\"screen-reader-text\">\u201e\u015eam\u2019dan bir Alman bas\u0131n mensubu\u201c<\/span> weiterlesen<\/a><\/p>\n","protected":false},"author":1,"featured_media":0,"comment_status":"open","ping_status":"open","sticky":false,"template":"","format":"standard","meta":[],"categories":[1],"tags":[],"_links":{"self":[{"href":"http:\/\/wordpress.gurbuz.net\/index.php?rest_route=\/wp\/v2\/posts\/8341"}],"collection":[{"href":"http:\/\/wordpress.gurbuz.net\/index.php?rest_route=\/wp\/v2\/posts"}],"about":[{"href":"http:\/\/wordpress.gurbuz.net\/index.php?rest_route=\/wp\/v2\/types\/post"}],"author":[{"embeddable":true,"href":"http:\/\/wordpress.gurbuz.net\/index.php?rest_route=\/wp\/v2\/users\/1"}],"replies":[{"embeddable":true,"href":"http:\/\/wordpress.gurbuz.net\/index.php?rest_route=%2Fwp%2Fv2%2Fcomments&post=8341"}],"version-history":[{"count":1,"href":"http:\/\/wordpress.gurbuz.net\/index.php?rest_route=\/wp\/v2\/posts\/8341\/revisions"}],"predecessor-version":[{"id":8342,"href":"http:\/\/wordpress.gurbuz.net\/index.php?rest_route=\/wp\/v2\/posts\/8341\/revisions\/8342"}],"wp:attachment":[{"href":"http:\/\/wordpress.gurbuz.net\/index.php?rest_route=%2Fwp%2Fv2%2Fmedia&parent=8341"}],"wp:term":[{"taxonomy":"category","embeddable":true,"href":"http:\/\/wordpress.gurbuz.net\/index.php?rest_route=%2Fwp%2Fv2%2Fcategories&post=8341"},{"taxonomy":"post_tag","embeddable":true,"href":"http:\/\/wordpress.gurbuz.net\/index.php?rest_route=%2Fwp%2Fv2%2Ftags&post=8341"}],"curies":[{"name":"wp","href":"https:\/\/api.w.org\/{rel}","templated":true}]}}