{"id":8332,"date":"2018-04-14T14:35:53","date_gmt":"2018-04-14T14:35:53","guid":{"rendered":"http:\/\/wordpress.gurbuz.net\/?p=8332"},"modified":"2018-04-14T14:37:43","modified_gmt":"2018-04-14T14:37:43","slug":"cok-fena-igrendirmeye-basladim-bu-avrupalilardan-fac","status":"publish","type":"post","link":"http:\/\/wordpress.gurbuz.net\/?p=8332","title":{"rendered":"\u00c7ok fena i\u011frendirmeye ba\u015flad\u0131m bu Avrupal\u0131lardan, FAC"},"content":{"rendered":"<p>Sanki Tayyip\u2019in bizzat babalar\u0131\u2026<br \/>\nBilinen bir ger\u00e7ektir, yol ge\u00e7en han\u0131d\u0131r T\u00fcrkiye Cumhuriyeti\u2026<br \/>\nNeredeyse t\u00fcm Avrupa istihbarat \u00f6rg\u00fctleri FAL \u00fclkede\u2026<br \/>\nTabii Ortado\u011fu\u2019da da\u2026<br \/>\nKendi i\u0219leri oldu mu, delil, somut deliler \u00e7er\u00e7evesinde hareket ederler. Ba\u015fkas\u0131nda\u2026<br \/>\nEmarelerle, ikincil derecede belirtileri esas al\u0131rlar&#8230;<br \/>\nYetiyor yani\u2026<br \/>\nSaddam\u2019da, Kaddafi\u2019de yapt\u0131klar\u0131 gibi\u2026<br \/>\nSonras\u0131nda bir pardon(!)<\/p>\n<p>Yok ya\u2026<br \/>\nOrospuyla orospunun anlayaca\u011f\u0131 dilde, yi\u011fit ile yi\u011fidin anlad\u0131\u011f\u0131 dilde\u2026<br \/>\nYok ba\u015fka \u00e7aresi\u2026<br \/>\nBilgi, deneyim ve ihtimallerin, t\u00fcm\u00fcn\u00fcn teraziye konup de\u011ferlendirilmesi\u2026<br \/>\nILKE!<\/p>\n<p>European Foreign Affairs Council<br \/>\n<a href=\"http:\/\/www.consilium.europa.eu\/en\/council-eu\/configurations\/fac\/\" rel=\"noopener\" target=\"_blank\">incele<\/a><\/p>\n","protected":false},"excerpt":{"rendered":"<p>Sanki Tayyip\u2019in bizzat babalar\u0131\u2026 Bilinen bir ger\u00e7ektir, yol ge\u00e7en han\u0131d\u0131r T\u00fcrkiye Cumhuriyeti\u2026 Neredeyse t\u00fcm Avrupa istihbarat \u00f6rg\u00fctleri FAL \u00fclkede\u2026 Tabii Ortado\u011fu\u2019da da\u2026 Kendi i\u0219leri oldu mu, delil, somut deliler \u00e7er\u00e7evesinde hareket ederler. Ba\u015fkas\u0131nda\u2026 Emarelerle, ikincil derecede belirtileri esas al\u0131rlar&#8230; Yetiyor yani\u2026 Saddam\u2019da, Kaddafi\u2019de yapt\u0131klar\u0131 gibi\u2026 Sonras\u0131nda bir pardon(!) Yok ya\u2026 Orospuyla orospunun anlayaca\u011f\u0131 dilde, yi\u011fit &hellip; <\/p>\n<p class=\"link-more\"><a href=\"http:\/\/wordpress.gurbuz.net\/?p=8332\" class=\"more-link\"><span class=\"screen-reader-text\">\u201e\u00c7ok fena i\u011frendirmeye ba\u015flad\u0131m bu Avrupal\u0131lardan, FAC\u201c<\/span> weiterlesen<\/a><\/p>\n","protected":false},"author":1,"featured_media":0,"comment_status":"open","ping_status":"open","sticky":false,"template":"","format":"standard","meta":[],"categories":[1],"tags":[],"_links":{"self":[{"href":"http:\/\/wordpress.gurbuz.net\/index.php?rest_route=\/wp\/v2\/posts\/8332"}],"collection":[{"href":"http:\/\/wordpress.gurbuz.net\/index.php?rest_route=\/wp\/v2\/posts"}],"about":[{"href":"http:\/\/wordpress.gurbuz.net\/index.php?rest_route=\/wp\/v2\/types\/post"}],"author":[{"embeddable":true,"href":"http:\/\/wordpress.gurbuz.net\/index.php?rest_route=\/wp\/v2\/users\/1"}],"replies":[{"embeddable":true,"href":"http:\/\/wordpress.gurbuz.net\/index.php?rest_route=%2Fwp%2Fv2%2Fcomments&post=8332"}],"version-history":[{"count":3,"href":"http:\/\/wordpress.gurbuz.net\/index.php?rest_route=\/wp\/v2\/posts\/8332\/revisions"}],"predecessor-version":[{"id":8335,"href":"http:\/\/wordpress.gurbuz.net\/index.php?rest_route=\/wp\/v2\/posts\/8332\/revisions\/8335"}],"wp:attachment":[{"href":"http:\/\/wordpress.gurbuz.net\/index.php?rest_route=%2Fwp%2Fv2%2Fmedia&parent=8332"}],"wp:term":[{"taxonomy":"category","embeddable":true,"href":"http:\/\/wordpress.gurbuz.net\/index.php?rest_route=%2Fwp%2Fv2%2Fcategories&post=8332"},{"taxonomy":"post_tag","embeddable":true,"href":"http:\/\/wordpress.gurbuz.net\/index.php?rest_route=%2Fwp%2Fv2%2Ftags&post=8332"}],"curies":[{"name":"wp","href":"https:\/\/api.w.org\/{rel}","templated":true}]}}