{"id":8318,"date":"2018-04-14T07:12:13","date_gmt":"2018-04-14T07:12:13","guid":{"rendered":"http:\/\/wordpress.gurbuz.net\/?p=8318"},"modified":"2018-04-14T07:12:58","modified_gmt":"2018-04-14T07:12:58","slug":"yine-konuyla-ilgili","status":"publish","type":"post","link":"http:\/\/wordpress.gurbuz.net\/?p=8318","title":{"rendered":"Yine konuyla ilgili"},"content":{"rendered":"<p>Evet\u2026<br \/>\nBANA, EVLADIMA\u2026<br \/>\n\u00c7ok, \u00e7ok, \u00e7ok b\u00fcy\u00fck k\u00f6t\u00fcl\u00fck etti ATAMA, babama\u2026<br \/>\nBeni\u2026<br \/>\nBenden etti, yine de rahmetle anaca\u011f\u0131m Mehmet\u2019i\u2026<br \/>\nDilim amca demeye varm\u0131yor hen\u00fcz.<\/p>\n<p>Yine konusu ge\u00e7ti\u2026<br \/>\nAnnem, Mehmet\u2019in babaannem rahmetli i\u00e7in s\u00f6yledi\u011fi bir s\u00f6z\u00fc\u2026<br \/>\n\u00c7ok anlaml\u0131, \u00e7ok derin manal\u0131\u2026<br \/>\nANLAYANA\u2026<br \/>\n\u201cAnne olarak m\u00fckemmel, bir insan olarak i\u015fe yaramaz(!)\u201d<br \/>\nBizim gibi\u2026<br \/>\nBir ya\u015ftan sonra insan d\u00fc\u015f\u00fcyor kendi derdine\u2026<br \/>\nMaddi ve manevi, \u00e7oluk \u2013 \u00e7ocuk derdi\u2026<br \/>\n\u00c7evresiyle ilgilenmez oluyor, gayri ihtiyari\u2026<br \/>\nVermeyi \u201cunuttu\u011fu\u201d i\u00e7in\u2026<br \/>\nGelmeyecek, kazanamayacak korkusu y\u00fcz\u00fcnden vermedi\u011fi i\u00e7in geliri azal\u0131yor\u2026<br \/>\nMehmet\u2019te muhtemelen bunu kast etti, annem bile bilmiyor ne demek istedi\u011fini\u2026<br \/>\nAMA bu s\u00f6z\u00fcn\u00fc unutmam\u0131\u015f. <\/p>\n<p>\u0130nsan\u0131z SADECE insan\u2026<br \/>\nKapasitemiz s\u0131n\u0131rl\u0131, akl\u0131ma gelir ho\u015f geldin\u2026<br \/>\nVakit\u2026<br \/>\nDar, k\u0131s\u0131tl\u0131\u2026<br \/>\nZaman ge\u00e7iyor. Allah sormayacak m\u0131 ahir zaman\u0131nda beddua etmekten ba\u015fka ne yapt\u0131n? <\/p>\n","protected":false},"excerpt":{"rendered":"<p>Evet\u2026 BANA, EVLADIMA\u2026 \u00c7ok, \u00e7ok, \u00e7ok b\u00fcy\u00fck k\u00f6t\u00fcl\u00fck etti ATAMA, babama\u2026 Beni\u2026 Benden etti, yine de rahmetle anaca\u011f\u0131m Mehmet\u2019i\u2026 Dilim amca demeye varm\u0131yor hen\u00fcz. Yine konusu ge\u00e7ti\u2026 Annem, Mehmet\u2019in babaannem rahmetli i\u00e7in s\u00f6yledi\u011fi bir s\u00f6z\u00fc\u2026 \u00c7ok anlaml\u0131, \u00e7ok derin manal\u0131\u2026 ANLAYANA\u2026 \u201cAnne olarak m\u00fckemmel, bir insan olarak i\u015fe yaramaz(!)\u201d Bizim gibi\u2026 Bir ya\u015ftan sonra insan &hellip; <\/p>\n<p class=\"link-more\"><a href=\"http:\/\/wordpress.gurbuz.net\/?p=8318\" class=\"more-link\"><span class=\"screen-reader-text\">\u201eYine konuyla ilgili\u201c<\/span> weiterlesen<\/a><\/p>\n","protected":false},"author":1,"featured_media":0,"comment_status":"open","ping_status":"open","sticky":false,"template":"","format":"standard","meta":[],"categories":[1],"tags":[],"_links":{"self":[{"href":"http:\/\/wordpress.gurbuz.net\/index.php?rest_route=\/wp\/v2\/posts\/8318"}],"collection":[{"href":"http:\/\/wordpress.gurbuz.net\/index.php?rest_route=\/wp\/v2\/posts"}],"about":[{"href":"http:\/\/wordpress.gurbuz.net\/index.php?rest_route=\/wp\/v2\/types\/post"}],"author":[{"embeddable":true,"href":"http:\/\/wordpress.gurbuz.net\/index.php?rest_route=\/wp\/v2\/users\/1"}],"replies":[{"embeddable":true,"href":"http:\/\/wordpress.gurbuz.net\/index.php?rest_route=%2Fwp%2Fv2%2Fcomments&post=8318"}],"version-history":[{"count":2,"href":"http:\/\/wordpress.gurbuz.net\/index.php?rest_route=\/wp\/v2\/posts\/8318\/revisions"}],"predecessor-version":[{"id":8320,"href":"http:\/\/wordpress.gurbuz.net\/index.php?rest_route=\/wp\/v2\/posts\/8318\/revisions\/8320"}],"wp:attachment":[{"href":"http:\/\/wordpress.gurbuz.net\/index.php?rest_route=%2Fwp%2Fv2%2Fmedia&parent=8318"}],"wp:term":[{"taxonomy":"category","embeddable":true,"href":"http:\/\/wordpress.gurbuz.net\/index.php?rest_route=%2Fwp%2Fv2%2Fcategories&post=8318"},{"taxonomy":"post_tag","embeddable":true,"href":"http:\/\/wordpress.gurbuz.net\/index.php?rest_route=%2Fwp%2Fv2%2Ftags&post=8318"}],"curies":[{"name":"wp","href":"https:\/\/api.w.org\/{rel}","templated":true}]}}