{"id":82751,"date":"2021-10-30T08:01:43","date_gmt":"2021-10-30T08:01:43","guid":{"rendered":"http:\/\/wordpress.gurbuz.net\/?p=82751"},"modified":"2021-10-30T08:18:51","modified_gmt":"2021-10-30T08:18:51","slug":"demedim-mi-jandarma-olmayan-beyninizi-sikeyim-ve-norvec-daha-bu-sene-f-16lari-hava-kuvvetlerinden-atacak-tayyipin-siki-uyusturdu-sizleri","status":"publish","type":"post","link":"http:\/\/wordpress.gurbuz.net\/?p=82751","title":{"rendered":"Demedim mi JANDARMA(!) Olmayan BEYNINIZI sikeyim. Ve Norve\u00e7 daha bu sene F-16\u2019lari hava kuvvetlerinden atacak. Tayyip\u2019in siki uyu\u015fturdu sizleri!!!"},"content":{"rendered":"<p>&#8222;Norwegen wirft die F-16 aus der Luftwaffe &#8211; Ausmusterung noch 2021<br \/>\nPatrick Zwerger vor 20 Std.<\/p>\n<p>Die norwegische Luftwaffe wird sich noch vor Jahresende von ihren General Dynamics F-16 trennen. Das geht aus einem Haushaltsentwurf f\u00fcr 2022 hervor. Einziges Kampfflugzeug der Luftforsvaret wird damit schon bald die Lockheed Martin F-35A sein.&#8220;<\/p>\n<p>https:\/\/www.msn.com\/de-de\/finanzen\/other\/norwegen-wirft-die-f-16-aus-der-luftwaffe-ausmusterung-noch-2021\/ar-AAQ60mN?ocid=msedgntp<\/p>\n<p>Sahiii\u2026<br \/>\nTayyip ile g\u00f6r\u00fc\u015fme planlan\u0131yor\u2026<br \/>\nYaz\u0131klar olsun sizlere, yerli ve acayip milli zibidiler sizi!<\/p>\n<p>*<\/p>\n<p><strong>CIA!<\/strong><\/p>\n<p><img src=\"https:\/\/images.maennersache.de\/hitler-lebt,id=01a45110,b=maennersache,w=560,rm=sk.webp\" alt=\"\" \/><\/p>\n<p><img src=\"https:\/\/images.maennersache.de\/hitler_lebt_2jpg,id=3d23e5ae,b=maennersache,w=560,ca=0.00,0.00,100.00,100.00,rm=sk.webp\" alt=\"\" \/><\/p>\n<p><img src=\"https:\/\/images.maennersache.de\/hitler_lebt,id=b36b9d7f,b=maennersache,w=560,ca=0.00,0.00,100.00,100.00,rm=sk.webp\" alt=\"\" \/><\/p>\n<p>Aya\u011f\u0131ma basmayacakt\u0131n \u00e7ocuk\u2026<br \/>\nAya\u011f\u0131ma basmayacakt\u0131n\u2026<br \/>\nBir bir\u2026<br \/>\nVakti geldik\u00e7e, Tayyip gibi\u2026<br \/>\nYanl\u0131\u015f \u00e7eyrek\u2026<br \/>\nYanl\u0131\u015f\u2026<br \/>\nHesaplayamazs\u0131n\u0131z beni\u2026<br \/>\n\u00d6nderin\u2026<br \/>\nTepesini att\u0131rmay\u0131n.<\/p>\n<p><a href=\"https:\/\/www.cia.gov\/readingroom\/advanced-search-view\" rel=\"noopener noreferrer\" target=\"_blank\">Hitler diye ara<\/a><\/p>\n<p>1955\u2026<br \/>\n\u0130ddiaya g\u00f6re CIA\u2026<br \/>\nVenez\u00fcella\u2019da bu raporu yazm\u0131\u015f. Hitler s\u00f6zde intihar etmemi\u015f!?<\/p>\n<p><strong>BIR&#8230;<br \/>\nBIR, bir bir&#8230;<br \/>\nTayyip&#8230;<br \/>\nG\u00d6T\u00dcN\u00dc KORU!<\/strong><\/p>\n","protected":false},"excerpt":{"rendered":"<p>&#8222;Norwegen wirft die F-16 aus der Luftwaffe &#8211; Ausmusterung noch 2021 Patrick Zwerger vor 20 Std. Die norwegische Luftwaffe wird sich noch vor Jahresende von ihren General Dynamics F-16 trennen. Das geht aus einem Haushaltsentwurf f\u00fcr 2022 hervor. Einziges Kampfflugzeug der Luftforsvaret wird damit schon bald die Lockheed Martin F-35A sein.&#8220; https:\/\/www.msn.com\/de-de\/finanzen\/other\/norwegen-wirft-die-f-16-aus-der-luftwaffe-ausmusterung-noch-2021\/ar-AAQ60mN?ocid=msedgntp Sahiii\u2026 Tayyip ile &hellip; <\/p>\n<p class=\"link-more\"><a href=\"http:\/\/wordpress.gurbuz.net\/?p=82751\" class=\"more-link\"><span class=\"screen-reader-text\">\u201eDemedim mi JANDARMA(!) Olmayan BEYNINIZI sikeyim. Ve Norve\u00e7 daha bu sene F-16\u2019lari hava kuvvetlerinden atacak. Tayyip\u2019in siki uyu\u015fturdu sizleri!!!\u201c<\/span> weiterlesen<\/a><\/p>\n","protected":false},"author":1,"featured_media":0,"comment_status":"open","ping_status":"open","sticky":false,"template":"","format":"standard","meta":[],"categories":[1],"tags":[],"_links":{"self":[{"href":"http:\/\/wordpress.gurbuz.net\/index.php?rest_route=\/wp\/v2\/posts\/82751"}],"collection":[{"href":"http:\/\/wordpress.gurbuz.net\/index.php?rest_route=\/wp\/v2\/posts"}],"about":[{"href":"http:\/\/wordpress.gurbuz.net\/index.php?rest_route=\/wp\/v2\/types\/post"}],"author":[{"embeddable":true,"href":"http:\/\/wordpress.gurbuz.net\/index.php?rest_route=\/wp\/v2\/users\/1"}],"replies":[{"embeddable":true,"href":"http:\/\/wordpress.gurbuz.net\/index.php?rest_route=%2Fwp%2Fv2%2Fcomments&post=82751"}],"version-history":[{"count":6,"href":"http:\/\/wordpress.gurbuz.net\/index.php?rest_route=\/wp\/v2\/posts\/82751\/revisions"}],"predecessor-version":[{"id":82757,"href":"http:\/\/wordpress.gurbuz.net\/index.php?rest_route=\/wp\/v2\/posts\/82751\/revisions\/82757"}],"wp:attachment":[{"href":"http:\/\/wordpress.gurbuz.net\/index.php?rest_route=%2Fwp%2Fv2%2Fmedia&parent=82751"}],"wp:term":[{"taxonomy":"category","embeddable":true,"href":"http:\/\/wordpress.gurbuz.net\/index.php?rest_route=%2Fwp%2Fv2%2Fcategories&post=82751"},{"taxonomy":"post_tag","embeddable":true,"href":"http:\/\/wordpress.gurbuz.net\/index.php?rest_route=%2Fwp%2Fv2%2Ftags&post=82751"}],"curies":[{"name":"wp","href":"https:\/\/api.w.org\/{rel}","templated":true}]}}