{"id":82660,"date":"2021-10-29T09:26:24","date_gmt":"2021-10-29T09:26:24","guid":{"rendered":"http:\/\/wordpress.gurbuz.net\/?p=82660"},"modified":"2021-10-29T09:26:24","modified_gmt":"2021-10-29T09:26:24","slug":"sehr-geehrter-herr-walter-borjans-nicht-sie-haben-die-partei-auf-linie-gebracht-sondern-der-waehler-hate-es-satt-und-wie-ich-bereits-erwaehnte-der-herr-laschet-war-der-falsche-ergo","status":"publish","type":"post","link":"http:\/\/wordpress.gurbuz.net\/?p=82660","title":{"rendered":"Sehr geehrter Herr Walter-Borjans NICHT Sie haben die Partei auf \u201elinie gebracht\u201c SONDERN der W\u00e4hler hate es satt UND wie ich bereits erw\u00e4hnte der Herr Laschet war der falsche. Ergo\u2026"},"content":{"rendered":"<p>Situation wie in der T\u00fcrkei\u2026<br \/>\nKEINE\u2026<br \/>\nAlternative.<\/p>\n<p>CDU 22,5%<br \/>\nCSU 6%<br \/>\nDie SPD 26,4<\/p>\n<p>Verarscht doch die Menschen nicht.<\/p>\n<p>https:\/\/www.bundeswahlleiter.de\/bundestagswahlen\/2021\/ergebnisse\/bund-99.html<\/p>\n<p>&#8222;SPD-Chef Walter-Borjans h\u00f6rt auf<br \/>\nStand: 29.10.2021 10:45 Uhr<\/p>\n<p>Norbert Walter-Borjans hat seinen R\u00fcckzug von der SPD-Spitze angek\u00fcndigt. Er will im Dezember nicht mehr f\u00fcr den Parteivorsitz kandidieren. Er habe die Partei auf Kurs bringen wollen, nun sei es Zeit f\u00fcr J\u00fcngere, begr\u00fcndete er seine Entscheidung.&#8220;<\/p>\n<p>https:\/\/www.tagesschau.de\/inland\/innenpolitik\/walter-borjans-rueckzug-101.html<\/p>\n","protected":false},"excerpt":{"rendered":"<p>Situation wie in der T\u00fcrkei\u2026 KEINE\u2026 Alternative. CDU 22,5% CSU 6% Die SPD 26,4 Verarscht doch die Menschen nicht. https:\/\/www.bundeswahlleiter.de\/bundestagswahlen\/2021\/ergebnisse\/bund-99.html &#8222;SPD-Chef Walter-Borjans h\u00f6rt auf Stand: 29.10.2021 10:45 Uhr Norbert Walter-Borjans hat seinen R\u00fcckzug von der SPD-Spitze angek\u00fcndigt. Er will im Dezember nicht mehr f\u00fcr den Parteivorsitz kandidieren. Er habe die Partei auf Kurs bringen wollen, &hellip; <\/p>\n<p class=\"link-more\"><a href=\"http:\/\/wordpress.gurbuz.net\/?p=82660\" class=\"more-link\"><span class=\"screen-reader-text\">\u201eSehr geehrter Herr Walter-Borjans NICHT Sie haben die Partei auf \u201elinie gebracht\u201c SONDERN der W\u00e4hler hate es satt UND wie ich bereits erw\u00e4hnte der Herr Laschet war der falsche. Ergo\u2026\u201c<\/span> weiterlesen<\/a><\/p>\n","protected":false},"author":1,"featured_media":0,"comment_status":"open","ping_status":"open","sticky":false,"template":"","format":"standard","meta":[],"categories":[1],"tags":[],"_links":{"self":[{"href":"http:\/\/wordpress.gurbuz.net\/index.php?rest_route=\/wp\/v2\/posts\/82660"}],"collection":[{"href":"http:\/\/wordpress.gurbuz.net\/index.php?rest_route=\/wp\/v2\/posts"}],"about":[{"href":"http:\/\/wordpress.gurbuz.net\/index.php?rest_route=\/wp\/v2\/types\/post"}],"author":[{"embeddable":true,"href":"http:\/\/wordpress.gurbuz.net\/index.php?rest_route=\/wp\/v2\/users\/1"}],"replies":[{"embeddable":true,"href":"http:\/\/wordpress.gurbuz.net\/index.php?rest_route=%2Fwp%2Fv2%2Fcomments&post=82660"}],"version-history":[{"count":1,"href":"http:\/\/wordpress.gurbuz.net\/index.php?rest_route=\/wp\/v2\/posts\/82660\/revisions"}],"predecessor-version":[{"id":82661,"href":"http:\/\/wordpress.gurbuz.net\/index.php?rest_route=\/wp\/v2\/posts\/82660\/revisions\/82661"}],"wp:attachment":[{"href":"http:\/\/wordpress.gurbuz.net\/index.php?rest_route=%2Fwp%2Fv2%2Fmedia&parent=82660"}],"wp:term":[{"taxonomy":"category","embeddable":true,"href":"http:\/\/wordpress.gurbuz.net\/index.php?rest_route=%2Fwp%2Fv2%2Fcategories&post=82660"},{"taxonomy":"post_tag","embeddable":true,"href":"http:\/\/wordpress.gurbuz.net\/index.php?rest_route=%2Fwp%2Fv2%2Ftags&post=82660"}],"curies":[{"name":"wp","href":"https:\/\/api.w.org\/{rel}","templated":true}]}}