{"id":82623,"date":"2021-10-29T07:11:21","date_gmt":"2021-10-29T07:11:21","guid":{"rendered":"http:\/\/wordpress.gurbuz.net\/?p=82623"},"modified":"2021-10-29T07:39:29","modified_gmt":"2021-10-29T07:39:29","slug":"din-min-esrar-uyusturucu-teknoloji-falan-derken","status":"publish","type":"post","link":"http:\/\/wordpress.gurbuz.net\/?p=82623","title":{"rendered":"Din min, esrar uyu\u015fturucu, teknoloji falan derken"},"content":{"rendered":"<p>\u00c7a\u011f\u2026<br \/>\nNeyin \u00e7a\u011f\u0131, d\u00f6nemiydi?<\/p>\n<p>SON kalede d\u00fc\u015ft\u00fc\u2026<br \/>\nCambaza bak cambaza\u2026<br \/>\n\u00c7in falan(!)<\/p>\n<p>TEKRAR\u2026<br \/>\n\u00c7a\u011f\u2026<br \/>\nNeyin \u00e7a\u011f\u0131, d\u00f6nemiydi?<br \/>\nY\u0131\u011f\u0131nlar\u0131n\u2026<br \/>\nS\u0131\u011f\u0131rlar\u0131n y\u00f6netilip y\u00f6nlendirilmesi d\u00f6nemiydi!<\/p>\n<p>\u00d6nder hep uyard\u0131 sizleri\u2026<br \/>\nHEP\u2026<br \/>\nLaf, s\u00f6z dinletemedi.<\/p>\n<p><img src=\"http:\/\/www.gurbuz.net\/Yeni\/291021.JPG\" alt=\"\" \/><\/p>\n<p>Havaalan\u0131ndan eve gidiyoruz\u2026<br \/>\nKarde\u015f geldi almaya, DaDa da gelmi\u015f\u2026<br \/>\nK\u00fc\u00e7\u00fck haf\u0131z\u0131m benim, pezevenk\u2026<br \/>\nDur demesem k\u00fc\u00e7\u00fck Tayyip olma yolunda\u2026<br \/>\nANCAK\u2026<br \/>\nO d\u00fcr\u00fcst\u00fc, \u00e7ok samimi, derin bir din bilgisi a\u00e7l\u0131\u011f\u0131\u2026<br \/>\n&#x1f60a; &#x1f60a; &#x1f60a;<br \/>\nSiyasete falan, yol boyu konu\u015ftuk onunla\u2026<br \/>\nDedim gel okuldan sonra ne zaman istersen konu\u015fal\u0131m\u2026<br \/>\nSORDU\u2026<br \/>\n\u201cKorona\u2026 Devletlerin ne \u00e7\u0131kar\u0131 var bundan?<br \/>\nD\u00fcn damlad\u0131\u2026<br \/>\n&#x1f60a;<br \/>\nKimi \u015feyi anlatt\u0131m, \u00e7ok k\u00f6t\u00fcyd\u00fcm\u2026<br \/>\nErteledik.<\/p>\n<p>Yazaca\u011f\u0131m\u2026<br \/>\nYazam\u0131yorum, var IKI nedeni\u2026<br \/>\nU\u00e7uk gelebilir size\u2026<br \/>\nDeliyim diyorum AMA\u2026<br \/>\nDi\u011feri malumunuz, endeksteyim\u2026<br \/>\nYazabilsem yazaca\u011f\u0131m ANCAK ya ben kendi kendimi\u2026<br \/>\nVeya\u2026<br \/>\nZaman beni!<\/p>\n<p><strong>D\u00fcn\u2026<br \/>\nTEPEM NASIL ATTI\u2026<br \/>\nBir Portekizli\u2026<br \/>\n3D yaz\u0131c\u0131s\u0131\u2026<br \/>\nEt \u00fcr\u00fcn\u00fcne benzer bir \u015feyler bas\u0131yor, \u201cet tad\u0131nda\u201d<br \/>\nANLANYA\u2026<br \/>\nBIRI y\u00f6netip y\u00f6nlendirme\u2026<br \/>\nBir di\u011feri G\u00d6T G\u00d6TE\u2026<br \/>\nAncak en \u00f6nemlisi\u2026<br \/>\nD\u00fcnya k\u00fc\u00e7\u00fck geliyor HAYVANA\u2026<br \/>\nD\u00fcnya besleyemiyor art\u0131k bizi!<\/strong><\/p>\n<p>Tayyip dedikte\u2026<br \/>\n&gt;&gt;&gt; Zarife depresyonda &lt;&lt;&lt;<br \/>\nAc\u0131d\u0131m hayvana, beni ar\u0131yormu\u015f t\u0131r\u0131m t\u0131r\u0131m\u2026<br \/>\nBen gittim ya\u2026<br \/>\nTayyip\u2026<br \/>\nYine piyasada. PKK benzeri\u2026<br \/>\nHani Bad Schwalbach buralar falan\u2026<br \/>\n\u00d6nder\u2026<br \/>\nDaha \u00f6lmedi!<\/p>\n<p>Bah\u00e7eli\u2026<br \/>\nTAM Milli Hezeyan Partili\u2026<br \/>\nAYNI\u2026<br \/>\nAynisin t\u0131pk\u0131s\u0131\u2026<br \/>\nKalle\u015f\u2026<br \/>\nBekliyorum haberini.<\/p>\n","protected":false},"excerpt":{"rendered":"<p>\u00c7a\u011f\u2026 Neyin \u00e7a\u011f\u0131, d\u00f6nemiydi? SON kalede d\u00fc\u015ft\u00fc\u2026 Cambaza bak cambaza\u2026 \u00c7in falan(!) TEKRAR\u2026 \u00c7a\u011f\u2026 Neyin \u00e7a\u011f\u0131, d\u00f6nemiydi? Y\u0131\u011f\u0131nlar\u0131n\u2026 S\u0131\u011f\u0131rlar\u0131n y\u00f6netilip y\u00f6nlendirilmesi d\u00f6nemiydi! \u00d6nder hep uyard\u0131 sizleri\u2026 HEP\u2026 Laf, s\u00f6z dinletemedi. Havaalan\u0131ndan eve gidiyoruz\u2026 Karde\u015f geldi almaya, DaDa da gelmi\u015f\u2026 K\u00fc\u00e7\u00fck haf\u0131z\u0131m benim, pezevenk\u2026 Dur demesem k\u00fc\u00e7\u00fck Tayyip olma yolunda\u2026 ANCAK\u2026 O d\u00fcr\u00fcst\u00fc, \u00e7ok samimi, derin &hellip; <\/p>\n<p class=\"link-more\"><a href=\"http:\/\/wordpress.gurbuz.net\/?p=82623\" class=\"more-link\"><span class=\"screen-reader-text\">\u201eDin min, esrar uyu\u015fturucu, teknoloji falan derken\u201c<\/span> weiterlesen<\/a><\/p>\n","protected":false},"author":1,"featured_media":0,"comment_status":"open","ping_status":"open","sticky":false,"template":"","format":"standard","meta":[],"categories":[1],"tags":[],"_links":{"self":[{"href":"http:\/\/wordpress.gurbuz.net\/index.php?rest_route=\/wp\/v2\/posts\/82623"}],"collection":[{"href":"http:\/\/wordpress.gurbuz.net\/index.php?rest_route=\/wp\/v2\/posts"}],"about":[{"href":"http:\/\/wordpress.gurbuz.net\/index.php?rest_route=\/wp\/v2\/types\/post"}],"author":[{"embeddable":true,"href":"http:\/\/wordpress.gurbuz.net\/index.php?rest_route=\/wp\/v2\/users\/1"}],"replies":[{"embeddable":true,"href":"http:\/\/wordpress.gurbuz.net\/index.php?rest_route=%2Fwp%2Fv2%2Fcomments&post=82623"}],"version-history":[{"count":9,"href":"http:\/\/wordpress.gurbuz.net\/index.php?rest_route=\/wp\/v2\/posts\/82623\/revisions"}],"predecessor-version":[{"id":82632,"href":"http:\/\/wordpress.gurbuz.net\/index.php?rest_route=\/wp\/v2\/posts\/82623\/revisions\/82632"}],"wp:attachment":[{"href":"http:\/\/wordpress.gurbuz.net\/index.php?rest_route=%2Fwp%2Fv2%2Fmedia&parent=82623"}],"wp:term":[{"taxonomy":"category","embeddable":true,"href":"http:\/\/wordpress.gurbuz.net\/index.php?rest_route=%2Fwp%2Fv2%2Fcategories&post=82623"},{"taxonomy":"post_tag","embeddable":true,"href":"http:\/\/wordpress.gurbuz.net\/index.php?rest_route=%2Fwp%2Fv2%2Ftags&post=82623"}],"curies":[{"name":"wp","href":"https:\/\/api.w.org\/{rel}","templated":true}]}}