{"id":81645,"date":"2021-09-25T12:09:44","date_gmt":"2021-09-25T12:09:44","guid":{"rendered":"http:\/\/wordpress.gurbuz.net\/?p=81645"},"modified":"2021-09-26T11:07:51","modified_gmt":"2021-09-26T11:07:51","slug":"active-defense-3","status":"publish","type":"post","link":"http:\/\/wordpress.gurbuz.net\/?p=81645","title":{"rendered":"Allianz"},"content":{"rendered":"<p>Allianz SIGORTASI\u2026<br \/>\nAlmayan\u0131n EN B\u00dcY\u00dcKLERINDEN\u2026<br \/>\nBORSADA\u2026<br \/>\nD\u00fcnyada 3. s\u0131rada\u2026<br \/>\nAloooooooooooooooooooooooooo<br \/>\nD\u00fcnyada \u00fc\u00e7\u00fcnc\u00fc!<\/p>\n<p>Daha demin:<\/p>\n<p>&#8222;<strong>Business Insider Deutschland<\/strong><br \/>\n\u201e<strong>Man sagt den Menschen einfach nicht die Wahrheit<\/strong>\u201c: Laut Allianz-Chef B\u00e4te geht Klimaschutz nur mit steigenden Preisen<br \/>\nBusiness Insider Deutschland<\/p>\n<p>Am Sonntag wird der neue Bundestag gew\u00e4hlt und der Klimaschutz ist dabei eines der wichtigen Wahlkampfthemen. Allianz-Chef Oliver B\u00e4te hadert damit, wie dabei seitens der Parteien \u00fcber Klimapolitik und deren Folgen f\u00fcr die W\u00e4hlerinnen und W\u00e4hler gesprochen wird, erkl\u00e4rte er dem \u201eHandelsblatt\u201c. Auf der Zielgeraden meldete sich der Vorstandsvorsitzende des Versicherungskonzerns noch einmal zu Wort und appellierte an die Politik, ehrlicher \u00fcber Klimaschutz zu reden \u2013 insbesondere \u00fcber die damit verbundenen Kosten f\u00fcr die Verbraucher.<\/p>\n<p>B\u00e4te findet den Wahlkampf \u201eunglaublich frustrierend\u201c, sagt er dem &#8222;Handelsblatt&#8220;. Es sei vor allem um Personen gegangen, nicht um die Themen. Wichtige Diskussionen wie die derzeit hohe Inflation oder die nachhaltige Reform des Rentensystems h\u00e4tten dadurch kaum eine Rolle gespielt.&#8220;<\/p>\n<p>https:\/\/www.msn.com\/de-de\/finanzen\/top-stories\/man-sagt-den-menschen-einfach-nicht-die-wahrheit-laut-allianz-chef-b%C3%A4te-geht-klimaschutz-nur-mit-steigenden-preisen\/ar-AAOO4BJ?ocid=msedgntp<\/p>\n<p>A\u011fz\u0131m y\u00fcz\u00fcm\u2026<br \/>\n\u2026<br \/>\nEninde sonunda!<\/p>\n<p>*<\/p>\n<p>REKLAM de\u011fil, sadece FIKIR edinmen i\u00e7in. <strong>Bilgiyi ben verdim<\/strong><\/p>\n<p><a href=\"https:\/\/www.vatanbilgisayar.com\/bilgisayar\/?__cf_chl_jschl_tk__=pmd_SaFC2FjoDH0qBorKn35lxlUgjAJeaZjfQFO9qlahG9Q-1632573761-0-gqNtZGzNAiWjcnBszQkR\" target=\"_blank\" rel=\"noopener noreferrer\">Siteye giris yaptiginda, bak islemcilere, HEP i3, i5 falan<\/a><\/p>\n<p><a href=\"https:\/\/www.vatanbilgisayar.com\/arama\/intel%207\/\" target=\"_blank\" rel=\"noopener noreferrer\">i7 fiyatlari<\/a><\/p>\n<p><a href=\"https:\/\/www.vatanbilgisayar.com\/arama\/i9\/\" target=\"_blank\" rel=\"noopener noreferrer\">SADECE islemci, anlasilan yok gelmemis bilgisayarlar. BAK FIYATLARA<\/a><\/p>\n<p><strong>Yaz\u0131k ya\u2026<br \/>\nVallahi billahi yaz\u0131k\u2026<br \/>\nKelimenin tam anlam\u0131yla, her t\u00fcrl\u00fc s.kiliyorsunuz\u2026<br \/>\nEn ba\u015fta sizi s.ken\u2026<br \/>\nRecep Tayyip Kahpedo\u011fan <\/strong><\/p>\n<p>*<\/p>\n<p>Tablet\u2026<br \/>\nAppel, cep vesaire\u2026<br \/>\nTabii ki iyi\u2026<br \/>\nAMA b\u00fct\u00e7e!???<\/p>\n<p>Hani onlar\u0131n iphon\u2019u varsa\u2026<br \/>\nOROSPU ve g\u00f6t k\u0131llar\u0131\u2026<br \/>\nAMAAA\u2026<\/p>\n<p><iframe loading=\"lazy\" width=\"525\" height=\"295\" src=\"https:\/\/www.youtube.com\/embed\/LtFqEwtoIYc?feature=oembed\" frameborder=\"0\" allow=\"accelerometer; autoplay; clipboard-write; encrypted-media; gyroscope; picture-in-picture\" allowfullscreen><\/iframe><\/p>\n<p>SAKIN yanl\u0131\u015f anlamay\u0131n, tavsiye ederdim edebilseydim\u2026<br \/>\nILK 5 aras\u0131nda\u2026<br \/>\nSamsung Galaxy Tab S7 T875 128GB <strong>LTE <\/strong>(SM-T875NZKA)<br \/>\nBe\u015finci\u2026<br \/>\nAMA YOK PIYASADA\u2026<br \/>\nHep eski modeller, genel olarak diyebilirim\u2026<br \/>\nTab serisi\u2026<br \/>\nIYI!<\/p>\n<p>\u0130yi olur Allahtan, k\u00f6t\u00fc olur kuldan\u2026<br \/>\nBen memnunum.<\/p>\n<p><strong>Allah belam\u0131 versin yalan\u0131m varsa\u2026<br \/>\nBu s\u00f6zleri, sat\u0131rlar\u0131 SADECE \u00e7ocuklar\u0131n, gen\u00e7lerin y\u00fcz\u00fc suyu h\u00fcrmetine yazd\u0131m\u2026<br \/>\nYoksa\u2026<br \/>\nSizler her t\u00fcrl\u00fc\u2026<br \/>\n\u2026<br \/>\nHAK EDIYORSUNUZ!<\/strong><\/p>\n<p>*<\/p>\n<p>Microsoft Surface<\/p>\n<p><img src=\"https:\/\/m.media-amazon.com\/images\/I\/61peFqUBjBL._AC_SS450_.jpg\" alt=\"\" \/><\/p>\n<p>Canavar\u2026<br \/>\nNeredeyse masa \u00fcst\u00fcn\u00fc aratmayacak, YEMINLE\u2026<br \/>\nNeredeyse!<\/p>\n<p>BilgisayarLARIM aras\u0131nda\u2026<br \/>\nHP\u2026<br \/>\nESKIDEN Compaq\u2026<br \/>\nOfff\u2026<br \/>\nSizlere seslendi\u011fim bilgisayar, Nuh nebiden kalama, 8 \u00e7ekirdekli\u2026<br \/>\nAllah\u2026<br \/>\nYard\u0131mc\u0131n\u0131z olsun karde\u015flerim, c\u00fcmlemizin\u2026<br \/>\nBu orospu \u00e7ocuklar\u0131 ile ZOR!<\/p>\n<p><a href=\"https:\/\/www.vatanbilgisayar.com\/microsoft-surface-pro-6-core-i5.html\" rel=\"noopener noreferrer\" target=\"_blank\">Al sana YINE i5<\/a><\/p>\n<p>Sahi\u2026<br \/>\n<strong>LTE<\/strong>\u2026<br \/>\nKart takabiliyorsun, telefon gibi\u2026<br \/>\nInternet falan. Kartl\u0131 ve karts\u0131z modeller var\u2026<br \/>\nBILMIYORUM\u2026<br \/>\nT\u00fcrkiye de durumlar\u0131, tabii ki internete bir yerlere ba\u011flanmadan do\u011frudan giri\u015f yapabilmen daha rahat AMAAA(!)<\/p>\n","protected":false},"excerpt":{"rendered":"<p>Allianz SIGORTASI\u2026 Almayan\u0131n EN B\u00dcY\u00dcKLERINDEN\u2026 BORSADA\u2026 D\u00fcnyada 3. s\u0131rada\u2026 Aloooooooooooooooooooooooooo D\u00fcnyada \u00fc\u00e7\u00fcnc\u00fc! Daha demin: &#8222;Business Insider Deutschland \u201eMan sagt den Menschen einfach nicht die Wahrheit\u201c: Laut Allianz-Chef B\u00e4te geht Klimaschutz nur mit steigenden Preisen Business Insider Deutschland Am Sonntag wird der neue Bundestag gew\u00e4hlt und der Klimaschutz ist dabei eines der wichtigen Wahlkampfthemen. Allianz-Chef Oliver &hellip; <\/p>\n<p class=\"link-more\"><a href=\"http:\/\/wordpress.gurbuz.net\/?p=81645\" class=\"more-link\"><span class=\"screen-reader-text\">\u201eAllianz\u201c<\/span> weiterlesen<\/a><\/p>\n","protected":false},"author":1,"featured_media":0,"comment_status":"open","ping_status":"open","sticky":false,"template":"","format":"standard","meta":[],"categories":[1],"tags":[],"_links":{"self":[{"href":"http:\/\/wordpress.gurbuz.net\/index.php?rest_route=\/wp\/v2\/posts\/81645"}],"collection":[{"href":"http:\/\/wordpress.gurbuz.net\/index.php?rest_route=\/wp\/v2\/posts"}],"about":[{"href":"http:\/\/wordpress.gurbuz.net\/index.php?rest_route=\/wp\/v2\/types\/post"}],"author":[{"embeddable":true,"href":"http:\/\/wordpress.gurbuz.net\/index.php?rest_route=\/wp\/v2\/users\/1"}],"replies":[{"embeddable":true,"href":"http:\/\/wordpress.gurbuz.net\/index.php?rest_route=%2Fwp%2Fv2%2Fcomments&post=81645"}],"version-history":[{"count":20,"href":"http:\/\/wordpress.gurbuz.net\/index.php?rest_route=\/wp\/v2\/posts\/81645\/revisions"}],"predecessor-version":[{"id":81708,"href":"http:\/\/wordpress.gurbuz.net\/index.php?rest_route=\/wp\/v2\/posts\/81645\/revisions\/81708"}],"wp:attachment":[{"href":"http:\/\/wordpress.gurbuz.net\/index.php?rest_route=%2Fwp%2Fv2%2Fmedia&parent=81645"}],"wp:term":[{"taxonomy":"category","embeddable":true,"href":"http:\/\/wordpress.gurbuz.net\/index.php?rest_route=%2Fwp%2Fv2%2Fcategories&post=81645"},{"taxonomy":"post_tag","embeddable":true,"href":"http:\/\/wordpress.gurbuz.net\/index.php?rest_route=%2Fwp%2Fv2%2Ftags&post=81645"}],"curies":[{"name":"wp","href":"https:\/\/api.w.org\/{rel}","templated":true}]}}