{"id":80206,"date":"2021-09-10T16:58:14","date_gmt":"2021-09-10T16:58:14","guid":{"rendered":"http:\/\/wordpress.gurbuz.net\/?p=80206"},"modified":"2021-09-10T17:20:47","modified_gmt":"2021-09-10T17:20:47","slug":"sor-kendine-toevbeler-toevbesi-allah-yanilabilir-kendi-kendini-bir-dedigini-duezeltme-ihtiyaci-duyabilir-mi","status":"publish","type":"post","link":"http:\/\/wordpress.gurbuz.net\/?p=80206","title":{"rendered":"SOR KENDINE, t\u00f6vbeler t\u00f6vbesi Allah yan\u0131labilir kendi kendini, bir dedi\u011fini d\u00fczeltme ihtiyac\u0131 duyabilir mi?"},"content":{"rendered":"<p>Bence duymaz\u2026<br \/>\nDuyamaz\u2026<br \/>\nZaten g\u00fcn\u00fcm\u00fcze gelebilmi\u015f t\u00fcm HAK kitaplar\u0131\u2026<br \/>\n\u00d6Z\u00dcNDE\u2026<br \/>\nBir de\u011fil mi?<\/p>\n<p>Ama ne de\u011fi\u015fir, O\u2026<br \/>\nNeden \u201cihtiya\u00e7\u201d duyar yeni el\u00e7ilere\u2026<br \/>\nEl\u00e7ilerinin eline \u201cverilen yeni kitaplara?\u201d<\/p>\n<p>Zaman de\u011fi\u015fir, zaman ile birlikte insan\u2026<br \/>\nAnlay\u0131\u015f\u0131\u2026<br \/>\nDili de\u011fi\u015fir, hayata bak\u0131\u015f\u0131.<\/p>\n<p>INSANLAR\u2026<br \/>\nAnlay\u0131\u015f\u0131 k\u0131t olanlar, akl\u0131na\u2026<br \/>\nY\u00fcre\u011fine sormaktan \u00e7ekinenler\u2026<br \/>\nVeee\u2026<br \/>\nD\u00fcnden bug\u00fcnlere aram\u0131zda gezinen din bezirg\u00e2nlar\u0131\u2026<br \/>\nA\u00e7\u0131kg\u00f6zler(!)<\/p>\n<p>Dil de\u011fi\u015fir, kelimeler\u2026<br \/>\nAnlamlar\u0131 de\u011fi\u015fir, insan de\u011fi\u015fir\u2026<br \/>\nONLAR\u2026<br \/>\nHi\u00e7 de\u011fi\u015fmez\u2026<br \/>\nDin bezirg\u00e2nlar\u0131\u2026<br \/>\nA\u00e7\u0131kg\u00f6zler(!)<\/p>\n<p>Yazmaz m\u0131 kitab\u0131m\u0131zda Peygamber Efendimiz SON el\u00e7i\u2026<br \/>\nKur\u2019an-\u0131 Kerim\u2026<br \/>\nSon kitap diye?<\/p>\n<p>YAZAR!<\/p>\n<p>O halde Rabbimiz NEDEN ihra\u00e7 duydu\u2026<br \/>\nYollad\u0131 bizlere el\u00e7iLERINI, kitapLARINI\u2026<br \/>\n\u201cYeni yeni\u201d<br \/>\nInsanLAR\u2026<br \/>\nTanr\u0131n\u0131n s\u00f6zlerini \u00e7arp\u0131tmaya ba\u015flam\u0131\u015f olabilirler miydi?<\/p>\n<p>Hani bug\u00fcnlerde YINE yapmaya ba\u015flad\u0131klar\u0131 gibi\u2026<br \/>\nBir \u201cg\u00fcncelleme\u201d<br \/>\nZamana, \u00e7a\u011fa, de\u011fi\u015fen anlay\u0131\u015fa istinaden\u2026<br \/>\nHas\u0131l olan bir \u201cg\u00fcncelleme\u201d olabilir mi?<\/p>\n<blockquote class=\"wp-embedded-content\" data-secret=\"v326p3S5kp\"><p><a href=\"http:\/\/wordpress.gurbuz.net\/?p=49659\">Havamday\u0131m\u2026 Bug\u00fcn biraz derinlere dalsak, biraz felsefe ile u\u011fra\u015fsak<\/a><\/p><\/blockquote>\n<p><iframe class=\"wp-embedded-content\" sandbox=\"allow-scripts\" security=\"restricted\" style=\"position: absolute; clip: rect(1px, 1px, 1px, 1px);\" src=\"http:\/\/wordpress.gurbuz.net\/?p=49659&#038;embed=true#?secret=v326p3S5kp\" data-secret=\"v326p3S5kp\" width=\"525\" height=\"296\" title=\"&#8222;Havamday\u0131m\u2026 Bug\u00fcn biraz derinlere dalsak, biraz felsefe ile u\u011fra\u015fsak&#8220; &#8212; \u00d6nder G\u00fcrb\u00fcz\" frameborder=\"0\" marginwidth=\"0\" marginheight=\"0\" scrolling=\"no\"><\/iframe><\/p>\n<p>S\u00d6YLE&#8230;<br \/>\nGe\u00e7mi\u015fte, orospu \u00e7ocu\u011fu\u2026<br \/>\nGeldi\u011fi yere gelene kadar\u2026<br \/>\n\u015eeyh u\u00e7maz, m\u00fcridi u\u00e7urur \u00f6zdeyi\u015fi\u2026<br \/>\nGercekle\u015fmedi mi? <\/p>\n<p>Peygamber soyundan geliyormu\u015f g\u00f6t veren\u2026<br \/>\nPeygamber soyundan(!)<\/p>\n<p>Ve bu YARATIK\u2026<br \/>\nDindar \u00f6yle mi, t\u00f6vbeler t\u00f6vbesi birileri bana b\u00f6yle yak\u0131\u015ft\u0131rmalar\u0131 yapacak\u2026<br \/>\nKi\u2026<br \/>\nSamimidir iman\u0131m, o pezevengin aln\u0131n\u0131 kar\u0131\u015flar\u0131m.<\/p>\n<p>Onun\u2026<br \/>\nHi\u00e7 sesini \u00e7\u0131kard\u0131\u011f\u0131n\u0131 duydun mu???   <\/p>\n<p><a href=\"https:\/\/www.google.de\/search?q=erdogan+peygamber+soyundan&#038;hl=de&#038;source=hp&#038;ei=no47YbfLKNOB9u8Pt6e8qA4&#038;iflsig=ALs-wAMAAAAAYTucrlbQctDiVC8qP4CqkP2intujeax_&#038;oq=erdogan+peygamber+soyundan&#038;gs_lcp=Cgdnd3Mtd2l6EAMyBggAEBYQHjoHCC4QQxCTAjoECC4QQzoRCC4QgAQQsQMQgwEQxwEQ0QM6BAgAEEM6CwguEIAEELEDEIMBOgUIABCABDoFCC4QgAQ6CwgAEIAEELEDEIMBOgsILhCxAxCDARCTAjoICAAQsQMQgwE6DgguEIAEELEDEMcBEKMCOggIABCABBCxAzoICC4QgAQQsQM6DgguEIAEELEDEIMBEJMCOgoILhCxAxCDARBDOgsILhCABBDHARCvAToKCAAQsQMQgwEQQzoECAAQEzoICAAQFhAeEBM6CAgAEBYQChAeUOLOIljzoyNgi6ojaABwAHgAgAGTAogBwRGSAQYyMy4yLjGYAQCgAQE&#038;sclient=gws-wiz&#038;ved=0ahUKEwi3ktKn8PTyAhXTgP0HHbcTD-UQ4dUDCAk&#038;uact=5\" rel=\"noopener noreferrer\" target=\"_blank\">MUTLAKA INCELE<\/a><\/p>\n","protected":false},"excerpt":{"rendered":"<p>Bence duymaz\u2026 Duyamaz\u2026 Zaten g\u00fcn\u00fcm\u00fcze gelebilmi\u015f t\u00fcm HAK kitaplar\u0131\u2026 \u00d6Z\u00dcNDE\u2026 Bir de\u011fil mi? Ama ne de\u011fi\u015fir, O\u2026 Neden \u201cihtiya\u00e7\u201d duyar yeni el\u00e7ilere\u2026 El\u00e7ilerinin eline \u201cverilen yeni kitaplara?\u201d Zaman de\u011fi\u015fir, zaman ile birlikte insan\u2026 Anlay\u0131\u015f\u0131\u2026 Dili de\u011fi\u015fir, hayata bak\u0131\u015f\u0131. INSANLAR\u2026 Anlay\u0131\u015f\u0131 k\u0131t olanlar, akl\u0131na\u2026 Y\u00fcre\u011fine sormaktan \u00e7ekinenler\u2026 Veee\u2026 D\u00fcnden bug\u00fcnlere aram\u0131zda gezinen din bezirg\u00e2nlar\u0131\u2026 A\u00e7\u0131kg\u00f6zler(!) Dil &hellip; <\/p>\n<p class=\"link-more\"><a href=\"http:\/\/wordpress.gurbuz.net\/?p=80206\" class=\"more-link\"><span class=\"screen-reader-text\">\u201eSOR KENDINE, t\u00f6vbeler t\u00f6vbesi Allah yan\u0131labilir kendi kendini, bir dedi\u011fini d\u00fczeltme ihtiyac\u0131 duyabilir mi?\u201c<\/span> weiterlesen<\/a><\/p>\n","protected":false},"author":1,"featured_media":0,"comment_status":"open","ping_status":"open","sticky":false,"template":"","format":"standard","meta":[],"categories":[1],"tags":[],"_links":{"self":[{"href":"http:\/\/wordpress.gurbuz.net\/index.php?rest_route=\/wp\/v2\/posts\/80206"}],"collection":[{"href":"http:\/\/wordpress.gurbuz.net\/index.php?rest_route=\/wp\/v2\/posts"}],"about":[{"href":"http:\/\/wordpress.gurbuz.net\/index.php?rest_route=\/wp\/v2\/types\/post"}],"author":[{"embeddable":true,"href":"http:\/\/wordpress.gurbuz.net\/index.php?rest_route=\/wp\/v2\/users\/1"}],"replies":[{"embeddable":true,"href":"http:\/\/wordpress.gurbuz.net\/index.php?rest_route=%2Fwp%2Fv2%2Fcomments&post=80206"}],"version-history":[{"count":5,"href":"http:\/\/wordpress.gurbuz.net\/index.php?rest_route=\/wp\/v2\/posts\/80206\/revisions"}],"predecessor-version":[{"id":80211,"href":"http:\/\/wordpress.gurbuz.net\/index.php?rest_route=\/wp\/v2\/posts\/80206\/revisions\/80211"}],"wp:attachment":[{"href":"http:\/\/wordpress.gurbuz.net\/index.php?rest_route=%2Fwp%2Fv2%2Fmedia&parent=80206"}],"wp:term":[{"taxonomy":"category","embeddable":true,"href":"http:\/\/wordpress.gurbuz.net\/index.php?rest_route=%2Fwp%2Fv2%2Fcategories&post=80206"},{"taxonomy":"post_tag","embeddable":true,"href":"http:\/\/wordpress.gurbuz.net\/index.php?rest_route=%2Fwp%2Fv2%2Ftags&post=80206"}],"curies":[{"name":"wp","href":"https:\/\/api.w.org\/{rel}","templated":true}]}}