{"id":80179,"date":"2021-09-10T13:03:23","date_gmt":"2021-09-10T13:03:23","guid":{"rendered":"http:\/\/wordpress.gurbuz.net\/?p=80179"},"modified":"2021-09-10T13:51:27","modified_gmt":"2021-09-10T13:51:27","slug":"koeyde-son-48-saat-icinde-uec-defin","status":"publish","type":"post","link":"http:\/\/wordpress.gurbuz.net\/?p=80179","title":{"rendered":"K\u00f6yde, son 48 saat i\u00e7inde \u00fc\u00e7 defin"},"content":{"rendered":"<p>Korona&#8230;<br \/>\nNe haberler ne haberler\u2026<br \/>\n\u00dcZ\u00dcC\u00dc\u2026<br \/>\n<strong>Evlili\u011fi \u00e7ocuk oyunca\u011f\u0131 sand\u0131lar\u2026<br \/>\nIYIDE\u2026<br \/>\nVe k\u00f6t\u00fcde\u2026<br \/>\n\u00d6LENE KADAR!<\/strong><\/p>\n<p>KARIIILARIN\u2026<br \/>\nG\u00f6t\u00fc kalkt\u0131, \u00e7ivilemeli yere\u2026<br \/>\nG\u00f6t\u00fc kalkan kar\u0131n\u0131n g\u00f6t\u00fcn\u00fc \u00e7ivilemeli yere.<\/p>\n<p>Allah\u2019\u0131n emri peygamberin kavliyle\u2026<br \/>\nELBETTE\u2026<br \/>\nNas\u0131l ki birliktelik EMIR ISE\u2026<br \/>\nBu birlikteli\u011fi bitirmekte\u2026<br \/>\nONUN\u2026<br \/>\nTakdiri ile\u2026<br \/>\nAmaaa\u2026<br \/>\nUlan senelerce\u2026<br \/>\nY\u0131llarca bir yast\u0131\u011fa koymu\u015fsunuz ba\u015f\u0131n\u0131z\u0131, payla\u015fm\u0131\u015fs\u0131n\u0131z lokma, olmu\u015f bebe\u2026<br \/>\nUlannn ADI KARI(lar) bu kahpelik niye???<\/p>\n<p>Ve d\u00f6n\u00fcp dola\u015f\u0131p geliyoruz AYNI YERE\u2026<br \/>\nG\u00f6rg\u00fcye\u2026<br \/>\n\u00d6ZE, bo\u015funa dememi\u015fler anas\u0131na bak k\u0131z\u0131n\u0131 al diye.<\/p>\n<p>Ulan bu kadar m\u0131 tatl\u0131 para?<\/p>\n<p>\u015eerhe\u2026<br \/>\nHacet niye&#8230;<br \/>\nMala, m\u00fclke?<\/p>\n<p>YOK YA YOKKK\u2026<br \/>\nG\u00f6rg\u00fc kadar, \u00f6z kadar\u2026<br \/>\nKarakter\u2026<br \/>\n\u0130nsan denilen, kendine insan diyen\u2026<br \/>\nHer zaman olam\u0131yor insan.<\/p>\n<p>Biliniz ki\u2026<br \/>\nBu kulu\u2026<br \/>\n\u0130nsan s.kti, hayat s.kti\u2026<br \/>\nRabbim tekme tokat yat\u0131rd\u0131 falakaya\u2026<br \/>\nYine tutu elinden, kald\u0131rd\u0131 aya\u011fa\u2026<br \/>\nOyun oynayana\u2026<br \/>\nOyun oynamaya kalkana\u2026<br \/>\n\u00d6nderin cevabi olur \u00e7ok k\u00f6t\u00fc\u2026<br \/>\nGe\u00e7en g\u00fcn verdim bir \u00f6rnek, evlad\u0131 ret\u2026<br \/>\nKANUN DER\u2026<br \/>\n&gt;&gt;&gt; Mecburi haklar\u0131 var &lt;&lt;&lt;<br \/>\nKelimeler ve \u00f6nemi\u2026<br \/>\nC\u00fcmle kurulu\u015f \u015fekli VE al\u0131r\u2026<br \/>\nE\u015fe\u011fin s\u2026!<\/p>\n<p>Keza kad\u0131n\u2026<br \/>\nVICDAN be vicdan\u2026<br \/>\nYapmay\u0131n Allah a\u015fk\u0131na, al\u0131n akl\u0131n\u0131z\u0131 ba\u015f\u0131n\u0131za\u2026<br \/>\nInternet \u201cbilgeleri\u201d<br \/>\n\u0130ki ayakl\u0131 memeli\u2026<br \/>\nEvlilik\u2026<br \/>\nVerilen s\u00f6zler, edilen yeminler\u2026<br \/>\nYapboz tahtas\u0131 de\u011fil ki!<\/p>\n<p>*<\/p>\n<p>Veeeeeeeeeeeee&#8230;<br \/>\nYazm\u0131\u015f, anlatm\u0131\u015ft\u0131m ta ne zamanlar\u2026<br \/>\nAMAAA\u2026<br \/>\n\u00c7evre i\u00e7in do\u011fa i\u00e7in bir felaket\u2026<br \/>\nINSAN\u2026<br \/>\n\u0130\u00e7in, inan bana. \u00d6nder her g\u00f6rd\u00fc\u011f\u00fcn\u00fc bildi\u011fini s\u00f6ylemez\u2026<br \/>\nBunu unutma.<\/p>\n<p>&#8222;SZ.de<br \/>\n<strong>Elektromobilit\u00e4t: Chinas riesiger Vorsprung bei den Autobatterien<\/strong><br \/>\nVon Thomas Fromm vor 16 Min.<\/p>\n<p>Nicht nur die Zahl der E-Autos auf deutschen Stra\u00dfen w\u00e4chst, sondern auch die Abh\u00e4ngigkeit von chinesischen Batterielieferanten. Wie deutsche Hersteller versuchen wollen, das zu \u00e4ndern.&#8220;<\/p>\n<p>https:\/\/www.msn.com\/de-de\/finanzen\/top-stories\/elektromobilit%C3%A4t-chinas-riesiger-vorsprung-bei-den-autobatterien\/ar-AAOiE7q?ocid=msedgntp<\/p>\n<p>*<\/p>\n<p><ins datetime=\"2021-09-10T13:30:30+00:00\"><strong>\u00d6ZELLIKLE Israil VE ba\u015fka \u00fclkeler taraf\u0131ndan SARS-CoV2 ile ilgili toplanan VERILER!<\/strong><\/ins><br \/>\nDaha bekle\u2026<br \/>\nNeler neler m\u00fcmk\u00fcn olan en k\u0131sa zaman i\u00e7inde neler duyaca\u011f\u0131z daha!<\/p>\n<p>&#8222;Business Insider Deutschland<br \/>\nKrebs einfach wegspritzen? Biontech testet nach erfolgreicher Studie bei M\u00e4usen nun Wirkstoffe an Menschen<br \/>\nBusiness Insider Deutschland vor 57 Min.<\/p>\n<p>Biontech-CEO U\u011fur \u015eahin und Mitgr\u00fcnderin \u00d6zlem T\u00fcreci nennen sich selbst die \u201eImmunfl\u00fcsterer\u201c. Weltweit bekannt wurden sie und ihr Unternehmen mit ihrem Impfstoff gegen das Coronavirus. Doch urspr\u00fcnglich hatte sich das Biotechnologieunternehmen auf die Entwicklung und Herstellung von Immuntherapien zur Behandlung von Krebs und weiteren schwerwiegenden Erkrankungen spezialisiert. Auch w\u00e4hrend der Corona-Pandemie hat das Unternehmen weiter an seinen Behandlungsm\u00f6glichkeiten f\u00fcr Krebspatientinnen und Patienten geforscht \u2014 mit Erfolg. Eine zun\u00e4chst an M\u00e4usen durchgef\u00fchrt Studie ergab, dass patientenspezifische, lokale Injektionen mit mRNA-Wirkstoffen zur R\u00fcckbildung von Tumoren f\u00fchren k\u00f6nnen, wie &#8222;Bild&#8220; berichtet.&#8220;<\/p>\n<p>https:\/\/www.msn.com\/de-de\/gesundheit\/medizinisch\/krebs-einfach-wegspritzen-biontech-testet-nach-erfolgreicher-studie-bei-m%C3%A4usen-nun-wirkstoffe-an-menschen\/ar-AAOiita?ocid=msedgntp<\/p>\n<p>*<\/p>\n<p><iframe loading=\"lazy\" width=\"525\" height=\"295\" src=\"https:\/\/www.youtube.com\/embed\/m5d2XY-BYPo?feature=oembed\" frameborder=\"0\" allow=\"accelerometer; autoplay; clipboard-write; encrypted-media; gyroscope; picture-in-picture\" allowfullscreen><\/iframe><\/p>\n<p><iframe loading=\"lazy\" width=\"525\" height=\"295\" src=\"https:\/\/www.youtube.com\/embed\/3jeq7dw6ETc?feature=oembed\" frameborder=\"0\" allow=\"accelerometer; autoplay; clipboard-write; encrypted-media; gyroscope; picture-in-picture\" allowfullscreen><\/iframe><\/p>\n<p><iframe loading=\"lazy\" width=\"525\" height=\"295\" src=\"https:\/\/www.youtube.com\/embed\/HM1Kjsge1wI?feature=oembed\" frameborder=\"0\" allow=\"accelerometer; autoplay; clipboard-write; encrypted-media; gyroscope; picture-in-picture\" allowfullscreen><\/iframe><\/p>\n<p>https:\/\/www.youtube.com\/watch?v=G7FzLM7k1Eg<\/p>\n","protected":false},"excerpt":{"rendered":"<p>Korona&#8230; Ne haberler ne haberler\u2026 \u00dcZ\u00dcC\u00dc\u2026 Evlili\u011fi \u00e7ocuk oyunca\u011f\u0131 sand\u0131lar\u2026 IYIDE\u2026 Ve k\u00f6t\u00fcde\u2026 \u00d6LENE KADAR! KARIIILARIN\u2026 G\u00f6t\u00fc kalkt\u0131, \u00e7ivilemeli yere\u2026 G\u00f6t\u00fc kalkan kar\u0131n\u0131n g\u00f6t\u00fcn\u00fc \u00e7ivilemeli yere. Allah\u2019\u0131n emri peygamberin kavliyle\u2026 ELBETTE\u2026 Nas\u0131l ki birliktelik EMIR ISE\u2026 Bu birlikteli\u011fi bitirmekte\u2026 ONUN\u2026 Takdiri ile\u2026 Amaaa\u2026 Ulan senelerce\u2026 Y\u0131llarca bir yast\u0131\u011fa koymu\u015fsunuz ba\u015f\u0131n\u0131z\u0131, payla\u015fm\u0131\u015fs\u0131n\u0131z lokma, olmu\u015f bebe\u2026 Ulannn &hellip; <\/p>\n<p class=\"link-more\"><a href=\"http:\/\/wordpress.gurbuz.net\/?p=80179\" class=\"more-link\"><span class=\"screen-reader-text\">\u201eK\u00f6yde, son 48 saat i\u00e7inde \u00fc\u00e7 defin\u201c<\/span> weiterlesen<\/a><\/p>\n","protected":false},"author":1,"featured_media":0,"comment_status":"open","ping_status":"open","sticky":false,"template":"","format":"standard","meta":[],"categories":[1],"tags":[],"_links":{"self":[{"href":"http:\/\/wordpress.gurbuz.net\/index.php?rest_route=\/wp\/v2\/posts\/80179"}],"collection":[{"href":"http:\/\/wordpress.gurbuz.net\/index.php?rest_route=\/wp\/v2\/posts"}],"about":[{"href":"http:\/\/wordpress.gurbuz.net\/index.php?rest_route=\/wp\/v2\/types\/post"}],"author":[{"embeddable":true,"href":"http:\/\/wordpress.gurbuz.net\/index.php?rest_route=\/wp\/v2\/users\/1"}],"replies":[{"embeddable":true,"href":"http:\/\/wordpress.gurbuz.net\/index.php?rest_route=%2Fwp%2Fv2%2Fcomments&post=80179"}],"version-history":[{"count":17,"href":"http:\/\/wordpress.gurbuz.net\/index.php?rest_route=\/wp\/v2\/posts\/80179\/revisions"}],"predecessor-version":[{"id":80196,"href":"http:\/\/wordpress.gurbuz.net\/index.php?rest_route=\/wp\/v2\/posts\/80179\/revisions\/80196"}],"wp:attachment":[{"href":"http:\/\/wordpress.gurbuz.net\/index.php?rest_route=%2Fwp%2Fv2%2Fmedia&parent=80179"}],"wp:term":[{"taxonomy":"category","embeddable":true,"href":"http:\/\/wordpress.gurbuz.net\/index.php?rest_route=%2Fwp%2Fv2%2Fcategories&post=80179"},{"taxonomy":"post_tag","embeddable":true,"href":"http:\/\/wordpress.gurbuz.net\/index.php?rest_route=%2Fwp%2Fv2%2Ftags&post=80179"}],"curies":[{"name":"wp","href":"https:\/\/api.w.org\/{rel}","templated":true}]}}