{"id":80151,"date":"2021-09-10T08:59:30","date_gmt":"2021-09-10T08:59:30","guid":{"rendered":"http:\/\/wordpress.gurbuz.net\/?p=80151"},"modified":"2021-09-10T09:08:29","modified_gmt":"2021-09-10T09:08:29","slug":"ne-aptalim-ne-koer","status":"publish","type":"post","link":"http:\/\/wordpress.gurbuz.net\/?p=80151","title":{"rendered":"Ne aptal\u0131m ne k\u00f6r"},"content":{"rendered":"<p>Aptal\u0131m, kabul AMA benim aptall\u0131\u011f\u0131m farkl\u0131\u2026<br \/>\nSevdiklerim\u2026<br \/>\nBilir bunu.<\/p>\n<p>Ne aptal\u0131m ne k\u00f6r\u2026<br \/>\nG\u00f6rmem GEREKENI g\u00f6r\u00fcr\u00fcm\u2026<br \/>\nBilmem gerekeni\u2026<br \/>\nVE \u201cgerekmeyeni\u201d bilirim yani\u2026<br \/>\n&#x1f609;<br \/>\nBilmek ZORUNDAYIM, \u00f6yle bir hayat ki\u2026<br \/>\nINAN s\u0131ra d\u0131\u015f\u0131\u2026<br \/>\nKendim etim kendim mi buldum?<br \/>\nDo\u011fru!<\/p>\n<p><strong>Adiii<\/strong><\/p>\n<p><img src=\"https:\/\/img-s-msn-com.akamaized.net\/tenant\/amp\/entityid\/AAOhSbg.img?h=900&#038;w=1598&#038;m=6&#038;q=60&#038;o=f&#038;l=f&#038;x=938&#038;y=767\" alt=\"\" \/><\/p>\n<p><strong>Rahat b\u0131rak\u0131n bebeleri.<\/strong><\/p>\n<p>&#8222;Biontech plant Impfstoff f\u00fcr F\u00fcnf- bis Elfj\u00e4hrige in wenigen Wochen<br \/>\n vor 1 Std.<\/p>\n<p>Bislang k\u00f6nnen in Deutschland nur Kinder \u00fcber zw\u00f6lf Jahren gegen das Cornonavirus geimpft werden. Nun k\u00fcndigen die Biontech-Gr\u00fcnder ein Vakzin f\u00fcr noch j\u00fcngere an. \u201eWir bereiten bereits die Produktion vor\u201c, sagt Gr\u00fcnderin \u00d6zlem T\u00fcreci.<\/p>\n<p>Der Impfstoff-Hersteller Biontech rechnet damit, dass schon in wenigen Wochen die ersten Kinder unter 12 Jahren mit dem Impfstoff von Biontech geimpft werden. Das berichtete der \u201eSpiegel\u201c am Freitag. \u201eWir werden schon in den kommenden Wochen weltweit den Beh\u00f6rden die Ergebnisse aus unserer Studie zu den F\u00fcnf- bis Elfj\u00e4hrigen vorlegen und eine Zulassung des Impfstoffes f\u00fcr diese Altersgruppe beantragen, auch hier in Europa\u201c, sagte die Biontech-Chefmedizinerin \u00d6zlem T\u00fcreci dem Magazin.<\/p>\n<p>Demnach werde die Produktion bereits vorbereitet. Der Impfstoff sei derselbe, aber weniger hoch dosiert. Zudem m\u00fcsse weniger abgef\u00fcllt werden, so T\u00fcreci.&#8220;<\/p>\n<p>https:\/\/www.msn.com\/de-de\/finanzen\/top-stories\/biontech-plant-impfstoff-f%C3%BCr-f%C3%BCnf-bis-elfj%C3%A4hrige-in-wenigen-wochen\/ar-AAOhPbl?ocid=msedgntp<\/p>\n<p>*<\/p>\n<p>&#8222;<strong>Warum die Immunantwort beim Impfstoff von Biontech\/Pfizer schneller nachl\u00e4sst als die von Moderna \u2014 und das beabsichtigt ist<\/strong><br \/>\n Catherine Schuster-Bruce vor 2 Std.<\/p>\n<p>Philip Dormitzer, wissenschaftlicher Leiter bei Pfizer, hat die Wirksamkeit des Corona-Impfstoffs verteidigt, den der Pharmahersteller zusammen mit dem deutschen Unternehmen Biontech entwickelt hat. Zuvor hatten mehrere k\u00fcrzlich durchgef\u00fchrte Studien gezeigt, dass Modernas Corona-Impfstoff eine st\u00e4rkere und l\u00e4nger anhaltende Immunreaktion ausl\u00f6st als der von Biontech\/Pfizer.<\/p>\n<p>Einige Wissenschaftler gehen davon aus, dass die Unterschiede darauf zur\u00fcckzuf\u00fchren sind, dass sich die mRNA-Dosen beider Wirkstoffe unterscheiden. W\u00e4hrend der Impfstoff Pfizer\/Biontechs nur 30 Mikrogramm mRNA enth\u00e4lt, sind in dem Impfstoff Modernas 100 Mikrogramm enthalten.<\/p>\n<p>Dormritzer von Pfizer sagte am 8. September der &#8222;Financial Times&#8220;, dass man bewusst nur die minimale Dosis verwendet habe, die eine st\u00e4rkere Immunantwort hervorrief als eine nat\u00fcrliche Infektion. Das Ziel dabei sei gewesen, die Risiken f\u00fcr Impfreaktionen zu minimieren. Er f\u00fcgte hinzu, dass diesbez\u00fcglich &#8222;verschiedene Studien zu unterschiedlichen Ergebnissen kommen&#8220;, was die tats\u00e4chliche St\u00e4rke der Impfreaktionen betrifft.<\/p>\n<p>Viele Untersuchungen zeigen tats\u00e4chlich, dass die Impfreaktionen \u2013 wie Schmerzen an der Einstichstelle, Kopfschmerzen, Gliederschmerzen, M\u00fcdigkeit oder Fieber \u2013 bei beiden Impfstoffen \u00e4hnlich h\u00e4ufig und \u00e4hnlich stark auftreten. Auch die Daten des US-amerikanischen Gesundheitsministeriums legen dies nahe.<\/p>\n<p>Ein Unterschied scheint jedoch der sogenannte &#8222;Moderna-Arm&#8220; zu sein. Dabei handelt es sich um einen roten Ausschlag, der nach der Impfung mit dem Vakzin des Pharmaherstellers auftreten k\u00f6nne, jedoch schnell wieder verschwinden soll. Business Insider hat das Unternehmen um eine Stellungnahme dazu gebeten, aber noch keine Antwort erhalten.<\/p>\n<p>Studien zeigen h\u00f6here Wirksamkeit des Moderna-Impfstoffs \u00fcber die Zeit<br \/>\nEine Studie unter 1.600 Mitarbeitern des belgischen Gesundheitswesens zeigte, dass Moderna-Geimpfte sechs bis zehn Wochen danach etwa doppelt so viele Antik\u00f6rper produzierten wie diejenigen, die den Wirkstoff von Biontech\/Pfizer erhalten hatten. Das k\u00f6nnte unter anderem an den h\u00f6heren mRNA-Werten im Wirkstoff von Moderna liegen, schreiben die Autoren der Studie, die Ende August im &#8222;Journal of the American Medical Association&#8220; (JAMA) ver\u00f6ffentlicht wurde.<\/p>\n<p>Eine andere Untersuchung der University of Virginia, die ebenfalls k\u00fcrzlich in der Fachzeitschrift &#8222;JAMA&#8220; ver\u00f6ffentlicht wurde, zeigte, dass sich die Antik\u00f6rperreaktion nach der Gabe des Moderna-Vakzins zwischen verschiedenen Altersgruppen nicht bedeutsam unterscheidet. Mit einer Ausnahme: Die Forscher stellten eine geringere Antik\u00f6rperreaktion bei Menschen \u00fcber 50 Jahren fest, die den Wirkstoff von Biontech\/Pfizer bekommen hatten. Die Autoren nannten ebenfalls die unterschiedlichen Menschen mRNA als m\u00f6glichen Grund.<\/p>\n<p>Was man dazu wissen muss: Die Reaktion der Antik\u00f6rper ist nur ein Teil der Immunreaktion des K\u00f6rpers \u2013 und wie stark diese genau sein muss, um vor einer Covid-19-Erkrankung gesch\u00fctzt zu sein, ist noch nicht ganz gekl\u00e4rt. Klar ist jedoch: Mit der Zeit nimmt die Zahl der Antik\u00f6rper und damit der Impfschutz langsam ab. Forscher der Universit\u00e4t Oxford kamen zum Beispiel zu dem Ergebnis, dass Menschen, die mit Biontech\/Pfizer und AstraZeneca geimpft worden waren, nach vier Monaten einen \u00e4hnlichen Antik\u00f6rperspiegel aufwiesen. W\u00e4hrend der Antik\u00f6rperspiegel nach der Impfung von Pfizer\/Biontech nachgelassen hatte, war der nach der Impfung mit AstraZeneca gleich geblieben, so die Wissenschaftler.<\/p>\n<p>Praxisdaten aus Kanada von Anfang 2021 ergaben wiederum, dass der Impfstoff von Biontech\/Pfizer eine Wirksamkeit von nur 56 Prozent gegen die Delta-Variante hat \u2013 der von Moderna dagegen zu 72 Prozent. Dieser Unterschied in der Wirksamkeit k\u00f6nnte allerdings auch dadurch begr\u00fcndet sein, dass der Impfstoff von Biontech\/Pfizer eher \u00e4lteren Menschen verabreicht worden ist, die grunds\u00e4tzlich zu einer schw\u00e4cheren Immunantwort neigen. Ganz gekl\u00e4rt ist also bisher nicht, ob der Unterschied in der Impfstoff-Dosis tats\u00e4chlich zu einer unterschiedlichen Wirksamkeit \u00fcber die Zeit f\u00fchrt. Es sprechen aber einige Belege daf\u00fcr \u2013 und Wissenschaftler werden mit zus\u00e4tzlichen Daten k\u00fcnftig auch mehr Klarheit \u00fcber einen m\u00f6glichen kausalen Zusammenhang gewinnen.&#8220;<\/p>\n<p>https:\/\/www.msn.com\/de-de\/gesundheit\/medizinisch\/warum-die-immunantwort-beim-impfstoff-von-biontech-pfizer-schneller-nachl%C3%A4sst-als-die-von-moderna-und-das-beabsichtigt-ist\/ar-AAOhLAS?ocid=msedgntp<\/p>\n","protected":false},"excerpt":{"rendered":"<p>Aptal\u0131m, kabul AMA benim aptall\u0131\u011f\u0131m farkl\u0131\u2026 Sevdiklerim\u2026 Bilir bunu. Ne aptal\u0131m ne k\u00f6r\u2026 G\u00f6rmem GEREKENI g\u00f6r\u00fcr\u00fcm\u2026 Bilmem gerekeni\u2026 VE \u201cgerekmeyeni\u201d bilirim yani\u2026 &#x1f609; Bilmek ZORUNDAYIM, \u00f6yle bir hayat ki\u2026 INAN s\u0131ra d\u0131\u015f\u0131\u2026 Kendim etim kendim mi buldum? Do\u011fru! Adiii Rahat b\u0131rak\u0131n bebeleri. &#8222;Biontech plant Impfstoff f\u00fcr F\u00fcnf- bis Elfj\u00e4hrige in wenigen Wochen vor 1 Std. &hellip; <\/p>\n<p class=\"link-more\"><a href=\"http:\/\/wordpress.gurbuz.net\/?p=80151\" class=\"more-link\"><span class=\"screen-reader-text\">\u201eNe aptal\u0131m ne k\u00f6r\u201c<\/span> weiterlesen<\/a><\/p>\n","protected":false},"author":1,"featured_media":0,"comment_status":"open","ping_status":"open","sticky":false,"template":"","format":"standard","meta":[],"categories":[1],"tags":[],"_links":{"self":[{"href":"http:\/\/wordpress.gurbuz.net\/index.php?rest_route=\/wp\/v2\/posts\/80151"}],"collection":[{"href":"http:\/\/wordpress.gurbuz.net\/index.php?rest_route=\/wp\/v2\/posts"}],"about":[{"href":"http:\/\/wordpress.gurbuz.net\/index.php?rest_route=\/wp\/v2\/types\/post"}],"author":[{"embeddable":true,"href":"http:\/\/wordpress.gurbuz.net\/index.php?rest_route=\/wp\/v2\/users\/1"}],"replies":[{"embeddable":true,"href":"http:\/\/wordpress.gurbuz.net\/index.php?rest_route=%2Fwp%2Fv2%2Fcomments&post=80151"}],"version-history":[{"count":5,"href":"http:\/\/wordpress.gurbuz.net\/index.php?rest_route=\/wp\/v2\/posts\/80151\/revisions"}],"predecessor-version":[{"id":80156,"href":"http:\/\/wordpress.gurbuz.net\/index.php?rest_route=\/wp\/v2\/posts\/80151\/revisions\/80156"}],"wp:attachment":[{"href":"http:\/\/wordpress.gurbuz.net\/index.php?rest_route=%2Fwp%2Fv2%2Fmedia&parent=80151"}],"wp:term":[{"taxonomy":"category","embeddable":true,"href":"http:\/\/wordpress.gurbuz.net\/index.php?rest_route=%2Fwp%2Fv2%2Fcategories&post=80151"},{"taxonomy":"post_tag","embeddable":true,"href":"http:\/\/wordpress.gurbuz.net\/index.php?rest_route=%2Fwp%2Fv2%2Ftags&post=80151"}],"curies":[{"name":"wp","href":"https:\/\/api.w.org\/{rel}","templated":true}]}}