{"id":79539,"date":"2021-08-30T06:20:24","date_gmt":"2021-08-30T06:20:24","guid":{"rendered":"http:\/\/wordpress.gurbuz.net\/?p=79539"},"modified":"2021-08-30T07:16:31","modified_gmt":"2021-08-30T07:16:31","slug":"herrgott-scheisserli-ayyy-cok-hosuma-gitti-hani-duen-alman-tayyipistan-afganistan-falan","status":"publish","type":"post","link":"http:\/\/wordpress.gurbuz.net\/?p=79539","title":{"rendered":"Herrgott schei\u00dferli, ayyy \u00e7ok ho\u015fuma gitti. Hani d\u00fcn, ALMAN \u2013 Tayyipistan \u2013 Afganistan falan"},"content":{"rendered":"<p>BILMIYORDUM\u2026<br \/>\n&#x1f60a;<br \/>\nTAM BIZLIK\u2026<br \/>\nTAM!<\/p>\n<p>Mant\u0131\u2026<br \/>\nMant\u0131, Alman deyimi ile Maultaschen\u2026<br \/>\nESKI ISMI\u2026<br \/>\nHerrgott schei\u00dferli.<\/p>\n<p>Schei\u00dferli&#8230;<br \/>\nBeschei\u00dfenden t\u00fcreyen bir kelime\u2026<br \/>\nAldatmak, kand\u0131rmak anlam\u0131nda\u2026<br \/>\nB.ka bulamak&#8230;<br \/>\nHalk a\u011fz\u0131, deyimi ile. Argo\u2026<br \/>\nArgo hani bizimde var ya, O cinsten\u2026<br \/>\nK\u00fcf\u00fcr san\u0131rs\u0131n, hakaret\u2026<br \/>\nAma de\u011fil i\u015fte.<\/p>\n<p>Allah\u2026<br \/>\nMANTI \u2013 Siyaset \u00fc\u00e7geni ile ne alaka diye kendine SORMA\u2026<br \/>\nBekle\u2026<br \/>\nHele hele var ya \u201cbizim\u201d bir MILLI g.t verenimiz\u2026<br \/>\nDevletin Bah\u00e7elisi\u2026<br \/>\nO\u2026<br \/>\nADI yarat\u0131k, orospunun do\u011furdu\u011funa cevaben\u2026<br \/>\nDedim ya anlayana.<\/p>\n<p>Tam kar\u015f\u0131l\u0131\u011f\u0131 bu kelimenin\u2026<br \/>\nS\u0131\u00e7t\u0131rd\u0131, k\u00fc\u00e7\u00fck s\u0131\u00e7an, LI eki.<br \/>\nDedim ya kand\u0131rmak, aldatmak anlam\u0131nda. Herrgott\u2026<br \/>\nIse Tanr\u0131.<\/p>\n<p>Yani Allah\u2019\u0131 aldatan, kand\u0131rmaya \u00e7al\u0131\u015fan\u2026<br \/>\nAnlatm\u0131\u015f\u0131md\u0131r ge\u00e7mi\u015fte, \u015fehit meselesi \u00f6rne\u011fin\u2026<br \/>\n&gt;&gt;&gt; oru\u00e7 tutmak &lt;&lt;&lt;<br \/>\nHAKTAN gelen, HAK OLAN\u2026<br \/>\n\u0130brani dinler, \u0130brani Karde\u015fli\u011fi\u2026<br \/>\nINAN\u2026<br \/>\nM\u00fcsl\u00fcman Kalle\u015fli\u011fine FARK ATAN.<\/p>\n<p>Hristiyanlarda oru\u00e7 tutar\u2026<br \/>\nBiraz farkl\u0131d\u0131r onlar\u0131n ki\u2026<br \/>\nEt, &#8222;bal\u0131k*&#8220; falan yasak\u2026<br \/>\nRivayet odur ki\u2026<br \/>\nBir g\u00fcn ke\u015fi\u015flere birisi b\u00fcy\u00fck bir but hediye eder\u2026<br \/>\nEt, et\u2026<br \/>\nOru\u00e7 vakti, YASAK\u2026<br \/>\nKesi\u015fler d\u00fc\u015f\u00fcn\u00fcr ta\u015f\u0131n\u0131r ulan ne yapsak etsek\u2026<br \/>\nBu budu mideye indirsek.<\/p>\n<p><strong>Bu\u2026<br \/>\n\u0130nsani d\u00fc\u015f\u00fcncelerin sonucunda etti k\u00fc\u00e7\u00fck k\u00fc\u00e7\u00fck par\u00e7alara b\u00f6lerek\u2026<br \/>\nEti\u2026<br \/>\nHamur i\u00e7inde Allah\u2019tan saklamak gelir akl\u0131lar\u0131na\u2026<br \/>\nTanr\u0131y\u0131 kand\u0131rmak\u2026<br \/>\nTayyip orospusu, AMerika\u2026<br \/>\nKulu kand\u0131r\u0131rs\u0131n\u0131z da Allah\u2019\u0131 ASLA.<\/strong><\/p>\n<p>Devam edecek, bu birinci b\u00f6l\u00fcm\u00fcyd\u00fc\u2026<br \/>\nVAKIT BULURSAM\u2026<br \/>\nS\u00f6z vermiyorum yani\u2026<br \/>\nGerisi sonra\u2026<\/p>\n<p>&#8222;Business<br \/>\nTurkey Builds Military Capability With Locally Made Armed Drones<br \/>\nBy Asli Kandemir<br \/>\n29. August 2021, 17:55 MESZ&#8220;<\/p>\n<p>https:\/\/www.bloomberg.com\/news\/articles\/2021-08-29\/turkey-builds-military-capability-with-locally-made-armed-drones<\/p>\n<p>* Bizde MIDYE gibi&#8230;<br \/>\nHani Hanefi, kimisine g\u00f6re yenileblir&#8230;<br \/>\nKimine g\u00f6re yenilmez.<\/p>\n<p>Ben mezhepsizim\u2026<br \/>\nYOK benim mezhebim\u2026<br \/>\nAllah\u2019\u0131m VAR\u2026<br \/>\nKitab\u0131m VAR\u2026<br \/>\nPeygamber Efendimiz VAR!<\/p>\n<p><strong>Kocaman bir NOKTA<\/strong><\/p>\n<p>Vay mezhepsiz pezevenk vay&#8230;<br \/>\nDEME\u2026<br \/>\nD\u00fc\u015f\u00fcn \u00fczerine\u2026<br \/>\nRabbimiz\u2026<br \/>\nEl\u00e7iLERI, kitapLARI\u2026<br \/>\n\u0130stersen d\u00fc\u015f\u00fcn biraz \u00fcst\u00fcnde, ESAS olan O\u2026<br \/>\nOnlar\u2026<br \/>\nDi\u011ferleri KUL UYDURMASI.<\/p>\n<p>*<\/p>\n<blockquote class=\"wp-embedded-content\" data-secret=\"uc6FiIkmE1\"><p><a href=\"http:\/\/wordpress.gurbuz.net\/?p=48919\">Biberler \u00e7\u00fcr\u00fcmeye y\u00fcz tutmu\u015ftu \u2013 uzay birlikleri. Allah\u2026 Veriyor AMA ayn\u0131 zamanda s\u0131n\u0131yor seni<\/a><\/p><\/blockquote>\n<p><iframe class=\"wp-embedded-content\" sandbox=\"allow-scripts\" security=\"restricted\" style=\"position: absolute; clip: rect(1px, 1px, 1px, 1px);\" src=\"http:\/\/wordpress.gurbuz.net\/?p=48919&#038;embed=true#?secret=uc6FiIkmE1\" data-secret=\"uc6FiIkmE1\" width=\"525\" height=\"296\" title=\"&#8222;Biberler \u00e7\u00fcr\u00fcmeye y\u00fcz tutmu\u015ftu \u2013 uzay birlikleri. Allah\u2026 Veriyor AMA ayn\u0131 zamanda s\u0131n\u0131yor seni&#8220; &#8212; \u00d6nder G\u00fcrb\u00fcz\" frameborder=\"0\" marginwidth=\"0\" marginheight=\"0\" scrolling=\"no\"><\/iframe><\/p>\n<p>A\u011fz\u0131m, y\u00fcz\u00fcm\u2026<br \/>\nD\u00f6t\u00fcm\u2026<br \/>\n\u201dUlan y\u00e2rim g.t neyine g\u00fcveniyorsun?\u201d<\/p>\n<p>ALLAH\u2019IMA!<\/p>\n<p>\u0130nsana g\u00fcvenmeye \u00e7al\u0131\u015f\u0131yorum, yazm\u0131\u015ft\u0131m bir zamanlar\u2026<br \/>\nAma i\u00e7indeki \u015feytana g\u00fcvenmezsin. D\u00fcn bir filim\u2026<br \/>\n\u00c7ok g\u00fczel, belki yay\u0131nlar\u0131m\u2026<br \/>\nKADIN\u2026<br \/>\nKocas\u0131n\u0131 aldat\u0131yor en yak\u0131n arkada\u015f\u0131 ile\u2026<br \/>\n&gt;&gt;&gt; BACAK A\u00c7IYOR &lt;&lt;&lt;<br \/>\n\u2026<br \/>\n\u2026<br \/>\n\u2026<br \/>\nAllah korusun\u2026<br \/>\nAf etmem, edemem, b\u00fcy\u00fck konu\u015fmu\u015f olmayay\u0131m\u2026<br \/>\n\u0130hanettin vard\u0131r\u2026<br \/>\nTEK CEZASI!<\/p>\n<p>Son zamanlarda KADIN\u2026<br \/>\n\u00d6zellikle Afganistan ile birlikte\u2026<br \/>\nE\u015fcinseller benzeri\u2026<br \/>\n&gt;&gt;&gt; MIDE BULANDIRDI &lt;&lt;&lt;<br \/>\nYETER!!!<\/p>\n<p>Kad\u0131n\u2026<br \/>\nKad\u0131nl\u0131\u011f\u0131n\u0131 erkek erkekli\u011fini bilecek.<\/p>\n<p>HADIII&#8230;<br \/>\nBen gitti<\/p>\n","protected":false},"excerpt":{"rendered":"<p>BILMIYORDUM\u2026 &#x1f60a; TAM BIZLIK\u2026 TAM! Mant\u0131\u2026 Mant\u0131, Alman deyimi ile Maultaschen\u2026 ESKI ISMI\u2026 Herrgott schei\u00dferli. Schei\u00dferli&#8230; Beschei\u00dfenden t\u00fcreyen bir kelime\u2026 Aldatmak, kand\u0131rmak anlam\u0131nda\u2026 B.ka bulamak&#8230; Halk a\u011fz\u0131, deyimi ile. Argo\u2026 Argo hani bizimde var ya, O cinsten\u2026 K\u00fcf\u00fcr san\u0131rs\u0131n, hakaret\u2026 Ama de\u011fil i\u015fte. Allah\u2026 MANTI \u2013 Siyaset \u00fc\u00e7geni ile ne alaka diye kendine SORMA\u2026 Bekle\u2026 &hellip; <\/p>\n<p class=\"link-more\"><a href=\"http:\/\/wordpress.gurbuz.net\/?p=79539\" class=\"more-link\"><span class=\"screen-reader-text\">\u201eHerrgott schei\u00dferli, ayyy \u00e7ok ho\u015fuma gitti. Hani d\u00fcn, ALMAN \u2013 Tayyipistan \u2013 Afganistan falan\u201c<\/span> weiterlesen<\/a><\/p>\n","protected":false},"author":1,"featured_media":0,"comment_status":"open","ping_status":"open","sticky":false,"template":"","format":"standard","meta":[],"categories":[1],"tags":[],"_links":{"self":[{"href":"http:\/\/wordpress.gurbuz.net\/index.php?rest_route=\/wp\/v2\/posts\/79539"}],"collection":[{"href":"http:\/\/wordpress.gurbuz.net\/index.php?rest_route=\/wp\/v2\/posts"}],"about":[{"href":"http:\/\/wordpress.gurbuz.net\/index.php?rest_route=\/wp\/v2\/types\/post"}],"author":[{"embeddable":true,"href":"http:\/\/wordpress.gurbuz.net\/index.php?rest_route=\/wp\/v2\/users\/1"}],"replies":[{"embeddable":true,"href":"http:\/\/wordpress.gurbuz.net\/index.php?rest_route=%2Fwp%2Fv2%2Fcomments&post=79539"}],"version-history":[{"count":13,"href":"http:\/\/wordpress.gurbuz.net\/index.php?rest_route=\/wp\/v2\/posts\/79539\/revisions"}],"predecessor-version":[{"id":79552,"href":"http:\/\/wordpress.gurbuz.net\/index.php?rest_route=\/wp\/v2\/posts\/79539\/revisions\/79552"}],"wp:attachment":[{"href":"http:\/\/wordpress.gurbuz.net\/index.php?rest_route=%2Fwp%2Fv2%2Fmedia&parent=79539"}],"wp:term":[{"taxonomy":"category","embeddable":true,"href":"http:\/\/wordpress.gurbuz.net\/index.php?rest_route=%2Fwp%2Fv2%2Fcategories&post=79539"},{"taxonomy":"post_tag","embeddable":true,"href":"http:\/\/wordpress.gurbuz.net\/index.php?rest_route=%2Fwp%2Fv2%2Ftags&post=79539"}],"curies":[{"name":"wp","href":"https:\/\/api.w.org\/{rel}","templated":true}]}}