{"id":78487,"date":"2021-08-16T11:54:56","date_gmt":"2021-08-16T11:54:56","guid":{"rendered":"http:\/\/wordpress.gurbuz.net\/?p=78487"},"modified":"2021-08-16T12:30:27","modified_gmt":"2021-08-16T12:30:27","slug":"delirecegim-ya-vallahi-billahi-kafayi-yiyecegim-hangi-biriyle-ugrasayim","status":"publish","type":"post","link":"http:\/\/wordpress.gurbuz.net\/?p=78487","title":{"rendered":"Delirece\u011fim ya, vallahi billahi kafay\u0131 yiyece\u011fim. Hangi biriyle u\u011fra\u015fay\u0131m???"},"content":{"rendered":"<p>Hukuk profes\u00f6r\u00fc\u2026<br \/>\nHUKUK\u2026<br \/>\n\u00d6mr\u00fcm milletin g\u00fcvenli\u011fini sa\u011flamakla ge\u00e7ti, NERELERE girip \u00e7\u0131kt\u0131m\u2026<br \/>\nSiyasete bula\u015ft\u0131m\u2026<br \/>\nSonucu buralara gelmek ZORUNDA kald\u0131k\u2026<br \/>\nBenim s\u0131\u011f\u0131rl\u0131\u011f\u0131m \u00f6zel, \u00f6yle her \u00f6n\u00fcne gelenin g\u00f6t\u00fcne tak\u0131lmam\u2026<\/p>\n<p>Bana\u2026<br \/>\n\u00d6NCE kendini ispatlayacak, laf\u0131 s\u00f6z\u00fc dinlenir bir insan oldu\u011funu ispatlayacak\u2026<br \/>\nVe bu\u2026<br \/>\nHi\u00e7 KOLAY de\u011fildir\u2026<br \/>\nO zaman bile BELKI, ele\u011fim \u00e7ok ama \u00e7ok incedir.<\/p>\n<p>S\u00d6YLERIM\u2026<br \/>\nUyar\u0131r\u0131m VAKTINDE, daha vakit varken\u2026<br \/>\nDinleyen dinler\u2026<br \/>\nGerisi g\u00f6t\u00fcme kadar.<\/p>\n<p><img src=\"http:\/\/www.gurbuz.net\/Yeni\/160821.JPG\" alt=\"\" \/><\/p>\n<p><strong>Hayal bile edemezsiniz\u2026<br \/>\nHAYAL!<\/strong><\/p>\n<p>*<\/p>\n<p><strong>Ich w\u00fcnschte\u2026<br \/>\nIch h\u00e4tte, deutsch geschrieben\u2026<br \/>\nDann w\u00fcsstet ihr wovon ich rede\u2026<br \/>\nEure \u00fcbersetzter, glaubt mir die taugen nichts\u2026<br \/>\nSie sind untauglich.<\/p>\n<p>Ja\u2026<br \/>\nIch habe vieles im Leben erlebt\u2026<br \/>\nMeistens gewollt\u2026<br \/>\nMeine Interessen sind sehr breitgef\u00e4chert\u2026<br \/>\nSeit wann ist \u201ewissen\u201c strafbar?<\/p>\n<p>Ich bin ein gl\u00e4ubiger Mensch, Gott gibt es\u2026<br \/>\nGott nimmt es\u2026<br \/>\nIch wurde dazu erzogen auch von berufts wegen zu SEHEN\u2026<br \/>\nZu hinterfragen\u2026<br \/>\nIst das strafbar?<br \/>\n<\/strong><\/p>\n<p>*<\/p>\n<p>Ein sehr kleines Beispiel\u2026<br \/>\nWeil es \u201ein\u201c ist\u2026<br \/>\nDas Fahrrad, sein Dynamo\u2026<br \/>\nErzeugt Elektrizit\u00e4t, Ok dreh es um\u2026<br \/>\nEin Propeller dran\u2026<br \/>\nEin Wasserrad was glaubt ihr wohl was passiert?<\/p>\n<p>Kleine Mengen, was solls?<br \/>\nIch komme aus der \u201egro\u00df Industrie\u201c<br \/>\nAtom Energie\u2026<br \/>\nDampfkraft, ja wir leben IMMER NOCH im Dampfzeitalter\u2026<br \/>\nEine Japanerin, sie hat etwas erfunden\u2026<br \/>\nWas die Atom Energie ungef\u00e4hrlicher macht, BESSER ALS\u2026<br \/>\nFusionsenergie\u2026<br \/>\nSicherer, die W\u00e4nde von diesem schei\u00df\u2026<br \/>\nWisst ihr was passiert ist?<\/p>\n<p>Die Erfindung wurde unter den Teppich gekehrt\u2026<br \/>\nUnd ich habe solche Sachen auch schon pers\u00f6nlich erlebt\u2026<br \/>\nAlso BITTE bleiben wir fachlich, sachlich\u2026<br \/>\nLasst mich in Ruhe, behindert mich nicht!<\/p>\n<p>Chemie\u2026<br \/>\nMedizintechnik\u2026<br \/>\nJa das bin ich, ich war fast t\u00e4glich in irgendwelchen Institutionen\u2026<br \/>\nIn Universit\u00e4ten\u2026<br \/>\nUnd ich habe immer nur gelernt\u2026<br \/>\nLaboratorien\u2026<br \/>\nMann, Mann, Mann\u2026<br \/>\nSelbst das BKA ist mir nicht fremd\u2026<br \/>\nWas wollt ihr von mir\u2026<br \/>\nWAS?<\/p>\n<p>Die automobile Industrie\u2026<br \/>\nOpel, VW\u2026<br \/>\nSelbst die Bundeswehr\u2026<br \/>\nALLES was Rang und Namen hat\u2026<br \/>\n\u201eAlles\u201c<\/p>\n","protected":false},"excerpt":{"rendered":"<p>Hukuk profes\u00f6r\u00fc\u2026 HUKUK\u2026 \u00d6mr\u00fcm milletin g\u00fcvenli\u011fini sa\u011flamakla ge\u00e7ti, NERELERE girip \u00e7\u0131kt\u0131m\u2026 Siyasete bula\u015ft\u0131m\u2026 Sonucu buralara gelmek ZORUNDA kald\u0131k\u2026 Benim s\u0131\u011f\u0131rl\u0131\u011f\u0131m \u00f6zel, \u00f6yle her \u00f6n\u00fcne gelenin g\u00f6t\u00fcne tak\u0131lmam\u2026 Bana\u2026 \u00d6NCE kendini ispatlayacak, laf\u0131 s\u00f6z\u00fc dinlenir bir insan oldu\u011funu ispatlayacak\u2026 Ve bu\u2026 Hi\u00e7 KOLAY de\u011fildir\u2026 O zaman bile BELKI, ele\u011fim \u00e7ok ama \u00e7ok incedir. S\u00d6YLERIM\u2026 Uyar\u0131r\u0131m VAKTINDE, &hellip; <\/p>\n<p class=\"link-more\"><a href=\"http:\/\/wordpress.gurbuz.net\/?p=78487\" class=\"more-link\"><span class=\"screen-reader-text\">\u201eDelirece\u011fim ya, vallahi billahi kafay\u0131 yiyece\u011fim. Hangi biriyle u\u011fra\u015fay\u0131m???\u201c<\/span> weiterlesen<\/a><\/p>\n","protected":false},"author":1,"featured_media":0,"comment_status":"open","ping_status":"open","sticky":false,"template":"","format":"standard","meta":[],"categories":[1],"tags":[],"_links":{"self":[{"href":"http:\/\/wordpress.gurbuz.net\/index.php?rest_route=\/wp\/v2\/posts\/78487"}],"collection":[{"href":"http:\/\/wordpress.gurbuz.net\/index.php?rest_route=\/wp\/v2\/posts"}],"about":[{"href":"http:\/\/wordpress.gurbuz.net\/index.php?rest_route=\/wp\/v2\/types\/post"}],"author":[{"embeddable":true,"href":"http:\/\/wordpress.gurbuz.net\/index.php?rest_route=\/wp\/v2\/users\/1"}],"replies":[{"embeddable":true,"href":"http:\/\/wordpress.gurbuz.net\/index.php?rest_route=%2Fwp%2Fv2%2Fcomments&post=78487"}],"version-history":[{"count":10,"href":"http:\/\/wordpress.gurbuz.net\/index.php?rest_route=\/wp\/v2\/posts\/78487\/revisions"}],"predecessor-version":[{"id":78497,"href":"http:\/\/wordpress.gurbuz.net\/index.php?rest_route=\/wp\/v2\/posts\/78487\/revisions\/78497"}],"wp:attachment":[{"href":"http:\/\/wordpress.gurbuz.net\/index.php?rest_route=%2Fwp%2Fv2%2Fmedia&parent=78487"}],"wp:term":[{"taxonomy":"category","embeddable":true,"href":"http:\/\/wordpress.gurbuz.net\/index.php?rest_route=%2Fwp%2Fv2%2Fcategories&post=78487"},{"taxonomy":"post_tag","embeddable":true,"href":"http:\/\/wordpress.gurbuz.net\/index.php?rest_route=%2Fwp%2Fv2%2Ftags&post=78487"}],"curies":[{"name":"wp","href":"https:\/\/api.w.org\/{rel}","templated":true}]}}