{"id":78478,"date":"2021-08-16T11:31:23","date_gmt":"2021-08-16T11:31:23","guid":{"rendered":"http:\/\/wordpress.gurbuz.net\/?p=78478"},"modified":"2021-08-16T11:38:05","modified_gmt":"2021-08-16T11:38:05","slug":"analarin-amindan-bir-sekilde-cikmayi-basarmislar-ama","status":"publish","type":"post","link":"http:\/\/wordpress.gurbuz.net\/?p=78478","title":{"rendered":"Analar\u0131n AMINDAN bir \u015fekilde \u00e7\u0131kmay\u0131 ba\u015farm\u0131\u015flar AMA"},"content":{"rendered":"<p>\u00d6k\u00fcze\u2026<br \/>\n\u0130nsan olmay\u0131 \u00f6\u011fretemezsin, \u00f6k\u00fcz gelmi\u015f \u00f6k\u00fcz gidecek\u2026<br \/>\nBir s\u0131\u011f\u0131r.<\/p>\n<p>*<\/p>\n<p><strong>Yaz\u0131klar olsun, bile BILE<\/strong><\/p>\n<p>&#8222;WELT<br \/>\nStiko empfiehlt Corona-Impfung f\u00fcr Zw\u00f6lf- bis 17-J\u00e4hrige<br \/>\n vor 1 Std.<\/p>\n<p>Seit Wochen wird in Deutschland dar\u00fcber diskutiert, ob auch Kinder und Jugendliche gegen Corona geimpft werden sollen. Nun empfiehlt es die St\u00e4ndige Impfkommission f\u00fcr Zw\u00f6lf- bis 17-J\u00e4hrige doch. Der Grund: neue Daten aus dem US-amerikanischen Impfprogramm.&#8220;<\/p>\n<p>https:\/\/www.msn.com\/de-de\/nachrichten\/coronavirus\/stiko-empfiehlt-corona-impfung-f%C3%BCr-zw%C3%B6lf-bis-17-j%C3%A4hrige\/ar-AANmzdC?ocid=msedgntp<\/p>\n","protected":false},"excerpt":{"rendered":"<p>\u00d6k\u00fcze\u2026 \u0130nsan olmay\u0131 \u00f6\u011fretemezsin, \u00f6k\u00fcz gelmi\u015f \u00f6k\u00fcz gidecek\u2026 Bir s\u0131\u011f\u0131r. * Yaz\u0131klar olsun, bile BILE &#8222;WELT Stiko empfiehlt Corona-Impfung f\u00fcr Zw\u00f6lf- bis 17-J\u00e4hrige vor 1 Std. Seit Wochen wird in Deutschland dar\u00fcber diskutiert, ob auch Kinder und Jugendliche gegen Corona geimpft werden sollen. Nun empfiehlt es die St\u00e4ndige Impfkommission f\u00fcr Zw\u00f6lf- bis 17-J\u00e4hrige doch. Der &hellip; <\/p>\n<p class=\"link-more\"><a href=\"http:\/\/wordpress.gurbuz.net\/?p=78478\" class=\"more-link\"><span class=\"screen-reader-text\">\u201eAnalar\u0131n AMINDAN bir \u015fekilde \u00e7\u0131kmay\u0131 ba\u015farm\u0131\u015flar AMA\u201c<\/span> weiterlesen<\/a><\/p>\n","protected":false},"author":1,"featured_media":0,"comment_status":"open","ping_status":"open","sticky":false,"template":"","format":"standard","meta":[],"categories":[1],"tags":[],"_links":{"self":[{"href":"http:\/\/wordpress.gurbuz.net\/index.php?rest_route=\/wp\/v2\/posts\/78478"}],"collection":[{"href":"http:\/\/wordpress.gurbuz.net\/index.php?rest_route=\/wp\/v2\/posts"}],"about":[{"href":"http:\/\/wordpress.gurbuz.net\/index.php?rest_route=\/wp\/v2\/types\/post"}],"author":[{"embeddable":true,"href":"http:\/\/wordpress.gurbuz.net\/index.php?rest_route=\/wp\/v2\/users\/1"}],"replies":[{"embeddable":true,"href":"http:\/\/wordpress.gurbuz.net\/index.php?rest_route=%2Fwp%2Fv2%2Fcomments&post=78478"}],"version-history":[{"count":3,"href":"http:\/\/wordpress.gurbuz.net\/index.php?rest_route=\/wp\/v2\/posts\/78478\/revisions"}],"predecessor-version":[{"id":78481,"href":"http:\/\/wordpress.gurbuz.net\/index.php?rest_route=\/wp\/v2\/posts\/78478\/revisions\/78481"}],"wp:attachment":[{"href":"http:\/\/wordpress.gurbuz.net\/index.php?rest_route=%2Fwp%2Fv2%2Fmedia&parent=78478"}],"wp:term":[{"taxonomy":"category","embeddable":true,"href":"http:\/\/wordpress.gurbuz.net\/index.php?rest_route=%2Fwp%2Fv2%2Fcategories&post=78478"},{"taxonomy":"post_tag","embeddable":true,"href":"http:\/\/wordpress.gurbuz.net\/index.php?rest_route=%2Fwp%2Fv2%2Ftags&post=78478"}],"curies":[{"name":"wp","href":"https:\/\/api.w.org\/{rel}","templated":true}]}}