{"id":77973,"date":"2021-08-10T14:12:10","date_gmt":"2021-08-10T14:12:10","guid":{"rendered":"http:\/\/wordpress.gurbuz.net\/?p=77973"},"modified":"2021-08-10T14:24:07","modified_gmt":"2021-08-10T14:24:07","slug":"moregen-wenn-ich-die-zeit-dazu-finde","status":"publish","type":"post","link":"http:\/\/wordpress.gurbuz.net\/?p=77973","title":{"rendered":"MORGEN, wenn ich die Zeit dazu finde!?"},"content":{"rendered":"<p>D\u00f6t\u00fcm\u2026<br \/>\nBirazda bu y\u00fczden ipotekte\u2026<br \/>\nAMA\u2026<br \/>\nDo\u011fru bildi\u011fimden \u015fa\u015fmam\u2026<br \/>\n\u015ea\u015fmam\u2026<br \/>\nAksi ispatlanana kadar.<\/p>\n<p>Ich habe es NICHT versprochen\u2026<br \/>\nWenn ich die Zeit finde, wenn es mir \u201egut geht\u201c<\/p>\n<p>&#8222;Tagesspiegel<br \/>\nBerliner Senatorin zieht \u201eEhrenmord\u201c-Aussage zur\u00fcck: Wer Probleme nicht benennt, wird sie nicht l\u00f6sen<br \/>\n Frank Bachner vor 19 Std.<\/p>\n<p>Die mutma\u00dfliche Ermordung einer Afghanin durch ihre Br\u00fcder sei \u00fcbliche Gewalt gegen Frauen, sagte Elke Breitenbach. Dann relativierte sie. Ein Kommentar.<br \/>\nElke Breitenbach von der Linkspartei, die Berliner Senatorin f\u00fcr Soziales, Arbeit und Integration, hat die Kurve noch bekommen. Sie hat ihre hoch umstrittene Aussage im Zusammenhang mit dem mutma\u00dflichen \u201eEhrenmord\u201c an einer afghanischen Mutter durch ihre Br\u00fcder relativiert. Urspr\u00fcnglich hatte sie erkl\u00e4rt, es handele sich nicht um einen Ehrenmord, obwohl die Staatsanwaltschaft gen\u00fcgend Hinweise hatte.<\/p>\n<p>[Wenn Sie aktuelle Nachrichten aus Berlin, Deutschland und der Welt live auf Ihr Handy haben wollen, empfehlen wir Ihnen unsere App, die Sie hier f\u00fcr Apple- und Android-Ger\u00e4te herunterladen k\u00f6nnen.]<\/p>\n<p>F\u00fcr Breitenbach war die Tat ein Femizid, wie er jeden dritten Tag in Deutschland vorkomme. Es gehe bei den T\u00e4tern nicht um die Herkunft und die Nationalit\u00e4t der M\u00e4nner. Am Montag dann die Kehrtwende: Femizid verwende sie, sagte die Senatorin, weil es bei Mord keine Ehre gebe. Breitenbach hatte fast zwei Tage lang an ihrer urspr\u00fcnglichen Aussage festgehalten. Erst auf den \u00f6ffentlichen Aufschrei hat sie dann schlie\u00dflich reagiert.<\/p>\n<p>Auch deutsche M\u00e4nner morden aus Gekr\u00e4nktheit&#8220;<\/p>\n<p>https:\/\/www.msn.com\/de-de\/nachrichten\/panorama\/berliner-senatorin-zieht-ehrenmord-aussage-zur%C3%BCck-wer-probleme-nicht-benennt-wird-sie-nicht-l%C3%B6sen\/ar-AAN6MCj?ocid=msedgntp<\/p>\n<p>*<\/p>\n<p><strong>\u0130svi\u00e7re\u2026<br \/>\n\u00c7ocuklara MODERNA\u2026<br \/>\nHi\u00e7bir \u015fey demem, diyemem!!!<\/p>\n<p>Zaten\u2026<br \/>\n\u00c7ocuk kronik hastaysa\u2026<br \/>\nMUTLAKA!<\/strong><\/p>\n<p>&#8222;Handelsblatt<br \/>\nDelta-Variante: Alle Fragen und Antworten zur Corona-Impfung f\u00fcr Kinder<br \/>\n Buske, Nils vor 45 Min.<\/p>\n<p>Die Delta-Variante des Coronavirus dominiert das Infektionsgeschehen. Kinder ab zw\u00f6lf Jahren werden in Deutschland seit Wochen geimpft. Ein \u00dcberblick.&#8220;<\/p>\n<p>https:\/\/www.msn.com\/de-de\/nachrichten\/wissenundtechnik\/delta-variante-alle-fragen-und-antworten-zur-corona-impfung-f%C3%BCr-kinder\/ar-AAN8T9B?ocid=msedgntp<\/p>\n<p><strong>ISRAIL\u2026<br \/>\nIsrail\u2019e DIKKAT, \u0130ngiltere\u2026<br \/>\n&#x1f609;<br \/>\nBir muamma!<\/p>\n<p>Bilim\u2026<br \/>\n\u201c\u015ea\u015fk\u0131n\u201d<br \/>\nSiktirin lan.<\/strong><\/p>\n","protected":false},"excerpt":{"rendered":"<p>D\u00f6t\u00fcm\u2026 Birazda bu y\u00fczden ipotekte\u2026 AMA\u2026 Do\u011fru bildi\u011fimden \u015fa\u015fmam\u2026 \u015ea\u015fmam\u2026 Aksi ispatlanana kadar. Ich habe es NICHT versprochen\u2026 Wenn ich die Zeit finde, wenn es mir \u201egut geht\u201c &#8222;Tagesspiegel Berliner Senatorin zieht \u201eEhrenmord\u201c-Aussage zur\u00fcck: Wer Probleme nicht benennt, wird sie nicht l\u00f6sen Frank Bachner vor 19 Std. Die mutma\u00dfliche Ermordung einer Afghanin durch ihre Br\u00fcder &hellip; <\/p>\n<p class=\"link-more\"><a href=\"http:\/\/wordpress.gurbuz.net\/?p=77973\" class=\"more-link\"><span class=\"screen-reader-text\">\u201eMORGEN, wenn ich die Zeit dazu finde!?\u201c<\/span> weiterlesen<\/a><\/p>\n","protected":false},"author":1,"featured_media":0,"comment_status":"open","ping_status":"open","sticky":false,"template":"","format":"standard","meta":[],"categories":[1],"tags":[],"_links":{"self":[{"href":"http:\/\/wordpress.gurbuz.net\/index.php?rest_route=\/wp\/v2\/posts\/77973"}],"collection":[{"href":"http:\/\/wordpress.gurbuz.net\/index.php?rest_route=\/wp\/v2\/posts"}],"about":[{"href":"http:\/\/wordpress.gurbuz.net\/index.php?rest_route=\/wp\/v2\/types\/post"}],"author":[{"embeddable":true,"href":"http:\/\/wordpress.gurbuz.net\/index.php?rest_route=\/wp\/v2\/users\/1"}],"replies":[{"embeddable":true,"href":"http:\/\/wordpress.gurbuz.net\/index.php?rest_route=%2Fwp%2Fv2%2Fcomments&post=77973"}],"version-history":[{"count":6,"href":"http:\/\/wordpress.gurbuz.net\/index.php?rest_route=\/wp\/v2\/posts\/77973\/revisions"}],"predecessor-version":[{"id":77982,"href":"http:\/\/wordpress.gurbuz.net\/index.php?rest_route=\/wp\/v2\/posts\/77973\/revisions\/77982"}],"wp:attachment":[{"href":"http:\/\/wordpress.gurbuz.net\/index.php?rest_route=%2Fwp%2Fv2%2Fmedia&parent=77973"}],"wp:term":[{"taxonomy":"category","embeddable":true,"href":"http:\/\/wordpress.gurbuz.net\/index.php?rest_route=%2Fwp%2Fv2%2Fcategories&post=77973"},{"taxonomy":"post_tag","embeddable":true,"href":"http:\/\/wordpress.gurbuz.net\/index.php?rest_route=%2Fwp%2Fv2%2Ftags&post=77973"}],"curies":[{"name":"wp","href":"https:\/\/api.w.org\/{rel}","templated":true}]}}