{"id":7765,"date":"2018-03-27T06:10:01","date_gmt":"2018-03-27T06:10:01","guid":{"rendered":"http:\/\/wordpress.gurbuz.net\/?p=7765"},"modified":"2018-03-27T06:10:01","modified_gmt":"2018-03-27T06:10:01","slug":"301","status":"publish","type":"post","link":"http:\/\/wordpress.gurbuz.net\/?p=7765","title":{"rendered":"301"},"content":{"rendered":"<p>Yokkk\u2026<br \/>\nNe bili\u015fimde klavye hatas\u0131\u2026<br \/>\nNe T\u00fcrk Ceza Kanunu\u2019nun 301. Maddesi\u2026<br \/>\n\u00dc\u00e7 Y\u00fcz Bir\u2026<br \/>\nMADENCI!<\/p>\n<p>Hat\u0131rlad\u0131n\u0131z mi?<br \/>\nDevlet-\u00fcl ala\u2026<br \/>\nRecep-i Tayyip pezevenk-\u00fcl imam-\u0131 hatip, doland\u0131r\u0131c\u0131 ERbo\u011fan vakti zaman\u0131nda meydana gelen bir \u201ckaza\u201d<br \/>\nHani f\u0131trat meselesi gibi\u2026<br \/>\nDivan yolunda ka\u00e7\u0131n\u0131lmaz \u201czayiat\u201d     <\/p>\n<p>Ha bu u\u011furda bir insan fazla \u00f6lm\u00fc\u015f ha eksik\u2026<br \/>\n\u00d6nemli olan O pezevengin AK Saray\u0131nda arz-\u0131 endam etmesi!<\/p>\n<p>Tabii d\u00fcnya tersine d\u00f6n\u00fcp ayaklar\u2026<br \/>\nKendi bilgisizli\u011finin, cehaletinin, ihmallerinin su\u00e7unu FET\u00d6\u2019ye y\u00fckleyip\u2026<br \/>\nHALK\u2026<br \/>\nBunu y.ra\u011f \u0131 yer gibi yiyince k\u0131\u00e7 ve k\u0131l durur mu?<br \/>\nYok FET\u00d6, yok bu denediler su\u00e7u ba\u015fkas\u0131na y\u00fcklemeyi\u2026<br \/>\nOLMADI!<\/p>\n<p>Bari ger\u00e7ek \u015fehitlerin, ihmal sonucu \u00f6lenlerin y\u00fcz\u00fc suyu h\u00fcrmetine g\u00f6r art\u0131k ger\u00e7ekleri!<\/p>\n","protected":false},"excerpt":{"rendered":"<p>Yokkk\u2026 Ne bili\u015fimde klavye hatas\u0131\u2026 Ne T\u00fcrk Ceza Kanunu\u2019nun 301. Maddesi\u2026 \u00dc\u00e7 Y\u00fcz Bir\u2026 MADENCI! Hat\u0131rlad\u0131n\u0131z mi? Devlet-\u00fcl ala\u2026 Recep-i Tayyip pezevenk-\u00fcl imam-\u0131 hatip, doland\u0131r\u0131c\u0131 ERbo\u011fan vakti zaman\u0131nda meydana gelen bir \u201ckaza\u201d Hani f\u0131trat meselesi gibi\u2026 Divan yolunda ka\u00e7\u0131n\u0131lmaz \u201czayiat\u201d Ha bu u\u011furda bir insan fazla \u00f6lm\u00fc\u015f ha eksik\u2026 \u00d6nemli olan O pezevengin AK Saray\u0131nda &hellip; <\/p>\n<p class=\"link-more\"><a href=\"http:\/\/wordpress.gurbuz.net\/?p=7765\" class=\"more-link\"><span class=\"screen-reader-text\">\u201e301\u201c<\/span> weiterlesen<\/a><\/p>\n","protected":false},"author":1,"featured_media":0,"comment_status":"open","ping_status":"open","sticky":false,"template":"","format":"standard","meta":[],"categories":[1],"tags":[],"_links":{"self":[{"href":"http:\/\/wordpress.gurbuz.net\/index.php?rest_route=\/wp\/v2\/posts\/7765"}],"collection":[{"href":"http:\/\/wordpress.gurbuz.net\/index.php?rest_route=\/wp\/v2\/posts"}],"about":[{"href":"http:\/\/wordpress.gurbuz.net\/index.php?rest_route=\/wp\/v2\/types\/post"}],"author":[{"embeddable":true,"href":"http:\/\/wordpress.gurbuz.net\/index.php?rest_route=\/wp\/v2\/users\/1"}],"replies":[{"embeddable":true,"href":"http:\/\/wordpress.gurbuz.net\/index.php?rest_route=%2Fwp%2Fv2%2Fcomments&post=7765"}],"version-history":[{"count":1,"href":"http:\/\/wordpress.gurbuz.net\/index.php?rest_route=\/wp\/v2\/posts\/7765\/revisions"}],"predecessor-version":[{"id":7766,"href":"http:\/\/wordpress.gurbuz.net\/index.php?rest_route=\/wp\/v2\/posts\/7765\/revisions\/7766"}],"wp:attachment":[{"href":"http:\/\/wordpress.gurbuz.net\/index.php?rest_route=%2Fwp%2Fv2%2Fmedia&parent=7765"}],"wp:term":[{"taxonomy":"category","embeddable":true,"href":"http:\/\/wordpress.gurbuz.net\/index.php?rest_route=%2Fwp%2Fv2%2Fcategories&post=7765"},{"taxonomy":"post_tag","embeddable":true,"href":"http:\/\/wordpress.gurbuz.net\/index.php?rest_route=%2Fwp%2Fv2%2Ftags&post=7765"}],"curies":[{"name":"wp","href":"https:\/\/api.w.org\/{rel}","templated":true}]}}