{"id":7708,"date":"2018-03-25T07:11:08","date_gmt":"2018-03-25T07:11:08","guid":{"rendered":"http:\/\/wordpress.gurbuz.net\/?p=7708"},"modified":"2018-03-25T07:14:42","modified_gmt":"2018-03-25T07:14:42","slug":"schwarze-hexe","status":"publish","type":"post","link":"http:\/\/wordpress.gurbuz.net\/?p=7708","title":{"rendered":"\u201cSchwarze Hexe\u201d"},"content":{"rendered":"<p>Hep derim<br \/>\n\u0130spatlamayaca\u011f\u0131m, kaynak g\u00f6steremeyece\u011fim\u2026<br \/>\nDo\u011frulu\u011funu teyit etmedi\u011fim bir \u015feyi yazmam, yay\u0131nlamam, bir iddia da bulunmam\u2026<br \/>\nVarsay\u0131msa, bir hipotez oldu\u011funu belirtirim\u2026<br \/>\nDo\u011fru bildi\u011fimi\u2026<br \/>\nILKELERIM DOGRULTUSUNDA olan ve INANDIKLARIMI yazar\u0131m!<br \/>\nNOKTA<\/p>\n<p>\u00c7\u0131km\u0131yor doktor akl\u0131mdan, \u00e7\u0131km\u0131yor\u2026<br \/>\nO kadar g\u00fcc\u00fcme gitti ki\u2026<br \/>\n\u00c7ok derinden yaralad\u0131 beni. \u0130ki insan, can\u0131mdan can\u2026<br \/>\nVicdan\u0131mda, akl\u0131mda, kalbimde\u2026<br \/>\nEvet, kanunen bile ispatland\u0131 bir kaza\u2026<br \/>\nSen\u2026<br \/>\nGel birde bana sor, vicdan azab\u0131m\u0131. Kendimi nas\u0131l su\u00e7lad\u0131\u011f\u0131m\u0131\u2026<br \/>\nNas\u0131l bir insan\u0131, vebalini bu vicdana daha y\u00fckleyebilirim?<\/p>\n<p>Elimden geleni yap\u0131yorum\u2026<br \/>\nT\u00fcm sokakla \u201cd\u00fc\u015fman\u201d. Kimse konu\u015fmuyor onunla\u2026<br \/>\nLakab\u0131 \u201ckara cad\u0131\u201d<br \/>\nBen\u2026<br \/>\nBu lakab\u0131 and\u0131ktan sonra daha ne anlatabilirim?<\/p>\n<p>AMAAAAAAAAAAAAAA<br \/>\nTan\u0131\u2026<br \/>\n\u0130yi bir insan, idare etmesini bildikten sonra. Bakma bazen tepem atar\u2026<br \/>\nD\u00f6ner yaramazl\u0131k yapm\u0131\u015f \u00e7ocu\u011fa, sus pus olur\u2026<br \/>\nBende, benim!<\/p>\n<p>Gidece\u011fim \u015fimdi yan\u0131na, yine d\u00fcn beni g\u00f6r\u00fcp alg\u0131lad\u0131\u011f\u0131nda O tebess\u00fcm\u00fc unutam\u0131yorum\u2026<br \/>\nBana d\u00fcrt\u00fc\u2026<br \/>\n\u00c7ok b\u00fcy\u00fck bir d\u00fcrt\u00fc, ak\u015fama han\u0131mla\u2026<br \/>\nTelefon etmi\u015ftim oraya buraya, neticede kendi hayatim, sorumlu oldu\u011fum insanlar var\u2026<br \/>\nHapse gireceksem HAK etti\u011fim i\u00e7in gireyim\u2026<br \/>\nVuracaksa beni birisi\u2026<br \/>\nYa ADAM gibi ADAM veya KADIN gibi KADIN vursun\u2026<br \/>\nHer ikisinin OROSPUSUNA yedirmem kendimi, prensip olarak yedirmem AMA insana\u2026<br \/>\nADAM veya KADIN olana\u2026<br \/>\nParma\u011f\u0131m\u0131 oynat\u0131rsam ne olay\u0131m!<\/p>\n<p>Adamca\u011f\u0131z yazm\u0131\u015f ta \u0130svi\u00e7re\u2019den, son kalan uzaktan akraba. Day\u0131 o\u011flu\u2026<br \/>\nBenim i\u00e7in \u00e7ok b\u00fcy\u00fck bir DELIL, nas\u0131l rahatlad\u0131m bilemezsiniz. Yar\u0131na doktordan randevu alaca\u011f\u0131m, hem gidip a\u00e7\u0131k a\u00e7\u0131k konu\u015faca\u011f\u0131m ne demek istiyorsun diye\u2026<br \/>\nHem kalbim, cay\u0131r cay\u0131r yan\u0131yor\u2026<br \/>\nHemen Sitaryo\u2019dan termin als\u0131n, his eder gibiyim i\u00e7imde bir \u015feyler oldu sanki. G\u00f6\u011fs\u00fcm \u00e7ok a\u011fr\u0131yor\u2026<br \/>\nO doktordan alt\u0131 aydan \u00f6nce randevu alman m\u00fcmk\u00fcn de\u011fil, ancak doktordan doktora\u2026<br \/>\nHem kolum, sakatlad\u0131m kendimi ge\u00e7ende kul\u00fcpte\u2026<br \/>\nGidip geleyim anlat\u0131r\u0131m.<\/p>\n<p><img src=\"http:\/\/www.gurbuz.net\/Turk\/240318.PNG\" alt=\"\" \/><br \/>\n<a href=\"http:\/\/www.gurbuz.net\/Turk\/240318.PNG\" rel=\"noopener\" target=\"_blank\">+<\/a><\/p>\n","protected":false},"excerpt":{"rendered":"<p>Hep derim \u0130spatlamayaca\u011f\u0131m, kaynak g\u00f6steremeyece\u011fim\u2026 Do\u011frulu\u011funu teyit etmedi\u011fim bir \u015feyi yazmam, yay\u0131nlamam, bir iddia da bulunmam\u2026 Varsay\u0131msa, bir hipotez oldu\u011funu belirtirim\u2026 Do\u011fru bildi\u011fimi\u2026 ILKELERIM DOGRULTUSUNDA olan ve INANDIKLARIMI yazar\u0131m! NOKTA \u00c7\u0131km\u0131yor doktor akl\u0131mdan, \u00e7\u0131km\u0131yor\u2026 O kadar g\u00fcc\u00fcme gitti ki\u2026 \u00c7ok derinden yaralad\u0131 beni. \u0130ki insan, can\u0131mdan can\u2026 Vicdan\u0131mda, akl\u0131mda, kalbimde\u2026 Evet, kanunen bile ispatland\u0131 bir &hellip; <\/p>\n<p class=\"link-more\"><a href=\"http:\/\/wordpress.gurbuz.net\/?p=7708\" class=\"more-link\"><span class=\"screen-reader-text\">\u201e\u201cSchwarze Hexe\u201d\u201c<\/span> weiterlesen<\/a><\/p>\n","protected":false},"author":1,"featured_media":0,"comment_status":"open","ping_status":"open","sticky":false,"template":"","format":"standard","meta":[],"categories":[1],"tags":[],"_links":{"self":[{"href":"http:\/\/wordpress.gurbuz.net\/index.php?rest_route=\/wp\/v2\/posts\/7708"}],"collection":[{"href":"http:\/\/wordpress.gurbuz.net\/index.php?rest_route=\/wp\/v2\/posts"}],"about":[{"href":"http:\/\/wordpress.gurbuz.net\/index.php?rest_route=\/wp\/v2\/types\/post"}],"author":[{"embeddable":true,"href":"http:\/\/wordpress.gurbuz.net\/index.php?rest_route=\/wp\/v2\/users\/1"}],"replies":[{"embeddable":true,"href":"http:\/\/wordpress.gurbuz.net\/index.php?rest_route=%2Fwp%2Fv2%2Fcomments&post=7708"}],"version-history":[{"count":3,"href":"http:\/\/wordpress.gurbuz.net\/index.php?rest_route=\/wp\/v2\/posts\/7708\/revisions"}],"predecessor-version":[{"id":7711,"href":"http:\/\/wordpress.gurbuz.net\/index.php?rest_route=\/wp\/v2\/posts\/7708\/revisions\/7711"}],"wp:attachment":[{"href":"http:\/\/wordpress.gurbuz.net\/index.php?rest_route=%2Fwp%2Fv2%2Fmedia&parent=7708"}],"wp:term":[{"taxonomy":"category","embeddable":true,"href":"http:\/\/wordpress.gurbuz.net\/index.php?rest_route=%2Fwp%2Fv2%2Fcategories&post=7708"},{"taxonomy":"post_tag","embeddable":true,"href":"http:\/\/wordpress.gurbuz.net\/index.php?rest_route=%2Fwp%2Fv2%2Ftags&post=7708"}],"curies":[{"name":"wp","href":"https:\/\/api.w.org\/{rel}","templated":true}]}}