{"id":7705,"date":"2018-03-24T17:42:21","date_gmt":"2018-03-24T17:42:21","guid":{"rendered":"http:\/\/wordpress.gurbuz.net\/?p=7705"},"modified":"2018-03-24T17:43:16","modified_gmt":"2018-03-24T17:43:16","slug":"bu-yazi-makalenin-bir-parcasi-olacak-bir-alinti","status":"publish","type":"post","link":"http:\/\/wordpress.gurbuz.net\/?p=7705","title":{"rendered":"Bu yaz\u0131 makalenin bir par\u00e7as\u0131 olacak, bir al\u0131nt\u0131"},"content":{"rendered":"<p>Kad\u0131n\u2026<br \/>\nEyyy T\u00fcrk kad\u0131n\u0131\u2026<br \/>\n\u0130ffetini, iman\u0131n\u0131 sorgulayanlar\u0131n ver cevab\u0131n\u0131\u2026<br \/>\nA\u011fz\u0131n\u0131n pay\u0131n\u0131\u2026<br \/>\n\u00dclkemizin umutlar\u0131, gen\u00e7ler g\u00f6r\u00fcn ger\u00e7ekleri \u00e7ocuklar\u2026<br \/>\nG\u00f6r\u00fcn\u2026<br \/>\nY\u0131kmad\u0131k\u00e7a Ak Saraylar\u0131, y\u0131kmad\u0131k\u00e7a hilafet hayallerini\u2026<br \/>\nBu zihniyet ba\u015f\u0131n\u0131zda\u2026<br \/>\nK\u00e2busunuz olacak, bir karabasan, g\u0131rtla\u011f\u0131n\u0131za basan.<\/p>\n<p>&#8212;<\/p>\n<p>\u2026<br \/>\n\u2026<br \/>\n\u2026<br \/>\n<strong>FAT\u0130H CAM\u0130S\u0130\u2019NDE KADINLARIN ZAFER\u0130<\/strong><\/p>\n<p>A\u015eA\u011eIDA anlataca\u011f\u0131m olay bir s\u00fcre \u00f6nce Fatih Camisi\u2019nin avlusunda meydana gelmi\u015f. \u201cGelmi\u015f\u201d diyorum \u00e7\u00fcnk\u00fc haberi Karar gazetesi yazar\u0131 Y\u0131ld\u0131z Ramazano\u011flu\u2019nun k\u00f6\u015fesinde okudum.<br \/>\nBundan bir s\u00fcre \u00f6nce iki kad\u0131n ak\u015fam namaz\u0131ndan sonra avluda kap\u0131ya yak\u0131n bir yerde durup camiyi seyretmeye ba\u015flam\u0131\u015flar.<br \/>\nOnlar bakarken iki kad\u0131n daha yanlar\u0131na gelmi\u015f. Ama daha yerle\u015fmeden g\u00fcvenlikten biri gelip \u201cBurada duramazs\u0131n\u201d demi\u015f.<br \/>\nDerken caminin imam\u0131 gelmi\u015f&#8230; \u201cErkekler \u015fik\u00e2yet\u00e7i oluyor buradan kalk\u0131n\u201d demi\u015f.<br \/>\nOnlar da \u201cHocam namaz k\u0131lm\u0131yoruz, turistlerin ge\u00e7ebilece\u011fi bir yerde oturuyoruz\u201d diye yan\u0131tlam\u0131\u015f.<br \/>\nAma imam ba\u011f\u0131rmaya devam edince kad\u0131n da dayanamay\u0131p \u201cHocam bu nas\u0131l bir \u00fcsluptur, ben de ilahiyat\u00e7\u0131y\u0131m\u201d demi\u015f&#8230;<br \/>\n\u0130mam bu s\u00f6ze \u00e7ok sinirlenmi\u015f ve \u201cNeyi ispatlamaya \u00e7al\u0131\u015f\u0131yorsunuz\u201d diye ba\u011f\u0131rm\u0131\u015f.<br \/>\n*<br \/>\nPeki sonu\u00e7 ne?<br \/>\nCami avlusundan kovulan kad\u0131nlar eyleme ge\u00e7mi\u015fler.<br \/>\n\u201cKad\u0131nlar Camilerde\u201d adl\u0131 bir grup olu\u015fturup arkada\u015flar\u0131n\u0131n kovuldu\u011fu yere gelip hep birlikte namaz k\u0131lmaya ba\u015flam\u0131\u015flar.<br \/>\n*<br \/>\nCemaatten hi\u00e7 itiraz eden olmam\u0131\u015f.<br \/>\nHerkes gayet sakin ibadetine devam etmi\u015f.<br \/>\nDaha da g\u00fczeli caminin di\u011fer bir imam\u0131 B\u00fcnyamin Bey, olay\u0131n muhatab\u0131ndan ve di\u011fer kad\u0131nlardan meslekta\u015f\u0131 ad\u0131na \u00f6z\u00fcr dilemi\u015f ve kad\u0131nlar\u0131n camide toplanmalar\u0131n\u0131n \u00f6neminden bahisle sorunlara birlikte \u00e7\u00f6z\u00fcm bulmay\u0131 \u00f6nermi\u015f.<br \/>\nRamazano\u011flu yaz\u0131s\u0131n\u0131 \u201cAllah kendisinden raz\u0131 olsun\u201d deyip bitiriyor&#8230;<br \/>\n*<br \/>\nBen de \u015funu ekleyece\u011fim&#8230;<br \/>\nToplumun her kesiminde fanatikler var. Ama ister o mahallede, ister bu mahallede, bu fanatiklerin say\u0131s\u0131 bir avucu ge\u00e7miyor&#8230;<br \/>\nYani onlara pabu\u00e7 b\u0131rakmamal\u0131y\u0131z&#8230;<br \/>\nNEJAT \u0130\u015eLER, MF\u00d6\u2019Y\u00dc DE \u00c7OK  G\u00dcZEL S\u00d6YL\u00dcYOR<br \/>\n&#8211; NEJAT \u0130\u015fler-Y\u0131ld\u0131z Tilbe d\u00fcet&#8230;Vallahi \u00e7ok yak\u0131\u015f\u0131r&#8230;<br \/>\n\u0130kisi de isyank\u00e2rd\u0131r..<br \/>\n\u0130kisi de m\u00fcesses nizama<br \/>\nkar\u015f\u0131d\u0131r.Bu arada Nejat<br \/>\n\u0130\u015fler\u2019in \u201cKaybedenler Kul\u00fcb\u00fc\u201d<br \/>\nfilminde s\u00f6yledi\u011fi<br \/>\n\u201cSen ve Ben\u201d<br \/>\nde harika&#8230;<br \/>\n\u2026<br \/>\n\u2026<br \/>\n\u2026<br \/>\nhttp:\/\/www.hurriyet.com.tr\/yazarlar\/ertugrul-ozkok\/danalar-serbest-sira-gazetecide-40780261<\/p>\n","protected":false},"excerpt":{"rendered":"<p>Kad\u0131n\u2026 Eyyy T\u00fcrk kad\u0131n\u0131\u2026 \u0130ffetini, iman\u0131n\u0131 sorgulayanlar\u0131n ver cevab\u0131n\u0131\u2026 A\u011fz\u0131n\u0131n pay\u0131n\u0131\u2026 \u00dclkemizin umutlar\u0131, gen\u00e7ler g\u00f6r\u00fcn ger\u00e7ekleri \u00e7ocuklar\u2026 G\u00f6r\u00fcn\u2026 Y\u0131kmad\u0131k\u00e7a Ak Saraylar\u0131, y\u0131kmad\u0131k\u00e7a hilafet hayallerini\u2026 Bu zihniyet ba\u015f\u0131n\u0131zda\u2026 K\u00e2busunuz olacak, bir karabasan, g\u0131rtla\u011f\u0131n\u0131za basan. &#8212; \u2026 \u2026 \u2026 FAT\u0130H CAM\u0130S\u0130\u2019NDE KADINLARIN ZAFER\u0130 A\u015eA\u011eIDA anlataca\u011f\u0131m olay bir s\u00fcre \u00f6nce Fatih Camisi\u2019nin avlusunda meydana gelmi\u015f. \u201cGelmi\u015f\u201d diyorum \u00e7\u00fcnk\u00fc &hellip; <\/p>\n<p class=\"link-more\"><a href=\"http:\/\/wordpress.gurbuz.net\/?p=7705\" class=\"more-link\"><span class=\"screen-reader-text\">\u201eBu yaz\u0131 makalenin bir par\u00e7as\u0131 olacak, bir al\u0131nt\u0131\u201c<\/span> weiterlesen<\/a><\/p>\n","protected":false},"author":1,"featured_media":0,"comment_status":"open","ping_status":"open","sticky":false,"template":"","format":"standard","meta":[],"categories":[1],"tags":[],"_links":{"self":[{"href":"http:\/\/wordpress.gurbuz.net\/index.php?rest_route=\/wp\/v2\/posts\/7705"}],"collection":[{"href":"http:\/\/wordpress.gurbuz.net\/index.php?rest_route=\/wp\/v2\/posts"}],"about":[{"href":"http:\/\/wordpress.gurbuz.net\/index.php?rest_route=\/wp\/v2\/types\/post"}],"author":[{"embeddable":true,"href":"http:\/\/wordpress.gurbuz.net\/index.php?rest_route=\/wp\/v2\/users\/1"}],"replies":[{"embeddable":true,"href":"http:\/\/wordpress.gurbuz.net\/index.php?rest_route=%2Fwp%2Fv2%2Fcomments&post=7705"}],"version-history":[{"count":2,"href":"http:\/\/wordpress.gurbuz.net\/index.php?rest_route=\/wp\/v2\/posts\/7705\/revisions"}],"predecessor-version":[{"id":7707,"href":"http:\/\/wordpress.gurbuz.net\/index.php?rest_route=\/wp\/v2\/posts\/7705\/revisions\/7707"}],"wp:attachment":[{"href":"http:\/\/wordpress.gurbuz.net\/index.php?rest_route=%2Fwp%2Fv2%2Fmedia&parent=7705"}],"wp:term":[{"taxonomy":"category","embeddable":true,"href":"http:\/\/wordpress.gurbuz.net\/index.php?rest_route=%2Fwp%2Fv2%2Fcategories&post=7705"},{"taxonomy":"post_tag","embeddable":true,"href":"http:\/\/wordpress.gurbuz.net\/index.php?rest_route=%2Fwp%2Fv2%2Ftags&post=7705"}],"curies":[{"name":"wp","href":"https:\/\/api.w.org\/{rel}","templated":true}]}}