{"id":7700,"date":"2018-03-24T17:23:01","date_gmt":"2018-03-24T17:23:01","guid":{"rendered":"http:\/\/wordpress.gurbuz.net\/?p=7700"},"modified":"2018-03-24T17:24:50","modified_gmt":"2018-03-24T17:24:50","slug":"ulan-adi","status":"publish","type":"post","link":"http:\/\/wordpress.gurbuz.net\/?p=7700","title":{"rendered":"Ulan adi"},"content":{"rendered":"<p>Kar\u015f\u0131nda ADAM yok ki!<\/p>\n<p>Y\u0131llarca dua eder gibi s\u00f6ylediler, korkuttular koalisyon \u00f6c\u00fcs\u00fc dediler\u2026<br \/>\nYine d\u00fcn Soner ara\u015ft\u0131rma \u015firketinin sahibi dedi\u2026<br \/>\nPezevenk ba\u015fta olmak \u00fczere AKP\u2019li adiler dile getirmi\u015fler, dile\u2026<br \/>\nTAM 1400 kere\u2026<br \/>\nY-CHP ve HDP &gt;&gt;&gt; bir &lt;&lt;&lt; diye, yok ki \u00f6yle bir a\u00e7\u0131klama\u2026<br \/>\nNe Y-CHP yapt\u0131 ne HDP. Nerede iddian\u0131n ispat\u0131? <\/p>\n<p>Koalisyona giren, ittifaka Milli Orospu ve Yerli Pezevenk\u2026<br \/>\nVe g.tlerine tak\u0131lan k\u0131llar\u0131\u2026<br \/>\nKarde\u015fim\u2026<br \/>\nHa ittifak demi\u015fin ha koalisyon\u2026<br \/>\nBir ama\u00e7 u\u011fruna nedenleri ne olursa olsun bir hedef do\u011frultusunda k\u0131sa s\u00fcreli\u011fine de olsa beraber y\u00fcr\u00fcnen yol, izlenen y\u00f6ntem bir ise ittifakt\u0131r, koalisyon!<br \/>\nNOKTA <\/p>\n<p>\u00c7ok yorulmu\u015fum, g\u00fcnlerin yorgunlu\u011fu ve heyecan\u0131\u2026<br \/>\nNe ona gelebiliyorum ne \u00f6tekine, dedim yazay\u0131m, kad\u0131n konusuna devam edeyim yok\u2026<br \/>\nOlmay\u0131nca olmuyor\u2026<br \/>\nBa\u015flad\u0131m gazete okumaya, uyudum uyuyaca\u011f\u0131m\u2026<br \/>\nUyuyam\u0131yorum\u2026<br \/>\nSadece okuduk\u00e7a TEPEM ATIYOR! <\/p>\n<p>A\u00e7 televizyonlar\u0131, bak gazetelere\u2026 Afrin a\u015fa\u011f\u0131 Afrin yukar\u0131\u2026<br \/>\nYok korktular, Sincar falan bir s\u00fcr\u00fc &gt;&gt;&gt; abart\u0131lar &lt;&lt;&lt;<br \/>\nDedim ya\u2026<br \/>\nG.t\u00fcn yiyorsa gir Kandile\u2026<br \/>\nGirece\u011fiz, edece\u011fiz bir s\u00fcr\u00fc palavra\u2026<br \/>\nHadi girdiniz diyelim, ba\u015fard\u0131n\u0131z ki ke\u015fke, ke\u015fke \u00f6yle bir \u015feyi ba\u015farsan\u0131z\u2026<br \/>\nULAN o\u011flum giremeyece\u011fin bir yer var!!!<\/p>\n<p>SENI ANANIN BIR TARAFINA GERI SOKARLAR\u2026<br \/>\nKas\u0131mpa\u015fa ay\u0131s\u0131\u2026<br \/>\nGel beri \u00f6k\u00fcz arabas\u0131\u2026<br \/>\nNe demi\u015f ilgili ki senin ki benden kara meselesi\u2026<br \/>\n\u00c7\u00fcnk\u00fc ayn\u0131 b.kun soyusunuz g\u0131d\u0131klad\u0131n\u0131z Bosna \u2013 Hersek\u2019i\u2026<br \/>\nKeriz tokatlad\u0131n\u0131z Almanya\u2019da\u2026<br \/>\nFenerde mum s\u00f6nd\u00fcrd\u00fcn\u00fcz yatt\u0131n\u0131z ak\u00e7elerin \u00fczerine, paran\u0131n kayna\u011f\u0131n\u0131 izle var sorumluya!!!<\/p>\n<p>PKK, YPG, PYD bilmem neeee\u2026<br \/>\nBitirilemezsin o\u011flum bu siyasetle, bu bilginle k\u00f6r cahil seni\u2026<br \/>\nSen ancak kar\u0131 satar gibi vatan satmas\u0131n\u0131 bilirsin, millet mal\u0131n\u0131\u2026<br \/>\nLojistik destek olsun ki a\u015f\u0131r\u0131 \u00f6nemli\u2026<br \/>\nMaddi ve manevi destek AB(D)\u2019de\u2026<br \/>\nSen ancak ENAYI S.KERSIN BE!<\/p>\n<p>Ulan Polonya bile, Polonya\u2026<br \/>\nOrtado\u011fu\u2019da\u2026<br \/>\nE\u011fitmen ulan e\u011fitmen!<\/p>\n<p>Adam laz\u0131m adam veya kad\u0131n gibi bir kad\u0131n\u2026<br \/>\nY\u00f6nlendirsin\u2026<br \/>\nSevk ve idare etsin milleti\u2026<br \/>\nBunlar ki en sa\u011f\u0131ndan en soluna sadece LAF \u00fcretiyorlar, milleti me\u015fgul ediyorlar\u2026<br \/>\nDal y.rak seni!<\/p>\n","protected":false},"excerpt":{"rendered":"<p>Kar\u015f\u0131nda ADAM yok ki! Y\u0131llarca dua eder gibi s\u00f6ylediler, korkuttular koalisyon \u00f6c\u00fcs\u00fc dediler\u2026 Yine d\u00fcn Soner ara\u015ft\u0131rma \u015firketinin sahibi dedi\u2026 Pezevenk ba\u015fta olmak \u00fczere AKP\u2019li adiler dile getirmi\u015fler, dile\u2026 TAM 1400 kere\u2026 Y-CHP ve HDP &gt;&gt;&gt; bir &lt;&lt;&lt; diye, yok ki \u00f6yle bir a\u00e7\u0131klama\u2026 Ne Y-CHP yapt\u0131 ne HDP. Nerede iddian\u0131n ispat\u0131? Koalisyona giren, ittifaka &hellip; <\/p>\n<p class=\"link-more\"><a href=\"http:\/\/wordpress.gurbuz.net\/?p=7700\" class=\"more-link\"><span class=\"screen-reader-text\">\u201eUlan adi\u201c<\/span> weiterlesen<\/a><\/p>\n","protected":false},"author":1,"featured_media":0,"comment_status":"open","ping_status":"open","sticky":false,"template":"","format":"standard","meta":[],"categories":[1],"tags":[],"_links":{"self":[{"href":"http:\/\/wordpress.gurbuz.net\/index.php?rest_route=\/wp\/v2\/posts\/7700"}],"collection":[{"href":"http:\/\/wordpress.gurbuz.net\/index.php?rest_route=\/wp\/v2\/posts"}],"about":[{"href":"http:\/\/wordpress.gurbuz.net\/index.php?rest_route=\/wp\/v2\/types\/post"}],"author":[{"embeddable":true,"href":"http:\/\/wordpress.gurbuz.net\/index.php?rest_route=\/wp\/v2\/users\/1"}],"replies":[{"embeddable":true,"href":"http:\/\/wordpress.gurbuz.net\/index.php?rest_route=%2Fwp%2Fv2%2Fcomments&post=7700"}],"version-history":[{"count":3,"href":"http:\/\/wordpress.gurbuz.net\/index.php?rest_route=\/wp\/v2\/posts\/7700\/revisions"}],"predecessor-version":[{"id":7702,"href":"http:\/\/wordpress.gurbuz.net\/index.php?rest_route=\/wp\/v2\/posts\/7700\/revisions\/7702"}],"wp:attachment":[{"href":"http:\/\/wordpress.gurbuz.net\/index.php?rest_route=%2Fwp%2Fv2%2Fmedia&parent=7700"}],"wp:term":[{"taxonomy":"category","embeddable":true,"href":"http:\/\/wordpress.gurbuz.net\/index.php?rest_route=%2Fwp%2Fv2%2Fcategories&post=7700"},{"taxonomy":"post_tag","embeddable":true,"href":"http:\/\/wordpress.gurbuz.net\/index.php?rest_route=%2Fwp%2Fv2%2Ftags&post=7700"}],"curies":[{"name":"wp","href":"https:\/\/api.w.org\/{rel}","templated":true}]}}