{"id":76649,"date":"2021-07-26T04:54:55","date_gmt":"2021-07-26T04:54:55","guid":{"rendered":"http:\/\/wordpress.gurbuz.net\/?p=76649"},"modified":"2021-07-26T05:07:40","modified_gmt":"2021-07-26T05:07:40","slug":"oezgueven-eksikligi-her-sey-goezuemde-bueyueyor-guec-yok-kuvvet-yok","status":"publish","type":"post","link":"http:\/\/wordpress.gurbuz.net\/?p=76649","title":{"rendered":"\u00d6zg\u00fcven eksikli\u011fi, her \u015fey g\u00f6z\u00fcmde b\u00fcy\u00fcyor. G\u00fc\u00e7 YOK kuvvet YOK"},"content":{"rendered":"<p>Denedim\u2026<br \/>\nTEKRAR denedim, meyve suyu\u2026<br \/>\n\u00dc\u00e7 g\u00fcn\u2026<br \/>\nMeyve suyu + kahve\u2026<br \/>\nCiyak\u2026<br \/>\nCIYAK!<\/p>\n<p>Emanete\u2026<br \/>\nIHANET!<\/p>\n<p>Oldum olas\u0131\u2026<br \/>\nSade su, i\u00e7emedim, i\u00e7emiyorum.<\/p>\n<p>Psikolojik mi bilmiyorum\u2026<br \/>\nG\u00f6zler, g\u00f6zl\u00fckler???<br \/>\n\u2026<br \/>\nGelsinler do\u011fru doktora\u2026<br \/>\nDo\u011fru!<\/p>\n<p>\u015eeker???<\/p>\n<p>Komaya d\u00fc\u015fmeliyim, komaya\u2026<br \/>\n&#x1f60a;<br \/>\n\u00d6nder\u2026<br \/>\nNormal de\u011fil ki!<\/p>\n<p>Hatice geldi bu sabah akl\u0131ma\u2026<br \/>\nDuyum\u2026<br \/>\nBen ne ya\u015fad\u0131ysan O da ayn\u0131s\u0131n\u0131 ya\u015fad\u0131\u2026<br \/>\nHayat\u0131mda EN B\u00dcY\u00dcK yanl\u0131\u015flar\u0131mdan biri\u2026<br \/>\nDua ettim, af diledim.<\/p>\n<p>D\u00fcn SATMAM dedim ya, tutu\u011fum eli b\u0131rakmam\u2026<br \/>\nYALAN\u2026<br \/>\nO\u2026<br \/>\nILK ve SON oldu!<\/p>\n<p>Allah\u2026<br \/>\nBir daha ya\u015fatmas\u0131n.<\/p>\n","protected":false},"excerpt":{"rendered":"<p>Denedim\u2026 TEKRAR denedim, meyve suyu\u2026 \u00dc\u00e7 g\u00fcn\u2026 Meyve suyu + kahve\u2026 Ciyak\u2026 CIYAK! Emanete\u2026 IHANET! Oldum olas\u0131\u2026 Sade su, i\u00e7emedim, i\u00e7emiyorum. Psikolojik mi bilmiyorum\u2026 G\u00f6zler, g\u00f6zl\u00fckler??? \u2026 Gelsinler do\u011fru doktora\u2026 Do\u011fru! \u015eeker??? Komaya d\u00fc\u015fmeliyim, komaya\u2026 &#x1f60a; \u00d6nder\u2026 Normal de\u011fil ki! Hatice geldi bu sabah akl\u0131ma\u2026 Duyum\u2026 Ben ne ya\u015fad\u0131ysan O da ayn\u0131s\u0131n\u0131 ya\u015fad\u0131\u2026 Hayat\u0131mda EN &hellip; <\/p>\n<p class=\"link-more\"><a href=\"http:\/\/wordpress.gurbuz.net\/?p=76649\" class=\"more-link\"><span class=\"screen-reader-text\">\u201e\u00d6zg\u00fcven eksikli\u011fi, her \u015fey g\u00f6z\u00fcmde b\u00fcy\u00fcyor. G\u00fc\u00e7 YOK kuvvet YOK\u201c<\/span> weiterlesen<\/a><\/p>\n","protected":false},"author":1,"featured_media":0,"comment_status":"open","ping_status":"open","sticky":false,"template":"","format":"standard","meta":[],"categories":[1],"tags":[],"_links":{"self":[{"href":"http:\/\/wordpress.gurbuz.net\/index.php?rest_route=\/wp\/v2\/posts\/76649"}],"collection":[{"href":"http:\/\/wordpress.gurbuz.net\/index.php?rest_route=\/wp\/v2\/posts"}],"about":[{"href":"http:\/\/wordpress.gurbuz.net\/index.php?rest_route=\/wp\/v2\/types\/post"}],"author":[{"embeddable":true,"href":"http:\/\/wordpress.gurbuz.net\/index.php?rest_route=\/wp\/v2\/users\/1"}],"replies":[{"embeddable":true,"href":"http:\/\/wordpress.gurbuz.net\/index.php?rest_route=%2Fwp%2Fv2%2Fcomments&post=76649"}],"version-history":[{"count":5,"href":"http:\/\/wordpress.gurbuz.net\/index.php?rest_route=\/wp\/v2\/posts\/76649\/revisions"}],"predecessor-version":[{"id":76654,"href":"http:\/\/wordpress.gurbuz.net\/index.php?rest_route=\/wp\/v2\/posts\/76649\/revisions\/76654"}],"wp:attachment":[{"href":"http:\/\/wordpress.gurbuz.net\/index.php?rest_route=%2Fwp%2Fv2%2Fmedia&parent=76649"}],"wp:term":[{"taxonomy":"category","embeddable":true,"href":"http:\/\/wordpress.gurbuz.net\/index.php?rest_route=%2Fwp%2Fv2%2Fcategories&post=76649"},{"taxonomy":"post_tag","embeddable":true,"href":"http:\/\/wordpress.gurbuz.net\/index.php?rest_route=%2Fwp%2Fv2%2Ftags&post=76649"}],"curies":[{"name":"wp","href":"https:\/\/api.w.org\/{rel}","templated":true}]}}