{"id":76636,"date":"2021-07-25T12:18:24","date_gmt":"2021-07-25T12:18:24","guid":{"rendered":"http:\/\/wordpress.gurbuz.net\/?p=76636"},"modified":"2021-07-25T12:26:21","modified_gmt":"2021-07-25T12:26:21","slug":"cok-uyardim-cok-inan-beteri-yolda-analarinizin-amindan-bir-sizler-cikmadiniz-yeter-milleti-enayi-yerine-koymayin","status":"publish","type":"post","link":"http:\/\/wordpress.gurbuz.net\/?p=76636","title":{"rendered":"\u00c7ok UYARDIM \u00e7ok. INAN beteri yolda. Analar\u0131n\u0131z\u0131n AMINDAN bir sizler \u00e7\u0131kmad\u0131n\u0131z; YETER! Milleti enayi yerine koymay\u0131n"},"content":{"rendered":"<p>&#8222;Gewaltt\u00e4tige Proteste gegen Corona-Ma\u00dfnahmen in Teilen Europas<\/p>\n<p>Die Delta-Variante des Coronavirus sorgt daf\u00fcr, dass die Regierungen in einigen L\u00e4ndern wieder h\u00e4rter durchgreifen. Dabei wird auch der Druck erh\u00f6ht, sich impfen zu lassen. In Frankreich gingen deswegen mehr als 160.000 Menschen auf die Stra\u00dfen. Es kam zu heftigen Ausschreitungen.&#8220;<\/p>\n<p>https:\/\/www.msn.com\/de-de\/nachrichten\/politik\/gewaltt%C3%A4tige-proteste-gegen-corona-ma%C3%9Fnahmen-in-teilen-europas\/ar-AAMxrRy?ocid=msedgntp<\/p>\n<p>Almanya 14:23<br \/>\nGlobal Deaths 4.155.103<\/p>\n<p>*<\/p>\n<p>Bir kusabilsem, ahhh bir kusabilsem. Hic bir zaman g\u00f6rmeyece\u011finiz, okuyamayaca\u011f\u0131n\u0131z \u015feyler. MADEM greate reset\u2026<br \/>\nO zaman\u2026<br \/>\n1.\tBorsalar\u0131 iptal edin, spek\u00fclasyonlar\u0131<br \/>\n2.\tVah\u015fi kapitalizme SON VERIN<br \/>\n3.\tSANAYIYI dizginleyin<\/p>\n","protected":false},"excerpt":{"rendered":"<p>&#8222;Gewaltt\u00e4tige Proteste gegen Corona-Ma\u00dfnahmen in Teilen Europas Die Delta-Variante des Coronavirus sorgt daf\u00fcr, dass die Regierungen in einigen L\u00e4ndern wieder h\u00e4rter durchgreifen. Dabei wird auch der Druck erh\u00f6ht, sich impfen zu lassen. In Frankreich gingen deswegen mehr als 160.000 Menschen auf die Stra\u00dfen. Es kam zu heftigen Ausschreitungen.&#8220; https:\/\/www.msn.com\/de-de\/nachrichten\/politik\/gewaltt%C3%A4tige-proteste-gegen-corona-ma%C3%9Fnahmen-in-teilen-europas\/ar-AAMxrRy?ocid=msedgntp Almanya 14:23 Global Deaths 4.155.103 * &hellip; <\/p>\n<p class=\"link-more\"><a href=\"http:\/\/wordpress.gurbuz.net\/?p=76636\" class=\"more-link\"><span class=\"screen-reader-text\">\u201e\u00c7ok UYARDIM \u00e7ok. INAN beteri yolda. Analar\u0131n\u0131z\u0131n AMINDAN bir sizler \u00e7\u0131kmad\u0131n\u0131z; YETER! Milleti enayi yerine koymay\u0131n\u201c<\/span> weiterlesen<\/a><\/p>\n","protected":false},"author":1,"featured_media":0,"comment_status":"open","ping_status":"open","sticky":false,"template":"","format":"standard","meta":[],"categories":[1],"tags":[],"_links":{"self":[{"href":"http:\/\/wordpress.gurbuz.net\/index.php?rest_route=\/wp\/v2\/posts\/76636"}],"collection":[{"href":"http:\/\/wordpress.gurbuz.net\/index.php?rest_route=\/wp\/v2\/posts"}],"about":[{"href":"http:\/\/wordpress.gurbuz.net\/index.php?rest_route=\/wp\/v2\/types\/post"}],"author":[{"embeddable":true,"href":"http:\/\/wordpress.gurbuz.net\/index.php?rest_route=\/wp\/v2\/users\/1"}],"replies":[{"embeddable":true,"href":"http:\/\/wordpress.gurbuz.net\/index.php?rest_route=%2Fwp%2Fv2%2Fcomments&post=76636"}],"version-history":[{"count":4,"href":"http:\/\/wordpress.gurbuz.net\/index.php?rest_route=\/wp\/v2\/posts\/76636\/revisions"}],"predecessor-version":[{"id":76640,"href":"http:\/\/wordpress.gurbuz.net\/index.php?rest_route=\/wp\/v2\/posts\/76636\/revisions\/76640"}],"wp:attachment":[{"href":"http:\/\/wordpress.gurbuz.net\/index.php?rest_route=%2Fwp%2Fv2%2Fmedia&parent=76636"}],"wp:term":[{"taxonomy":"category","embeddable":true,"href":"http:\/\/wordpress.gurbuz.net\/index.php?rest_route=%2Fwp%2Fv2%2Fcategories&post=76636"},{"taxonomy":"post_tag","embeddable":true,"href":"http:\/\/wordpress.gurbuz.net\/index.php?rest_route=%2Fwp%2Fv2%2Ftags&post=76636"}],"curies":[{"name":"wp","href":"https:\/\/api.w.org\/{rel}","templated":true}]}}