{"id":7656,"date":"2018-03-22T16:08:15","date_gmt":"2018-03-22T16:08:15","guid":{"rendered":"http:\/\/wordpress.gurbuz.net\/?p=7656"},"modified":"2018-03-22T16:10:27","modified_gmt":"2018-03-22T16:10:27","slug":"ah-dede-vah-dede-dede-yine-piyasada-okumus-cok-hosuna-gitmis-cunku-gercekmis","status":"publish","type":"post","link":"http:\/\/wordpress.gurbuz.net\/?p=7656","title":{"rendered":"Ah dede vah dede, dede yine piyasada. Okumu\u015f, \u00e7ok ho\u015funa gitmi\u015f \u00e7\u00fcnk\u00fc ger\u00e7ekmi\u015f."},"content":{"rendered":"<p><strong>En b\u00fcy\u00fck devlet adam\u0131 kim?<\/strong><br \/>\n22 Mart 2018 <\/p>\n<p>Amerikal\u0131 bir psikiyatri profes\u00f6r\u00fc\u2026 Ad\u0131 Arnold Ludwig\u2026 Hayat\u0131nda hi\u00e7 T\u00fcrkiye&#8217;ye gelmemi\u015f\u2026 Bir kitap yaz\u0131yor. Ad\u0131 King of te Mountain (Da\u011f\u0131n Kral\u0131)<br \/>\nD\u00fcnyada \u00fclke y\u00f6netmi\u015f politikac\u0131larla ilgili bir kitap bu\u2026 20&#8217;nci Y\u00fczy\u0131l&#8217;da d\u00fcnya liderleri ile ilgili bir seri ara\u015ft\u0131rmay\u0131 kaps\u0131yor.<br \/>\nD\u00fcnyadaki t\u00fcm liderler aras\u0131nda 2000 ki\u015fi, belli ama ayn\u0131 \u00f6l\u00e7\u00fctlere g\u00f6re de\u011ferlendiriliyor.<br \/>\nDevletleri y\u00f6netmi\u015f Saddam&#8217;dan Kaddafi&#8217;ye, Mao&#8217;dan Roosvelt&#8217;e, De Gaulle&#8217;den Nehru&#8217;ya, Churchill&#8217;den Hitler&#8217;e, Mussolini&#8217;den Mandela&#8217;ya, Stalin&#8217;den Nas\u0131r&#8217;a kadar hepsi inceleniyor.<br \/>\nKitap \u00e7al\u0131\u015fmas\u0131 18 y\u0131l s\u00fcr\u00fcyor.<br \/>\nBu kapsaml\u0131 ara\u015ft\u0131rma sonunda \u00f6ne \u00e7\u0131kan belli ba\u015fl\u0131 377 devlet adam\u0131, yukar\u0131da ifade edildi\u011fi gibi belli \u00f6l\u00e7\u00fctlere g\u00f6re de\u011ferlendiriliyor.<br \/>\n\u00d6ne \u00e7\u0131kan liderlerin hepsine ayn\u0131 olmak \u00fczere 200 kadar de\u011fi\u015fik k\u0131stas uygulan\u0131yor. Bu k\u0131staslara g\u00f6re 1&#8217;den 31&#8217;e kadar de\u011fi\u015fen puanlar verilip de\u011ferlendiriliyor.<br \/>\nUygulanan testin tam ad\u0131 \u201cPolitical Greatness Scale\u201d olarak tan\u0131mlan\u0131yor ve buna g\u00f6re s\u0131ralama yap\u0131l\u0131yor.<br \/>\n\u00d6rne\u011fin, en \u00e7ok Roosvelt ve Mao 30&#8217;ar puan alm\u0131\u015fken, Nehru&#8217;ya 25, Churchill&#8217;e 22, Kennedy&#8217;ye 15 puan veriliyor.<br \/>\nSadece bir tek lider 31 puanla ilk s\u0131ray\u0131 al\u0131yor.<br \/>\nBu lider \u201cVisionary\u201d (ileriyi g\u00f6ren, \u00f6ng\u00f6r\u00fcl\u00fc, b\u00fcy\u00fck g\u00f6r\u00fc\u015f g\u00fcc\u00fc olan) s\u0131fat\u0131yla 20&#8217;nci Y\u00fczy\u0131l&#8217;\u0131n en b\u00fcy\u00fck devlet adam\u0131 unvan\u0131na l\u00e2y\u0131k g\u00f6r\u00fcl\u00fcyor.<br \/>\n\u201cKim olabilir?\u201d diye merak ettiniz hakl\u0131 olarak\u2026 Evet, i\u015fte o lider devlet adam\u0131 Mustafa Kemal Atat\u00fcrk&#8217;t\u00fcr.<br \/>\n* * *<br \/>\nMektubu yazan Prof. Vural Cengiz \u201cEn ilgin\u00e7 olan husus, yaz\u0131l\u0131 ve g\u00f6r\u00fcnt\u00fcl\u00fc T\u00fcrk medyas\u0131n\u0131n bu haberi hak etti\u011fi gibi duyurmam\u0131\u015f olmas\u0131\u201d diyor ve ekliyor:<br \/>\n\u201cT\u00fcrk halk\u0131, gurur duydu\u011fu Ata&#8217;s\u0131 hakk\u0131ndaki bu g\u00fczel haberden mahrum b\u0131rak\u0131ld\u0131. Bizlerin ilk g\u00f6revi insanlar\u0131m\u0131zdan gizlenen bu ger\u00e7ek bilgileri t\u00fcm millete iletmek. Sayg\u0131yla.\u201d Prof. Vural Cengiz,<br \/>\nGurbetteki Atat\u00fcrk\u00e7\u00fc Bilim Adamlar\u0131 Derne\u011fi (ABD)<br \/>\n\u201cKORKU VE KOLTUK \u0130TT\u0130FAKI\u201d<br \/>\nDikkat ederseniz \u00fclkeyi kar\u0131\u015ft\u0131ran ve b\u00fcy\u00fck tepkilere yol a\u00e7an s\u00f6z ve eylemlerin tamam\u0131 iktidar taraf\u0131ndan yarat\u0131l\u0131yor.<br \/>\nAtat\u00fcrk&#8217;\u00fcn unutturulmak istenmesi, T\u00fcrk milliyet\u00e7ili\u011finin ayaklar alt\u0131na al\u0131nmas\u0131, milli bayramlar\u0131n savsaklanmas\u0131 hep ayn\u0131 zihniyetin \u00fcr\u00fcnleri\u2026<br \/>\nSon olarak iki konu toplumu \u00e7ok rahats\u0131z etti.<br \/>\n1) \u0130stikl\u00e2l Mar\u015f\u0131&#8217;n\u0131n de\u011fi\u015ftirilmek istenmesi.<br \/>\n2) 14 \u015feker fabrikas\u0131n\u0131n sat\u0131\u015f\u0131 olay\u0131.<br \/>\n* * *<br \/>\nCHP Genel Ba\u015fkan Yard\u0131mc\u0131s\u0131 Veli A\u011fbaba, \u201c\u2018Dil devrimiyle beraber ge\u00e7mi\u015fle ba\u011f\u0131m\u0131z koptu&#8216; diyorlar. Bizim atam\u0131z Yunus Emre, Dede Korkut, Mevlana. E\u011fer senin atan Arap&#8217;sa bilemiyoruz\u201d diyor ve ekliyor:<br \/>\n\u201cBunlar yak\u0131nda \u2018Ankara \u00e7ok so\u011fuk, ba\u015fkenti de\u011fi\u015ftirelim&#8216; derler. Mar\u015f de\u011fi\u015ftirilirse bu mar\u015f T\u00fcrkiye&#8217;nin de\u011fil, AKP&#8217;nin mar\u015f\u0131 olur ve hi\u00e7bir g\u00fc\u00e7 bize o mar\u015f\u0131 s\u00f6ylettiremez.<br \/>\nBir taraftan \u015feker fabrikalar\u0131n\u0131n \u00f6zelle\u015ftirilmesi, bir taraftan a\u00e7l\u0131ktan intihar eden insanlar, di\u011fer taraftan AKP Genel Ba\u015fkan\u0131&#8217;n\u0131n dinde g\u00fcncelleme yap\u0131lmas\u0131 s\u00f6ylemleri ve \u0130stikl\u00e2l Mar\u015f\u0131 ile ilgili c\u00fcmleleri var.<br \/>\nE\u011fer bunlar\u0131 bir CHP&#8217;li s\u00f6ylemi\u015f olsayd\u0131 bizi topa tutup lin\u00e7 ederlerdi.<br \/>\nAnkara&#8217;da ittifaklar kuruluyor. Bunun ad\u0131na \u2018Cumhur ittifak\u0131&#8216; deniliyor. Asl\u0131nda o ittifak\u0131n ad\u0131 \u2018Korku ittifak\u0131&#8216;, o ittifak\u0131n ismi <\/p>\n<p>https:\/\/www.sozcu.com.tr\/2018\/yazarlar\/rahmi-turan\/en-buyuk-devlet-adami-kim-2302876\/<\/p>\n<p>&#8212;<\/p>\n<p>Yollad\u0131 bana linki, payla\u015f dedi, payla\u015f\u2026<br \/>\nOkusun insanlar\u2026<br \/>\nG\u00f6rs\u00fcnler ger\u00e7ek bir lider ile bir \u201corospu \u00e7ocu\u011fu\u201d aras\u0131ndaki fark\u0131!<\/p>\n<p><a href=\"https:\/\/drive.google.com\/file\/d\/1PzkGZwBDbabHMSMyYZWtsUB_11tykGyr\/view?usp=sharing\" rel=\"noopener\" target=\"_blank\">King of the Mountain<\/a><\/p>\n","protected":false},"excerpt":{"rendered":"<p>En b\u00fcy\u00fck devlet adam\u0131 kim? 22 Mart 2018 Amerikal\u0131 bir psikiyatri profes\u00f6r\u00fc\u2026 Ad\u0131 Arnold Ludwig\u2026 Hayat\u0131nda hi\u00e7 T\u00fcrkiye&#8217;ye gelmemi\u015f\u2026 Bir kitap yaz\u0131yor. Ad\u0131 King of te Mountain (Da\u011f\u0131n Kral\u0131) D\u00fcnyada \u00fclke y\u00f6netmi\u015f politikac\u0131larla ilgili bir kitap bu\u2026 20&#8217;nci Y\u00fczy\u0131l&#8217;da d\u00fcnya liderleri ile ilgili bir seri ara\u015ft\u0131rmay\u0131 kaps\u0131yor. D\u00fcnyadaki t\u00fcm liderler aras\u0131nda 2000 ki\u015fi, belli ama &hellip; <\/p>\n<p class=\"link-more\"><a href=\"http:\/\/wordpress.gurbuz.net\/?p=7656\" class=\"more-link\"><span class=\"screen-reader-text\">\u201eAh dede vah dede, dede yine piyasada. Okumu\u015f, \u00e7ok ho\u015funa gitmi\u015f \u00e7\u00fcnk\u00fc ger\u00e7ekmi\u015f.\u201c<\/span> weiterlesen<\/a><\/p>\n","protected":false},"author":1,"featured_media":0,"comment_status":"open","ping_status":"open","sticky":false,"template":"","format":"standard","meta":[],"categories":[1],"tags":[],"_links":{"self":[{"href":"http:\/\/wordpress.gurbuz.net\/index.php?rest_route=\/wp\/v2\/posts\/7656"}],"collection":[{"href":"http:\/\/wordpress.gurbuz.net\/index.php?rest_route=\/wp\/v2\/posts"}],"about":[{"href":"http:\/\/wordpress.gurbuz.net\/index.php?rest_route=\/wp\/v2\/types\/post"}],"author":[{"embeddable":true,"href":"http:\/\/wordpress.gurbuz.net\/index.php?rest_route=\/wp\/v2\/users\/1"}],"replies":[{"embeddable":true,"href":"http:\/\/wordpress.gurbuz.net\/index.php?rest_route=%2Fwp%2Fv2%2Fcomments&post=7656"}],"version-history":[{"count":3,"href":"http:\/\/wordpress.gurbuz.net\/index.php?rest_route=\/wp\/v2\/posts\/7656\/revisions"}],"predecessor-version":[{"id":7659,"href":"http:\/\/wordpress.gurbuz.net\/index.php?rest_route=\/wp\/v2\/posts\/7656\/revisions\/7659"}],"wp:attachment":[{"href":"http:\/\/wordpress.gurbuz.net\/index.php?rest_route=%2Fwp%2Fv2%2Fmedia&parent=7656"}],"wp:term":[{"taxonomy":"category","embeddable":true,"href":"http:\/\/wordpress.gurbuz.net\/index.php?rest_route=%2Fwp%2Fv2%2Fcategories&post=7656"},{"taxonomy":"post_tag","embeddable":true,"href":"http:\/\/wordpress.gurbuz.net\/index.php?rest_route=%2Fwp%2Fv2%2Ftags&post=7656"}],"curies":[{"name":"wp","href":"https:\/\/api.w.org\/{rel}","templated":true}]}}