{"id":7618,"date":"2018-03-20T14:23:49","date_gmt":"2018-03-20T14:23:49","guid":{"rendered":"http:\/\/wordpress.gurbuz.net\/?p=7618"},"modified":"2018-03-20T14:23:49","modified_gmt":"2018-03-20T14:23:49","slug":"oso","status":"publish","type":"post","link":"http:\/\/wordpress.gurbuz.net\/?p=7618","title":{"rendered":"\u00d6SO"},"content":{"rendered":"<p>Hat\u0131rl\u0131yor musunuz?<br \/>\nHani bir soru sormu\u015ftum, dedim AKP ve O pezevenk I\u015eID destek\u00e7isi\u2026<br \/>\nCumhuriyet davasi, TIR meselesi\u2026<br \/>\nDedim bu Afrin operasyonu neden bu kadar gecikti, ak\u0131llar\u0131, varsa e\u011fer \u015fimdi mi ba\u015flar\u0131na geldi\u2026<br \/>\nNeden \u015fimdi?<br \/>\nI\u015eID neredeyse bitmi\u015fti\u2026<br \/>\nBu \u00d6SO, sa\u00e7l\u0131, sakal\u0131 bir \u00e7ete\u2026<br \/>\nKimdir bunlar, neyin nesi\u2026<br \/>\nMehmet\u00e7i\u011fin yan\u0131nda ne i\u015fleri var?<br \/>\nHani sordum sizlere\u2026<br \/>\nYapmaz de\u011fil mi?<\/p>\n<p>YPG s\u00f6zc\u00fcs\u00fc Brossik al- Hassaka a\u00e7\u0131kl\u0131yor Almanlara, Alman resmi haber ajans\u0131na\u2026<br \/>\n\u00d6SO eski I\u015eID militanlar\u0131 gibi hareket ediyormu\u015f, her y\u00f6nden, her y\u00f6nden I\u015eID gibi\u2026<br \/>\nKendime sormadan edemiyorum\u2026<br \/>\nPezevenk ba\u015fta, kuklas\u0131, bakanlar\u0131\u2026<br \/>\n\u00d6SO\u2019ya \u00f6vg\u00fc \u00fczerine \u00f6vg\u00fc, neden acaba?<\/p>\n<p>Soruyor Say\u0131n \u00c7\u00f6la\u015fan nedenlerini\u2026<br \/>\n\u015eeytan diyor yaz uzun uzun bir mail ona ver elindeki verileri\u2026<br \/>\nAncak\u2026<br \/>\nSay\u0131n Yal\u00e7\u0131na verdim de ne oldu?<br \/>\nOna versem ne olacak?<\/p>\n<p>Ger\u00e7i Say\u0131n \u00c7\u00f6la\u015fan\u2019\u0131n \u00e7izgisi beli, d\u00fcmd\u00fcz\u2026<br \/>\nSay\u0131n Yal\u00e7\u0131n zikzak \u00e7iziyor\u2026<br \/>\nOkuyun bug\u00fcnk\u00fc yaz\u0131s\u0131n\u0131 ya ben art\u0131k her \u015feyi ters anlar oldum veya o bir nal\u0131na bir m\u0131h\u0131na gidiyor.<\/p>\n<p>Ger\u00e7ekten ne yapaca\u011f\u0131m\u0131 bilmiyorum, ne do\u011fru ne yanl\u0131\u015f bilemiyorum art\u0131k\u2026<br \/>\nKIME\u2026<br \/>\nG\u00fcvenebilece\u011fimi!<\/p>\n<p>&#8212;<\/p>\n<p><strong>Kimdir, neyin nesidir bu \u00d6SO?<\/strong><br \/>\n20 Mart 2018<br \/>\nSevgili okurlar\u0131m, T\u00fcrk ordusu Afrin ve \u00e7evresindeki ter\u00f6r \u00fcslerini yok etmek i\u00e7in d\u00fczenledi\u011fi Zeytin Dal\u0131 operasyonunu ba\u015far\u0131yla tamamlad\u0131.<br \/>\nBu yolda canlar\u0131n\u0131 veren 46 \u015fehidimize Allah&#8217;tan rahmet dilerim.<br \/>\nMilli Savunma Bakan\u0131 bundan bir s\u00fcre \u00f6nce ilgin\u00e7 bir a\u00e7\u0131klama yapm\u0131\u015ft\u0131\u2026<br \/>\n\u201cBug\u00fcne kadar bizim \u015fehidimiz \u015fu kadar, \u00d6zg\u00fcr Suriye Ordusu&#8217;nun (\u00d6SO) \u015fehit say\u0131s\u0131 bu kadard\u0131r\u201d diyordu.<br \/>\nB\u00f6yle bir a\u00e7\u0131klaman\u0131n nedenini bendeniz bu cahil kafamla o g\u00fcn anlayamad\u0131m, bug\u00fcn de anlayabilmi\u015f de\u011filim.<br \/>\nH\u00fck\u00fcmetin bir Bakan&#8217;\u0131, devleti temsil eden bir ki\u015fi nas\u0131l olur da benim kahraman Mehmet\u00e7i\u011fim ile ne id\u00fc\u011f\u00fc belirsiz \u00d6SO&#8217;nun paral\u0131 askerlerini bir tutar ve onlar\u0131 ayn\u0131 kefeye koyabilir.<br \/>\nYaz\u0131klar olsun.<br \/>\n* * *<br \/>\nG\u00fcney s\u0131n\u0131rlar\u0131m\u0131za yak\u0131n baz\u0131 yerlerde ad\u0131na PKK-PYD denilen K\u00fcrt\u00e7\u00fc ter\u00f6r odaklar\u0131 var.<br \/>\nBunlar\u0131n silahl\u0131 g\u00fc\u00e7leri Suriye ve Irak topraklar\u0131nda \u00fcslenmi\u015f durumda.<br \/>\nIrak ve \u00f6zellikle ad\u0131na Barzani denilen herif bunlar\u0131 g\u00f6z\u00fcm\u00fcz\u00fcn \u00f6n\u00fcnde y\u0131llardan beri koruyup kolluyor, besliyor, e\u011fitiyor.<br \/>\nSuriye&#8217;nin konumu ise farkl\u0131.<br \/>\nBe\u015far Esad y\u00f6netimi bunlara g\u00f6z a\u00e7t\u0131rm\u0131yordu zira bu \u00f6rg\u00fct\u00fcn Suriye topraklar\u0131nda g\u00f6z\u00fc oldu\u011funu biliyordu. Ne zaman ki g\u00fcn\u00fcm\u00fcz\u00fcn AKP iktidar\u0131 Esad&#8217;\u0131 devirmek i\u00e7in d\u00fc\u011fmeye bast\u0131 ve ne zaman ki Esad zay\u0131f d\u00fc\u015f\u00fcr\u00fcld\u00fc, bu K\u00fcrt\u00e7\u00fc ter\u00f6r \u00f6rg\u00fct\u00fc iyice az\u0131p belli yerleri ele ge\u00e7irdi.<br \/>\nO yerler s\u0131n\u0131r\u0131m\u0131z\u0131n hemen dibindeydi.<br \/>\n* * *<br \/>\nSonu\u00e7ta T\u00fcrk ordusu ilk a\u015famada Afrin&#8217;e operasyon d\u00fczenledi. S\u0131n\u0131r\u0131m\u0131za \u00e7ok yak\u0131n olan bu b\u00f6lgeyi 48 g\u00fcnde ele ge\u00e7irmeyi ba\u015fard\u0131k!<br \/>\nBu i\u015fler olurken Mehmet\u00e7i\u011fin yan\u0131nda hep bu \u00d6SO vard\u0131.<br \/>\nHarek\u00e2t ba\u015flamadan haftalar \u00f6nce burada sormu\u015ftum.<br \/>\nO s\u0131rada Afrin harek\u00e2t\u0131 falan ortal\u0131kta yoktu:<br \/>\n\u201cKimdir, neyin nesidir bu \u00d6SO?\u201d<br \/>\nYan\u0131t\u0131n\u0131 da vermi\u015ftim:<br \/>\n\u201cSuudi Arabistan ve Katar taraf\u0131ndan beslenen profesyonel ter\u00f6ristlerdir. Ba\u015f\u0131bozuklar toplulu\u011fudur.\u201d<br \/>\n* * *<br \/>\nSevgili okurlar\u0131m, biz gazeteciler i\u00e7in T\u00fcrkiye&#8217;de olup biten baz\u0131 \u015feyleri \u00f6zg\u00fcrce yazmak m\u00fcmk\u00fcn de\u011fil.<br \/>\nO y\u00fczden, bir b\u00f6l\u00fcm\u00fcn\u00fc \u015fimdi Afrin olay\u0131 bittikten sonra yaz\u0131yorum.<br \/>\nKafamdaki en \u00f6nemli sorular \u015funlar:<br \/>\n\u201cHer t\u00fcrl\u00fc son model ara\u00e7 gere\u00e7le donat\u0131lm\u0131\u015f, hemen hi\u00e7bir eksi\u011fi olmayan, 400 binden fazla e\u011fitilmi\u015f askere sahip T\u00fcrk ordusu, Afrin operasyonuna ni\u00e7in bu \u00d6SO ile birlikte giri\u015fti? S\u0131n\u0131r\u0131m\u0131za 40-50 kilometre uzakl\u0131ktaki Afrin&#8217;i ter\u00f6r yuvalar\u0131ndan temizlemeye bizim g\u00fcc\u00fcm\u00fcz tek ba\u015f\u0131m\u0131za yetmiyor muydu?\u201d<br \/>\nH\u00fck\u00fcmet bu sorulara elbette yan\u0131t vermeyecektir ama ben sormak zorunday\u0131m\u2026<br \/>\nZira inan\u0131yorum ki, T\u00fcrkiye&#8217;de \u00e7ok say\u0131da insan bu sorular\u0131n yan\u0131t\u0131n\u0131 merak etmektedir.<br \/>\n* * *<br \/>\n\u015eimdi birka\u00e7 soru daha soray\u0131m:<br \/>\n\u2013 Kimdir bu sa\u00e7l\u0131 sakall\u0131, yaka ba\u011f\u0131r a\u00e7\u0131k \u00d6SO militanlar\u0131, neyin nesidir?<br \/>\n\u2013 Bunlar ka\u00e7 ki\u015fiden olu\u015fmaktad\u0131r?<br \/>\n\u2013 Bunlar\u0131n hepsi S\u00fcnnidir de, acaba k\u00f6kenleri nedir? K\u00fcrt m\u00fc, Arap m\u0131?<br \/>\n\u2013 Bu paral\u0131 askerlerin maa\u015flar\u0131 kimler, hangi \u00fclkeler taraf\u0131ndan \u00f6denmektedir?<br \/>\n\u2013 Suudi Arabistan ve Katar d\u0131\u015f\u0131nda T\u00fcrkiye de bu paral\u0131 askerlere maa\u015f vermekte midir?<br \/>\n\u2013 Bunlar\u0131n silah ve te\u00e7hizat, yiyecek i\u00e7ecek harcamalar\u0131 nereden, hangi \u00fclkeler taraf\u0131ndan kar\u015f\u0131lanmaktad\u0131r?<br \/>\n* * *<br \/>\n\u015eunu hi\u00e7bir zaman unutmayal\u0131m zira \u00e7ok \u00f6nemlidir\u2026<br \/>\nOrtado\u011fu bir \u201cG\u00fcce ve paraya tapanlar\u201d b\u00f6lgesidir.<br \/>\nAhl\u00e2k, uygarl\u0131k gibi kavramlar Ortado\u011fu&#8217;da \u00e7ok fazla ge\u00e7erli de\u011fildir\u2026 Din ticareti en \u00f6nemli kavramd\u0131r.<br \/>\nVe d\u00fcnyada kabul g\u00f6rm\u00fc\u015f \u00e7ok \u00f6nemli bir kural vard\u0131r:<br \/>\n\u201cOrtado\u011fu bir batakl\u0131kt\u0131r, ad\u0131m\u0131n\u0131 oraya atan bir daha kolay \u00e7\u0131kamaz. Kimin kime ne zaman kaz\u0131k ataca\u011f\u0131 \u00f6nceden bilinmez.\u201d<br \/>\n* * *<br \/>\nVarsayal\u0131m bir s\u00fcre sonra d\u00fcnya dengeleriyle birlikte Ortado\u011fu&#8217;nun g\u00fc\u00e7ler dengesi  de de\u011fi\u015fti.<br \/>\nAd\u0131na \u00d6SO denilen profesyonel militanlar toplulu\u011fu, acaba b\u00f6yle bir durumda silahlar\u0131n\u0131 bu kez T\u00fcrkiye&#8217;ye \u00e7evirir mi?<br \/>\n\u00c7\u0131karlar\u0131 \u00f6yle gerektiriyorsa, kendilerini besleyenlerden o do\u011frultuda emir gelirse, mutlaka \u00e7evirir\u2026<br \/>\nOrtado\u011fu tarihi b\u00f6yle nice ihanetlerle doludur.<br \/>\nB\u00f6yle g\u00fcce tapanlara ve bu gibi ba\u015f\u0131bozuklara ben g\u00fcvenmem.<br \/>\nD\u00fcn Cumhuriyet gazetesinin internet sitesinde foto\u011fraflar\u0131 vard\u0131\u2026<br \/>\n\u00d6SO Afrin&#8217;de evleri ve i\u015f yerlerini ya\u011fmalamaya ba\u015flam\u0131\u015f! Kucak kucak g\u00f6t\u00fcr\u00fcyorlar.<br \/>\n* * *<br \/>\nYaz\u0131m\u0131 son bir saptama ile bitireyim.<br \/>\n\u00d6nceki ak\u015fam ekranlarda g\u00f6r\u00fcnt\u00fcleri, d\u00fcn gazetelerde foto\u011fraflar\u0131 g\u00f6rm\u00fc\u015fs\u00fcn\u00fczd\u00fcr\u2026<br \/>\nAfrin ele ge\u00e7irilmi\u015f, h\u00fck\u00fcmet binas\u0131n\u0131n balkonuna yan yana iki ayr\u0131 bayrak as\u0131lm\u0131\u015f:<br \/>\nBiri bizim bayra\u011f\u0131m\u0131z, di\u011feri \u00d6SO bayra\u011f\u0131!<br \/>\nBayraklar\u0131n yan\u0131nda bir askerimiz var, di\u011ferleri uzun sa\u00e7l\u0131, sakall\u0131 \u00d6SO militanlar\u0131\u2026<br \/>\nDemek ki bu \u00e7apulcular bizim ay y\u0131ld\u0131zl\u0131 \u015fanl\u0131 bayra\u011f\u0131m\u0131z\u0131n yan\u0131na kendi bezlerini asacak kadar k\u00fcstah, sayg\u0131s\u0131z, terbiyesiz, disiplinsiz ve \u015f\u0131mar\u0131k tipler\u2026<br \/>\nVe bunlar T\u00fcrkiye Cumhuriyeti&#8217;nin g\u00fcn\u00fcm\u00fczdeki m\u00fcttefiki, silah arkada\u015flar\u0131!<br \/>\nVallahi helal olsun \u00d6SO&#8217;ya!<br \/>\nhttps:\/\/www.sozcu.com.tr\/2018\/yazarlar\/emin-colasan\/kimdir-neyin-nesidir-bu-oso-2298370\/<\/p>\n<p><strong>\u0130sterseniz Say\u0131n Yal\u00e7\u0131n\u2019\u0131 da okuyun, b\u00fcy\u00fck oyunmu\u015f\u2026<br \/>\nYa ger\u00e7ekleri g\u00f6rm\u00fcyor veya g\u00f6rmek istemiyor.<\/strong><\/p>\n<p><a href=\"https:\/\/www.sozcu.com.tr\/2018\/yazarlar\/soner-yalcin\/buyuk-oyun-2-2298389\/\" rel=\"noopener\" target=\"_blank\">oku<\/a><\/p>\n","protected":false},"excerpt":{"rendered":"<p>Hat\u0131rl\u0131yor musunuz? Hani bir soru sormu\u015ftum, dedim AKP ve O pezevenk I\u015eID destek\u00e7isi\u2026 Cumhuriyet davasi, TIR meselesi\u2026 Dedim bu Afrin operasyonu neden bu kadar gecikti, ak\u0131llar\u0131, varsa e\u011fer \u015fimdi mi ba\u015flar\u0131na geldi\u2026 Neden \u015fimdi? I\u015eID neredeyse bitmi\u015fti\u2026 Bu \u00d6SO, sa\u00e7l\u0131, sakal\u0131 bir \u00e7ete\u2026 Kimdir bunlar, neyin nesi\u2026 Mehmet\u00e7i\u011fin yan\u0131nda ne i\u015fleri var? Hani sordum sizlere\u2026 &hellip; <\/p>\n<p class=\"link-more\"><a href=\"http:\/\/wordpress.gurbuz.net\/?p=7618\" class=\"more-link\"><span class=\"screen-reader-text\">\u201e\u00d6SO\u201c<\/span> weiterlesen<\/a><\/p>\n","protected":false},"author":1,"featured_media":0,"comment_status":"open","ping_status":"open","sticky":false,"template":"","format":"standard","meta":[],"categories":[1],"tags":[],"_links":{"self":[{"href":"http:\/\/wordpress.gurbuz.net\/index.php?rest_route=\/wp\/v2\/posts\/7618"}],"collection":[{"href":"http:\/\/wordpress.gurbuz.net\/index.php?rest_route=\/wp\/v2\/posts"}],"about":[{"href":"http:\/\/wordpress.gurbuz.net\/index.php?rest_route=\/wp\/v2\/types\/post"}],"author":[{"embeddable":true,"href":"http:\/\/wordpress.gurbuz.net\/index.php?rest_route=\/wp\/v2\/users\/1"}],"replies":[{"embeddable":true,"href":"http:\/\/wordpress.gurbuz.net\/index.php?rest_route=%2Fwp%2Fv2%2Fcomments&post=7618"}],"version-history":[{"count":2,"href":"http:\/\/wordpress.gurbuz.net\/index.php?rest_route=\/wp\/v2\/posts\/7618\/revisions"}],"predecessor-version":[{"id":7620,"href":"http:\/\/wordpress.gurbuz.net\/index.php?rest_route=\/wp\/v2\/posts\/7618\/revisions\/7620"}],"wp:attachment":[{"href":"http:\/\/wordpress.gurbuz.net\/index.php?rest_route=%2Fwp%2Fv2%2Fmedia&parent=7618"}],"wp:term":[{"taxonomy":"category","embeddable":true,"href":"http:\/\/wordpress.gurbuz.net\/index.php?rest_route=%2Fwp%2Fv2%2Fcategories&post=7618"},{"taxonomy":"post_tag","embeddable":true,"href":"http:\/\/wordpress.gurbuz.net\/index.php?rest_route=%2Fwp%2Fv2%2Ftags&post=7618"}],"curies":[{"name":"wp","href":"https:\/\/api.w.org\/{rel}","templated":true}]}}