{"id":7588,"date":"2018-03-20T07:52:43","date_gmt":"2018-03-20T07:52:43","guid":{"rendered":"http:\/\/wordpress.gurbuz.net\/?p=7588"},"modified":"2018-03-20T10:40:20","modified_gmt":"2018-03-20T10:40:20","slug":"baskomutan-meselesi","status":"publish","type":"post","link":"http:\/\/wordpress.gurbuz.net\/?p=7588","title":{"rendered":"Ba\u015fkomutan meselesi"},"content":{"rendered":"<p>Pek say\u0131n ve muhterem\u2026<br \/>\nYerli pezevenk a\u00e7\u0131klama yapt\u0131; \u201cbir gece ans\u0131z\u0131n Sincan\u2019a gireriz oradaki PKK\u2019l\u0131lar\u0131 temizleriz\u201d<br \/>\nMilli orospumuz durur mu?<br \/>\nPek ho\u015funa gitti tabii ba\u015flad\u0131 g.t\u00fcn\u00fc bir o yana bir bu yana salamaya\u2026<br \/>\nAman Allah\u2019\u0131m o ne manzara!<\/p>\n<p>Viyana \u00f6nleri\u2026<br \/>\nKara Mustafa Viyana\u2019y\u0131 ku\u015fatt\u0131\u2026<br \/>\nKim kurtard\u0131 Viyanal\u0131lar\u0131 biliyor musunuz?<br \/>\nPolonyal\u0131!<\/p>\n<p>Vah\u015fi bir millettir, sava\u015f\u00e7\u0131\u2026<br \/>\nRus gibi ama her zamanki gibi el \u00fcst\u00fcnde el\u2026<br \/>\n\u201cElin yumru\u011funu yemeyen kendi yumru\u011funu balyoz san\u0131r\u201d derdi rahmetli peder.<\/p>\n<p>D\u00fcn ak\u015fam k\u0131sa bir belgesel yay\u0131nlad\u0131lar televizyondan\u2026<br \/>\nPolonya hakk\u0131nda bir geli\u015fmeydi konusu, ciddi bir geli\u015fme\u2026<br \/>\nBakma sen, BAKMA\u2026<br \/>\n\u0130ktidarda bulunan s\u00f6zde milliyet\u00e7ilere, milliyet\u00e7ilik ile Fa\u015fizm aras\u0131 bir so\u011fan zar\u0131\u2026<br \/>\nEvet so\u011fan zar\u0131 kadar ince.<\/p>\n<p>Hat\u0131rl\u0131 okuyucular\u0131m bilirler beni, sa\u011f\u0131n\u2026<br \/>\nS\u00f6zde muhafazak\u00e2r\u0131n, fa\u015fistsin kar\u015f\u0131s\u0131nday\u0131m\u2026<br \/>\nMilletler cemiyetinde di\u011fer toplumlar aras\u0131nda &gt;&gt;&gt; e\u015fit &lt;&lt;&lt;<br \/>\nNe bir a\u015fa\u011f\u0131s\u0131 ne bir yukar\u0131s\u0131, \u201ckendimi\u201d, mensubu oldu\u011fum toplumu ne di\u011ferlerinden a\u015fa\u011f\u0131 g\u00f6r\u00fcr\u00fcm ne di\u011ferlerini \u201ckendimden\u201d \u00fcst\u00fcn.<br \/>\nVe yine tarih \u00f6\u011fretiyor bize, \u00d6GRETIYOR, yeter ki \u00f6\u011frenmek iste\u2026<br \/>\nSaf kan toplum diye bir \u015fey YOKTUR!<\/p>\n<p>Kan kar\u0131\u015fm\u0131\u015f birbirine, \u00f6rnekledim ge\u00e7enlerde\u2026<br \/>\nNas\u0131l tan\u0131ml\u0131yordu bilim insan\u0131?<br \/>\nYY\u2026<br \/>\nKad\u0131n, XY erkek. Buna g\u00f6re her erke\u011fin geneti\u011finde kad\u0131n var kad\u0131n\u2026<br \/>\nGer\u00e7ekte budur, dikkat buyurunuz l\u00fctfen\u2026<br \/>\n\u00c7\u0131kar\u0131n\u0131z varsa anneannenizin, babaannenizin foto\u011fraflar\u0131n\u0131 k\u0131yaslay\u0131n\u0131z YOK \u00e7ocuklar\u0131yla de\u011fil torunuyla. M\u00fcmk\u00fcnse torunun \u00e7ocu\u011fu ile. G\u00f6receksiniz iki \u2013 \u00fc\u00e7 nesil evvelsini AYNADA!<\/p>\n<p>Tersi de m\u00fcmk\u00fcn tabii AMA kad\u0131n \u00e7ok belirgin!!!<\/p>\n<p>Yine bir toplum i\u00e7eresinde YOKTUR BENIM I\u00c7IN sen K\u00fcrt\u2019s\u00fcn, sen T\u00fcrk\u2019s\u00fcn, sen Ermeni, sen Laz\u2019s\u0131n diye bir \u015fey. Yok \u00c7erkez\u2019i, Abaza\u2019s\u0131, YOK, anl\u0131yor musun YOK.<br \/>\nBizler bir a\u011fc\u0131n de\u011fi\u015fik dallar\u0131y\u0131z, meyveleri\u2026<br \/>\nAnadolu topra\u011f\u0131 ise k\u00f6k sald\u0131\u011f\u0131m\u0131z yer.<br \/>\nNOKTA<\/p>\n<p>Siyaseti\u2026<br \/>\nSosyal geli\u015fmeleri dikkatli g\u00f6zler ile izleyenler bilecektir\u2026<br \/>\nYok\u2026<br \/>\nD\u00fcnya SADECE Tayyipistandan ibaret de\u011fildir, hele hele Tayyipistan insanl\u0131\u011fa bir g\u00f6sterge, bir k\u0131lavuz hi\u00e7 de\u011fildir. Olsa, olsa AMAN HA, SAKIN B\u00d6YLE YAPMAYIN diye bir ibret vesilesi olabilir.<br \/>\nEvet\u2026<br \/>\nD\u00fcnyada sa\u011f\u0131n ka\u00e7\u0131n\u0131lmaz bir y\u00fckseli\u015fini g\u00f6rmek m\u00fcmk\u00fcn, \u00f6zellikle Avrupa\u2019da\u2026<br \/>\nAksi \u00fclkemizde, olsa ger\u00e7ek milliyet\u00e7i, T\u00fcrk milliyet\u00e7isi, Atat\u00fcrk milliyet\u00e7isi \u00e7oktan ala\u015fa\u011f\u0131 etmi\u015fti bu pezevenkleri!<\/p>\n<p>Bak\u0131n buras\u0131 \u00d6NEMLI\u2026<br \/>\nBir insan\u0131n, bir toplumun sosyal ve k\u00fclt\u00fcrel geli\u015fmesi, s\u00fcre\u00e7 yani\u2026<br \/>\nBizi biz eden\u2026<br \/>\nAtalar\u0131n, atalardan \u00f6\u011frenip g\u00fcn\u00fcm\u00fcze kadar gelebilen \u00f6\u011fretileri, g\u00f6r\u00fc\u015fleri, dini inan\u00e7lar\u0131\u2026<br \/>\nVe bir\u00e7ok benzeri d\u00fc\u015f\u00fcnce ve tecr\u00fcbeleri bizi biz eder\u2026<br \/>\nK\u0131sacas\u0131 ku\u015f yuvada g\u00f6rd\u00fc\u011f\u00fcn\u00fc yapar, insan\u0131 \u00e7evresi, yeti\u015fti\u011fi ortam belirler.<\/p>\n<p>Ve yine NEGATIF yani olumsuz tecr\u00fcbeler insan\u0131 olumlulardan daha \u00e7ok etkiler\u2026<br \/>\nUnutulmamlad\u0131r ki insan \u00f6yle bir varl\u0131kt\u0131r ki rahat onun g.t\u00fcne batar\u2026<br \/>\n\u0130stedik\u00e7e ister\u2026<br \/>\nEninde sonunda abart\u0131r, c\u0131v\u0131t\u0131r yani.<\/p>\n<p>Avrupa\u2019da, sa\u011f olsunlar Almanlar sayesinde milliyet\u00e7ili\u011fin konumu dezavantajl\u0131d\u0131r\u2026<br \/>\nBirazda Frans\u0131zlardan kalma\u2026<br \/>\nMilliyet\u00e7iyim dersen, cumhuriyet\u00e7i falan insanlar ters anlar!<\/p>\n<p>Halbuki \u00fclkemizde \u00f6yle mi?<\/p>\n<p>Konuya giri\u015f yapabiliriz art\u0131k\u2026<br \/>\nKad\u0131n\u0131n\u2026<br \/>\nBenim i\u00e7in bir \u00e7i\u00e7ekten, bir kelebekten yoktur fark\u0131\u2026<br \/>\nYak\u0131\u015ft\u0131ramam onun eline silah\u0131\u2026<br \/>\nO\u2026<br \/>\nNarindir, ince, zarif bir varl\u0131k\u2026<br \/>\nDemiyorum kad\u0131n\u0131n yeri evidir, ocak ba\u015f\u0131\u2026<br \/>\nBu benim \u015fahsi g\u00f6r\u00fc\u015f\u00fcm, elbette e\u015fittir kad\u0131n ve erkek AMA her konuda e\u015fitlik sa\u011flanamaz\u2026<br \/>\nKad\u0131n, kad\u0131nl\u0131\u011f\u0131n\u0131, erkek erkekli\u011fini bilecek\u2026<br \/>\nBuna ra\u011fmen ki buras\u0131 yine COK \u00d6NEMLI\u2026<br \/>\nPolonya \u00f6rne\u011fi bunu bir kez daha \u00e7ok g\u00fczel g\u00f6sterdi\u2026<br \/>\nTemel e\u011fitimde en bariz \u015fekilde \u00f6\u011fretmeli, e\u011fitmeli insan\u0131\u2026<br \/>\n\u0130kisini birden e\u015fit \u015fekilde!<\/p>\n<p>Ne diyordu atalar?<br \/>\nA\u011fa\u00e7\u2026<br \/>\nYa\u015fken e\u011filir!<\/p>\n<p>Evet, her \u015feyi zaman\u0131nda yapacaks\u0131n, vaktinde. Hayat\u2026<br \/>\nHayat\u0131n kendisi zaten kendi s\u00fcrecinde, i\u00e7inde cinsleri, konum ve yerlerini belirliyor, belirler.<\/p>\n<p>Oyun de\u011fil bu\u2026<br \/>\nErke\u011fin macera aray\u0131\u015f\u0131, de\u011fil \u00e7ok ama \u00e7ok ciddi\u2026<br \/>\nVe bence yerinde bir d\u00fc\u015f\u00fcnce ve davran\u0131\u015f \u015fekli\u2026<br \/>\nDedim ya, en ge\u00e7 kad\u0131n do\u011fum yapt\u0131\u011f\u0131nda\u2026<br \/>\nAnne olunca, varacak, variyor kad\u0131nl\u0131\u011f\u0131n\u0131n fark\u0131na\u2026<br \/>\n\u00d6zellikle Almanlar\u0131n tutu\u015ftu bir taraflar\u0131 Putin yine se\u00e7ilince\u2026<br \/>\nSe\u00e7imlerde bir hafta \u00f6ncesi ba\u015flad\u0131 yay\u0131nlar, genelde akademisyenlere y\u00f6nelik\u2026<br \/>\nGe\u00e7mi\u015fte dondurdu Rus, Almanlar\u0131n totosunu kesince do\u011falgaz\u0131\u2026<br \/>\nKorkuyor adamlar, korkuyor Polonyal\u0131 gibi\u2026<br \/>\nAskeri e\u011fitim, devlet deste\u011fi ile Polonya\u2019da\u2026<br \/>\nYok\u2026<br \/>\nVaktinden sonra, yani orta ya\u015flarda. Toplan\u0131yor erkekler \u00e7\u0131k\u0131yorlar da\u011flara\u2026<br \/>\nKar, k\u0131\u015f demeden\u2026<br \/>\nEllerinde silah e\u011fitimdeler.<\/p>\n<p>Yine\u2026<br \/>\nGen\u00e7ler, askerlik \u00f6ncesi\u2026<br \/>\n&gt;&gt;&gt; Okul \u00e7a\u011f\u0131nda &lt;&lt;&lt; okulda\u2026<br \/>\n\u0130steyen aileler k\u0131zlar\u0131n\u0131 da yolluyor KI\u2026<br \/>\nBENCE \u00c7OK \u00d6NEMLI, evet bir k\u0131z \u00e7ocu\u011fu da bilecek icab\u0131nda kendini, vatan\u0131n\u0131 elinde silah savunmay\u0131\u2026<br \/>\nAMA\u2026<br \/>\nSadece ger\u00e7ekten gerekli hallerde, mecbur kal\u0131rsa\u2026<br \/>\nYine babam\u0131n bana \u00f6\u011f\u00fcd\u00fc:<br \/>\n\u201cO\u011flum, her \u015feyi g\u00f6r, bil ama ille yapma!!!\u201d<\/p>\n<p>Da\u011fa \u00e7\u0131kan erkeklerden biri ki al bu \u00f6rne\u011fi kendi ge\u00e7mi\u015finle, g\u00fcn\u00fcm\u00fczle, g\u00fcn\u00fcm\u00fczle k\u0131yasla\u2026<br \/>\nDiyor ki\u2026<br \/>\n\u201cTarihimizde \u00f6rnekleri dolu, mecburum bunu yapmaya, kendimi, ailemi, \u00fclkemi savunacak halde olmal\u0131y\u0131m. M\u00fcttefiklerimiz, \u0130ngilizler, Frans\u0131zlar (\u2026) Almanlar ve Ruslar Polonya\u2019y\u0131 par\u00e7alarken seyrettiler. Ge\u00e7mi\u015fimiz \u00f6rnekleriyle dolu!\u201d<\/p>\n<p>Ne yapt\u0131 s\u00f6zde \u201ckan karde\u015fimiz\u201d, dostumuz Almanlar?<br \/>\nErmeni soyk\u0131r\u0131m\u0131n\u0131?<br \/>\nTan\u0131d\u0131lar!<\/p>\n<p>Ve yine y\u0131llardan beri neye \u015fahit oluyoruz, YOK, AKP \u00f6ncesi de b\u00f6yleydi\u2026<br \/>\nKom\u015fular\u0131m\u0131z, AB(D)!?<br \/>\nNe g\u00fczel dedi delikanl\u0131 ne g\u00fczeldi s\u00f6zleri\u2026<br \/>\n\u201cBen fa\u015fist de\u011filim, ben milliyet\u00e7iyim. \u00dclkemi seviyorum\u201d ve benzeri g\u00fczel s\u00f6zlerdi s\u00f6yledi\u011fi.<br \/>\nEvet\u2026<br \/>\nMilliyet\u00e7ili\u011fin kad\u0131n\u0131, erke\u011fi olmaz, vatan savunmas\u0131n\u0131n\u2026<br \/>\nOlmamal\u0131.<\/p>\n<p>Gelelim sadette\u2026<br \/>\nHani s\u00f6ze ileri demokratik bir \u00fclkeyiz ya\u2026<br \/>\nHani bas\u0131n \u00f6zg\u00fcrl\u00fc\u011f\u00fcnde di\u011fer \u00fclkeler bize g\u0131pta ederek bak\u0131yormu\u015f ya\u2026<br \/>\nBe\u015f dakika oldu olmad\u0131\u2026<br \/>\nHaberlerden ge\u00e7ti, Avrupa \u0130nsan Haklar\u0131 Mahkemesi\u2026<br \/>\nTayyipistan\u2019\u0131 yarg\u0131lad\u0131, bir kez daha iki gazeteci y\u00fcz\u00fcnden!<\/p>\n<p>Ge\u00e7elim\u2026<br \/>\nParti ba\u015fkan\u0131\u2026<br \/>\n\u201cCumhurun\u201d ba\u015f\u0131\u2026<br \/>\nBa\u015fkumandan(!!!)<\/p>\n<p>Xi Jinping\u2026<br \/>\n\u00c7in\u2019de\u2026<br \/>\nRecep Tayyip Kahpedo\u011fan\u2026<br \/>\n\u00dclkemizde veya s\u00f6yle demi\u015f olal\u0131m T\u00fcrkiye Cumhuriyetinden arda kalanda(!)<\/p>\n<p>Dedim ya, bir insan\u0131n, bir toplumun ge\u00e7mi\u015fi\u2026<br \/>\nTarihi s\u00fcre\u00e7 \u00f6nemli. Bana ne \u00c7in\u2019den!?<br \/>\nBen bakar\u0131m \u00fclkeme, ATAT\u00dcRK\u2026<br \/>\nMesle\u011fi neydi, ne olarak yeti\u015ftirildi?<\/p>\n<p>Kara Harp Okulunda\u2026<br \/>\nHAZIRLIK SINIFI M\u00dcTEAKIBINDE\u2026<br \/>\nD\u00f6rt y\u0131l, tekrar 4 sene\u2026<br \/>\n\u00dc\u015feniyorum \u015fimdi Atat\u00fcrk zaman\u0131n\u0131 ara\u015ft\u0131rmaya AMA \u015fu kadar\u0131n\u0131 biliyorum\u2026<br \/>\nSadece subay \u00e7\u0131kt\u0131n, bunun kurmay\u0131, y\u00fckselmesi teee generalli\u011fe varmas\u0131 ka\u00e7 sene???<br \/>\n\u00d6M\u00dcR be \u00d6M\u00dcR s\u00fcr\u00fcyor, bir \u00f6m\u00fcr\u2026<br \/>\nEvet\u2026<br \/>\n\u0130lk cumhurba\u015fkan\u0131m\u0131z bir askerdi, ATAT\u00dcRK\u2026<br \/>\nG\u00f6r\u00fcyoruz yakla\u015f\u0131k yirmi seneden biraz fazla bir s\u00fcre\u00e7te \u0130stanbul ba\u015fta olmak \u00fczere\u2026<br \/>\nYerlere yataca\u011f\u0131m g\u00fclmekten\u2026<br \/>\nENGIN bilgisi sayesinde \u00fclkenin geldi hali g\u00f6r\u00fcyoruz\u2026<br \/>\nMEYDANDA\u2026<br \/>\nBu herifin, bu pezevengin\u2026<br \/>\nBu ahlaks\u0131z, kahpe h\u0131rs\u0131z\u0131n askeri bilgisi, deneyimi ne olabilir?<br \/>\nStratejilerden, sava\u015f y\u00f6ntem ve tatbikinden ne haberi olabilir?<br \/>\nSivilin\u2026<br \/>\nAskeri bir ge\u00e7mi\u015fi olmayan bir sivilin ba\u015fkumandan olmas\u0131 ne kadar do\u011frudur?<\/p>\n<p>Tabii ben kimim ki?<br \/>\nAl sana bir soru, bir \u201cg\u00fcndem\u201d<br \/>\nTart\u0131\u015fsan\u0131za TayyIT\u2019in  \u201cba\u015fkumandanl\u0131k\u201d liyakatini\u2026<br \/>\nHadi tart\u0131\u015f\u0131n, sorgulay\u0131n!<\/p>\n<p><a href=\"https:\/\/www.arte.tv\/de\/videos\/071437-010-A\/re-die-sonntagskrieger\/\" rel=\"noopener\" target=\"_blank\">\u0130zle, Almancan varsa MUTLAKA izle<\/a><\/p>\n","protected":false},"excerpt":{"rendered":"<p>Pek say\u0131n ve muhterem\u2026 Yerli pezevenk a\u00e7\u0131klama yapt\u0131; \u201cbir gece ans\u0131z\u0131n Sincan\u2019a gireriz oradaki PKK\u2019l\u0131lar\u0131 temizleriz\u201d Milli orospumuz durur mu? Pek ho\u015funa gitti tabii ba\u015flad\u0131 g.t\u00fcn\u00fc bir o yana bir bu yana salamaya\u2026 Aman Allah\u2019\u0131m o ne manzara! Viyana \u00f6nleri\u2026 Kara Mustafa Viyana\u2019y\u0131 ku\u015fatt\u0131\u2026 Kim kurtard\u0131 Viyanal\u0131lar\u0131 biliyor musunuz? Polonyal\u0131! Vah\u015fi bir millettir, sava\u015f\u00e7\u0131\u2026 Rus &hellip; <\/p>\n<p class=\"link-more\"><a href=\"http:\/\/wordpress.gurbuz.net\/?p=7588\" class=\"more-link\"><span class=\"screen-reader-text\">\u201eBa\u015fkomutan meselesi\u201c<\/span> weiterlesen<\/a><\/p>\n","protected":false},"author":1,"featured_media":0,"comment_status":"open","ping_status":"open","sticky":false,"template":"","format":"standard","meta":[],"categories":[1],"tags":[],"_links":{"self":[{"href":"http:\/\/wordpress.gurbuz.net\/index.php?rest_route=\/wp\/v2\/posts\/7588"}],"collection":[{"href":"http:\/\/wordpress.gurbuz.net\/index.php?rest_route=\/wp\/v2\/posts"}],"about":[{"href":"http:\/\/wordpress.gurbuz.net\/index.php?rest_route=\/wp\/v2\/types\/post"}],"author":[{"embeddable":true,"href":"http:\/\/wordpress.gurbuz.net\/index.php?rest_route=\/wp\/v2\/users\/1"}],"replies":[{"embeddable":true,"href":"http:\/\/wordpress.gurbuz.net\/index.php?rest_route=%2Fwp%2Fv2%2Fcomments&post=7588"}],"version-history":[{"count":19,"href":"http:\/\/wordpress.gurbuz.net\/index.php?rest_route=\/wp\/v2\/posts\/7588\/revisions"}],"predecessor-version":[{"id":7610,"href":"http:\/\/wordpress.gurbuz.net\/index.php?rest_route=\/wp\/v2\/posts\/7588\/revisions\/7610"}],"wp:attachment":[{"href":"http:\/\/wordpress.gurbuz.net\/index.php?rest_route=%2Fwp%2Fv2%2Fmedia&parent=7588"}],"wp:term":[{"taxonomy":"category","embeddable":true,"href":"http:\/\/wordpress.gurbuz.net\/index.php?rest_route=%2Fwp%2Fv2%2Fcategories&post=7588"},{"taxonomy":"post_tag","embeddable":true,"href":"http:\/\/wordpress.gurbuz.net\/index.php?rest_route=%2Fwp%2Fv2%2Ftags&post=7588"}],"curies":[{"name":"wp","href":"https:\/\/api.w.org\/{rel}","templated":true}]}}