{"id":7531,"date":"2018-03-18T19:10:37","date_gmt":"2018-03-18T19:10:37","guid":{"rendered":"http:\/\/wordpress.gurbuz.net\/?p=7531"},"modified":"2018-03-18T19:10:37","modified_gmt":"2018-03-18T19:10:37","slug":"7531","status":"publish","type":"post","link":"http:\/\/wordpress.gurbuz.net\/?p=7531","title":{"rendered":""},"content":{"rendered":"<p>Sehr geehrte Damen und Herrn,<br \/>\nIch bin der letzte Mensch der hinter Erdogans Politik stehen w\u00fcrde. Ich riskiere sowohl Leib und Leben meiner Person als auch die der meiner Familie um gegen Ihn und seine Mitstreiter zu opponieren.<br \/>\nIch bin Familienbedingt \u00f6fters in Tayyipistan und um uns herum gibt es mehr als genug fanatische Anh\u00e4nger. Was mich nicht davon abh\u00e4lt alles in meiner macht stehende zu tun, um ihn mit legalen Mitteln abw\u00e4hlen zu lassen.<br \/>\nWobei ich mir sicher bin das, dass nicht m\u00f6glich sein wird denn er hat mit ernsthaften Konsequenzen seines Handelns zu rechen. Er und seine Anh\u00e4nger. Aber das ist nicht der Grund meines Schreibens.<br \/>\nIch m\u00f6chte sie h\u00f6flich an ihre journalistisch \u2013 etischen Grunds\u00e4tze erinnern.<br \/>\nWenn auch sehr versp\u00e4tet handelt die T\u00fcrkei, ich spreche nicht von Erdogan der diese Operation mit Sicherheit f\u00fcr seine Wiederwahl ausschlachten wird, ich spreche von den T\u00fcrkischen Interessen als Staat und aber auch von den Interessen des Volkes\u2026<br \/>\nUnd dabei spreche ich auch von den Kurdisch st\u00e4mmigen Menschen. Bitte vergessen sie nicht das auch ein Gro\u00dfteil der Wehrpflichtigen kurdisch st\u00e4mmige sind. Insbesondere die PKK terrorisiert auch die Zivilbev\u00f6lkerung. Unabh\u00e4ngig von ihrer Abstammung. Einerseits die ANGST vor Erdogan andererseits die PKK\u2026<br \/>\nDie YPG hat willk\u00fcrlich mit Raketen t\u00fcrkische St\u00e4dte angegriffen. Was sollte die T\u00fcrkei tun?<br \/>\nSich einfach weiterhin beschie\u00dfen lassen?<br \/>\nBitte meine Damen und Herrn, im Namen der Gerechtigkeit achten sie auf ihre Wortwahl\u2026<br \/>\n Was hei\u00dft Angriff?<br \/>\nSeit wann ist Selbstverteidigung ein Angriff?<\/p>\n<p>Mit freundlichen Gr\u00fc\u00dfen<br \/>\n\u00d6nder G\u00fcrb\u00fcz<br \/>\nonder@gurbuz.de<br \/>\n01714213566<br \/>\nhttps:\/\/www.msn.com\/de-de\/nachrichten\/welt\/syrien-erdogan-zentrum-von-kurden-hochburg-afrin-\u201evollst\u00e4ndig\u201c-unter-kontrolle\/ar-BBKmsXq?ocid=spartanntp<br \/>\nMail an Berliner Kurier<\/p>\n","protected":false},"excerpt":{"rendered":"<p>Sehr geehrte Damen und Herrn, Ich bin der letzte Mensch der hinter Erdogans Politik stehen w\u00fcrde. Ich riskiere sowohl Leib und Leben meiner Person als auch die der meiner Familie um gegen Ihn und seine Mitstreiter zu opponieren. Ich bin Familienbedingt \u00f6fters in Tayyipistan und um uns herum gibt es mehr als genug fanatische Anh\u00e4nger. &hellip; <\/p>\n<p class=\"link-more\"><a href=\"http:\/\/wordpress.gurbuz.net\/?p=7531\" class=\"more-link\"><span class=\"screen-reader-text\">\u201e\u201c<\/span> weiterlesen<\/a><\/p>\n","protected":false},"author":1,"featured_media":0,"comment_status":"open","ping_status":"open","sticky":false,"template":"","format":"standard","meta":[],"categories":[1],"tags":[],"_links":{"self":[{"href":"http:\/\/wordpress.gurbuz.net\/index.php?rest_route=\/wp\/v2\/posts\/7531"}],"collection":[{"href":"http:\/\/wordpress.gurbuz.net\/index.php?rest_route=\/wp\/v2\/posts"}],"about":[{"href":"http:\/\/wordpress.gurbuz.net\/index.php?rest_route=\/wp\/v2\/types\/post"}],"author":[{"embeddable":true,"href":"http:\/\/wordpress.gurbuz.net\/index.php?rest_route=\/wp\/v2\/users\/1"}],"replies":[{"embeddable":true,"href":"http:\/\/wordpress.gurbuz.net\/index.php?rest_route=%2Fwp%2Fv2%2Fcomments&post=7531"}],"version-history":[{"count":1,"href":"http:\/\/wordpress.gurbuz.net\/index.php?rest_route=\/wp\/v2\/posts\/7531\/revisions"}],"predecessor-version":[{"id":7532,"href":"http:\/\/wordpress.gurbuz.net\/index.php?rest_route=\/wp\/v2\/posts\/7531\/revisions\/7532"}],"wp:attachment":[{"href":"http:\/\/wordpress.gurbuz.net\/index.php?rest_route=%2Fwp%2Fv2%2Fmedia&parent=7531"}],"wp:term":[{"taxonomy":"category","embeddable":true,"href":"http:\/\/wordpress.gurbuz.net\/index.php?rest_route=%2Fwp%2Fv2%2Fcategories&post=7531"},{"taxonomy":"post_tag","embeddable":true,"href":"http:\/\/wordpress.gurbuz.net\/index.php?rest_route=%2Fwp%2Fv2%2Ftags&post=7531"}],"curies":[{"name":"wp","href":"https:\/\/api.w.org\/{rel}","templated":true}]}}