{"id":7516,"date":"2018-03-18T13:25:42","date_gmt":"2018-03-18T13:25:42","guid":{"rendered":"http:\/\/wordpress.gurbuz.net\/?p=7516"},"modified":"2018-03-18T13:25:42","modified_gmt":"2018-03-18T13:25:42","slug":"tepemi-attirdilar-yine","status":"publish","type":"post","link":"http:\/\/wordpress.gurbuz.net\/?p=7516","title":{"rendered":"Tepemi att\u0131rd\u0131lar yine"},"content":{"rendered":"<p>\u00c7ok \u00f6nemli, S\u00f6zc\u00fc gazetesinden tesad\u00fcfen okuyan varsa yetkililere iletilmek \u00fczere<\/p>\n<p>Arkada\u015flar, sevgili yazarlar, de\u011ferli insanlar\u2026<br \/>\nSizlerden bir ricam olacak\u2026<br \/>\nL\u00fctfen, m\u00fcmk\u00fcnse hani hepiniz ayn\u0131 g\u00fcn ayn\u0131 g\u00fcndemle kaleme sar\u0131lmay\u0131n. Pazar g\u00fcnleri Avrupa\u2019da yay\u0131n yok, gazete \u00e7\u0131km\u0131yor. Bir ay\u0131pt\u0131r bence bir ay\u0131p. Ancak sizlerde h\u00e2klisiniz ay\u0131b\u0131n b\u00fcy\u00fc\u011f\u00fc bizde \u00e7\u00fcnk\u00fc okumuyoruz ki!<\/p>\n<p>Okuyanlar\u0131n\u0131z\u0131n hat\u0131r\u0131na\u2026<br \/>\nG\u00f6r\u00fc\u015f farkl\u0131l\u0131klar\u0131 olsa bile s\u0131k\u0131c\u0131 oluyor dostlar, \u00e7ok s\u0131k\u0131c\u0131\u2026<br \/>\nKimse kurusa bakmas\u0131n\u2026<br \/>\nBence \u0130stiklal Mar\u015f\u0131 konusunu Say\u0131n \u00c7\u00f6la\u015fan, \u00c7iftlik Bank konusunu Say\u0131n Do\u011fru birincilikle, \u0130zmirlim ikincilikle bitirdi.<\/p>\n<p>AMA\u2026<br \/>\nSay\u0131n Co\u015fkun onca kelime i\u00e7inde bir c\u00fcmlesiyle turnay\u0131 g\u00f6z\u00fcnden vurdu\u2026<br \/>\nTabii dikkat edip anlayana\u2026<br \/>\nEvet, evet ANLAYANA\u2026<br \/>\nO da \u0130stiklal meselesini yazm\u0131\u015f, birisi itiraz etmi\u015f\u2026<br \/>\nYaz\u0131s\u0131ndan anl\u0131yoruz ki\u2026<br \/>\nAnlatm\u0131\u015flar\u2026<br \/>\nAnlam\u0131\u015f ve mar\u015f\u0131m\u0131z ge\u00e7mi\u015f.<\/p>\n<p>Art\u0131k anlatsan bile, a\u011fz\u0131nla ku\u015f tutsan fayda yok\u2026<br \/>\nFaydas\u0131 yok, faydas\u0131z ha duvara anlatm\u0131\u015f\u0131n meram\u0131n\u0131 ha \u201cinsana\u201d<\/p>\n<p>Hi\u00e7 dikkatimi \u00e7ekmemi\u015fti, O kadar i\u015flemi\u015f ki i\u00e7ime, o kadar ola\u011fan ki benim i\u00e7in\u2026<br \/>\nTam T\u00dcRKIYELI\u2026<br \/>\nAncak \u00f6yle olmas\u0131 gerekli, 1982 Anayasas\u0131 66 Maddede tarif edilen T\u00fcrk vatanda\u015fl\u0131\u011f\u0131 niteli\u011fi gibi:<\/p>\n<p>I. T\u00fcrk vatanda\u015fl\u0131\u011f\u0131<br \/>\nMADDE 66.\u2013 T\u00fcrk Devletine vatanda\u015fl\u0131k ba\u011f\u0131 ile ba\u011fl\u0131 olan herkes T\u00fcrkt\u00fcr.<br \/>\nT\u00fcrk baban\u0131n veya T\u00fcrk anan\u0131n \u00e7ocu\u011fu T\u00fcrkt\u00fcr. (Son c\u00fcmle m\u00fclga: 3.10.2001-4709\/23 md.)<br \/>\nVatanda\u015fl\u0131k, kanunun g\u00f6sterdi\u011fi \u015fartlarla kazan\u0131l\u0131r ve ancak kanunda belirtilen hallerde kaybedilir.<br \/>\nHi\u00e7bir T\u00fcrk, vatana ba\u011fl\u0131l\u0131kla ba\u011fda\u015fmayan bir eylemde bulunmad\u0131k\u00e7a vatanda\u015fl\u0131ktan \u00e7\u0131kar\u0131lamaz.<br \/>\nVatanda\u015fl\u0131ktan \u00e7\u0131karma ile ilgili karar ve i\u015flemlere kar\u015f\u0131 yarg\u0131 yolu kapat\u0131lamaz.<\/p>\n<p>http:\/\/www.anayasa.gen.tr\/1982ay.htm<\/p>\n<p>L\u00dcTFEN\u2026<br \/>\nRICA EDIYORUM L\u00dcTFEN<br \/>\n\u00d6nce \u0130stiklal Mar\u015f\u0131m\u0131z\u0131 DIKKATLI okuyal\u0131m, sonras\u0131nda Say\u0131n \u00c7\u00f6la\u015fan\u2019\u0131\u2026<br \/>\nY\u00fcrek isidir y\u00fcrek i\u015fi, duygu ve d\u00fc\u015f\u00fcncelerin temizli\u011fi\u2026<br \/>\nBizler\u2026<br \/>\nBir ulusuz, ulus, bir millet, gelmi\u015fiz \u201cd\u00fcnyan\u0131n d\u00f6rt taraf\u0131ndan\u201d yurt edinmi\u015fiz Anadolu\u2019yu\u2026<br \/>\nBizler bir milletiz, bir ulus.<\/p>\n<p>\u0130stiklal Mar\u015f\u0131<br \/>\nKorkma, s\u00f6nmez bu \u015fafaklarda y\u00fczen al sancak;<br \/>\nS\u00f6nmeden yurdumun \u00fcst\u00fcnde t\u00fcten en son ocak.<br \/>\nO benim milletimin y\u0131ld\u0131z\u0131d\u0131r, parlayacak;<br \/>\nO benimdir, o benim milletimindir ancak.<br \/>\n\u00c7atma, kurban olay\u0131m, \u00e7ehreni ey nazl\u0131 hilal!<br \/>\nKahraman \u0131rk\u0131ma bir g\u00fcl! Ne bu \u015fiddet, bu celal?<br \/>\nSana olmaz d\u00f6k\u00fclen kanlar\u0131m\u0131z sonra helal&#8230;<br \/>\nHakk\u0131d\u0131r, hakk&#8217;a tapan, milletimin istiklal!<br \/>\nBen ezelden beridir h\u00fcr ya\u015fad\u0131m, h\u00fcr ya\u015far\u0131m.<br \/>\nHangi \u00e7\u0131lg\u0131n bana zincir vuracakm\u0131\u015f? \u015ea\u015far\u0131m!<br \/>\nK\u00fckremi\u015f sel gibiyim, bendimi \u00e7i\u011fner, a\u015far\u0131m.<br \/>\nY\u0131rtar\u0131m da\u011flar\u0131, enginlere s\u0131\u011fmam, ta\u015far\u0131m.<br \/>\nGarb\u0131n afak\u0131n\u0131 sarm\u0131\u015fsa \u00e7elik z\u0131rhl\u0131 duvar,<br \/>\nBenim iman dolu g\u00f6\u011fs\u00fcm gibi serhaddim var.<br \/>\nUlusun, korkma! Nas\u0131l b\u00f6yle bir iman\u0131 bo\u011far,<br \/>\n&#8218;Medeniyet!&#8216; dedi\u011fin tek di\u015fi kalm\u0131\u015f canavar?<br \/>\nArkada\u015f! Yurduma al\u00e7aklar\u0131 u\u011fratma, sak\u0131n.<br \/>\nSiper et g\u00f6vdeni, dursun bu hayas\u0131zca ak\u0131n.<br \/>\nDo\u011facakt\u0131r sana va&#8217;dettigi g\u00fcnler hakk&#8217;\u0131n&#8230;<br \/>\nKim bilir, belki yar\u0131n, belki yar\u0131ndan da yak\u0131n.<br \/>\nBast\u0131\u011f\u0131n yerleri &#8218;toprak!&#8216; diyerek ge\u00e7me, tan\u0131:<br \/>\nD\u00fc\u015f\u00fcn alt\u0131nda binlerce kefensiz yatan\u0131.<br \/>\nSen \u015fehit o\u011flusun, incitme, yaz\u0131kt\u0131r, atan\u0131:<br \/>\nVerme, d\u00fcnyalar\u0131 alsan da, bu cennet vatan\u0131.<br \/>\nKim bu cennet vatan\u0131n u\u011fruna olmaz ki feda?<br \/>\n\u015euheda f\u0131\u015fk\u0131racak topra\u011f\u0131 s\u0131ksan, \u015fuheda!<br \/>\nCan\u0131, canan\u0131, b\u00fct\u00fcn var\u0131m\u0131 als\u0131n da h\u00fcda,<br \/>\nEtmesin tek vatan\u0131mdan beni d\u00fcnyada c\u00fcda.<br \/>\nRuhumun senden, ilahi, \u015fudur ancak emeli:<br \/>\nDe\u011fmesin mabedimin g\u00f6\u011fs\u00fcne namahrem eli.<br \/>\nBu ezanlar-ki \u015fahadetleri dinin temeli,<br \/>\nEbedi yurdumun \u00fcst\u00fcnde benim inlemeli.<br \/>\nO zaman vecd ile bin secde eder -varsa- ta\u015f\u0131m,<br \/>\nHer cerihamdan, ilahi, bo\u015fan\u0131p kanl\u0131 ya\u015f\u0131m,<br \/>\nF\u0131\u015fk\u0131r\u0131r ruh-i m\u00fccerred gibi yerden na&#8217;\u015f\u0131m;<br \/>\nO zaman y\u00fckselerek arsa de\u011fer belki ba\u015f\u0131m.<br \/>\nDalgalan sen de \u015fafaklar gibi ey \u015fanl\u0131 hilal!<br \/>\nOlsun art\u0131k d\u00f6k\u00fclen kanlar\u0131m\u0131n hepsi helal.<br \/>\nEbediyen sana yok, \u0131rk\u0131ma yok izmihlal:<br \/>\nHakk\u0131d\u0131r, h\u00fcr ya\u015fam\u0131\u015f, bayra\u011f\u0131m\u0131n h\u00fcrriyet;<br \/>\nHakk\u0131d\u0131r, hakk&#8217;a tapan, milletimin istiklal!<br \/>\n                                              Mehmet Akif Ersoy<br \/>\n&#8212;<\/p>\n<p><strong>\u0130stiklal Mar\u015f\u0131m\u0131z \u00fczerine<\/strong><br \/>\n17 Mart 2018<br \/>\nSevgili okurlar\u0131m, T\u00fcrkiye ilgin\u00e7 bir \u00fclke oldu! D\u00fcnya liderimiz her konuda konu\u015fuyor, g\u00f6r\u00fc\u015flerini dile getiriyor.<br \/>\nH\u00fck\u00fcmetin karar vermesi gereken ne varsa \u00f6ncelik al\u0131p fikirlerini beyan ediyor ve bunlar an\u0131nda yerine getiriliyor!<br \/>\nB\u00f6yle bir y\u00f6netim bi\u00e7imini hi\u00e7 g\u00f6rmemi\u015f ve duymam\u0131\u015ft\u0131k.<br \/>\nD\u00fcnya liderimizin k\u00fcrs\u00fclerde hayk\u0131rd\u0131\u011f\u0131 konu\u015fma metinleri, dan\u0131\u015fmanlar\u0131 taraf\u0131ndan haz\u0131rlan\u0131yor ve ona da okumak d\u00fc\u015f\u00fcyor.<br \/>\nAnlad\u0131\u011f\u0131m kadar\u0131yla bu dan\u0131\u015fmanlar sarayda kafa kafaya verip tart\u0131\u015f\u0131yor:<br \/>\n\u201cYar\u0131n ne s\u00f6yletelim ki olay yaratal\u0131m, man\u015fetlerde yerimizi alal\u0131m!..\u201d<br \/>\nD\u00fcnya liderimiz de onlar\u0131n haz\u0131rlad\u0131\u011f\u0131 metinleri okuyup her g\u00fcn, her saat ve her dakika kar\u015f\u0131m\u0131za \u00e7\u0131k\u0131yor!<br \/>\n* * *<br \/>\nSon olarak iki \u015fey s\u00f6yledi:<br \/>\n\u2013 \u0130stiklal Mar\u015f\u0131&#8217;n\u0131n bestesi iyi de\u011fildir, de\u011fi\u015ftirilsin!<br \/>\n\u2013 Afrin i\u00e7in mar\u015f d\u00fczenlensin!<br \/>\nO beste ger\u00e7ekten iyi de\u011fildir ama \u00e7ok uzun y\u0131llardan beri ezberlemi\u015fiz, okuyoruz. (Osman Zeki \u00dcng\u00f6r&#8217;\u00fcn 1930 y\u0131l\u0131nda kabul edilen bestesi.) \u015eimdi yeni beste yap\u0131l\u0131rsa bunu 80 milyon insan\u0131m\u0131za nas\u0131l \u00f6\u011fretecek, nas\u0131l okutacaks\u0131n\u0131z?<br \/>\nAfrin i\u00e7in mar\u015f, ya da t\u00fcrk\u00fc d\u00fczenlenmesine gelince, Orhan Gencebay vesaire gibiler bu i\u015fe zaten soyunmu\u015f, yeni eserimiz yak\u0131nda piyasaya sunulacakm\u0131\u015f! Ama \u015funu iyi bilsinler, her mar\u015f tutmaz. Hele \u00f6zel sipari\u015fle haz\u0131rlanan zorlama mar\u015flar hi\u00e7 tutmaz. Yak\u0131n ge\u00e7mi\u015fimizde bunun nice \u00f6rnekleri var.<br \/>\n* * *<br \/>\n\u0130stiklal Mar\u015f\u0131m\u0131z birka\u00e7 g\u00fcn \u00f6nce g\u00fcndeme yeniden gelince, yani f\u0131rsat bulmu\u015fken, size bu olay\u0131n \u00f6yk\u00fcs\u00fcn\u00fc k\u0131saca anlatay\u0131m dedim.<br \/>\n\u015eimdi biraz gerilere, 1921 y\u0131l\u0131na d\u00f6nelim. 23 Nisan 1920 g\u00fcn\u00fc Meclis a\u00e7\u0131lm\u0131\u015f, \u0130stiklal Harbi ba\u015flam\u0131\u015f. Ordular\u0131m\u0131z, Anadolu&#8217;yu i\u015fgal edenlerle sava\u015f\u0131yor. Yunan ordusu Ankara yak\u0131nlar\u0131na kadar ilerlemi\u015f. Meclis Ba\u015fkan\u0131 Mustafa Kemal Pa\u015fa.<br \/>\nMeclis bu duyarl\u0131 ortamda, yeni kurulan T\u00fcrk Devleti i\u00e7in bir \u0130stiklal Mar\u015f\u0131 haz\u0131rlatmak istiyor. 1920 y\u0131l\u0131 sonlar\u0131nda bu ama\u00e7la bir \u015fiir yar\u0131\u015fmas\u0131 a\u00e7\u0131l\u0131yor ve kat\u0131l\u0131mc\u0131lara 6 ay s\u00fcre veriliyor.<br \/>\nYar\u0131\u015fmaya bu s\u00fcre i\u00e7erisinde tam 724 \u015fiir g\u00f6nderiliyor. O zamanki ad\u0131 Maarif Vekaleti olan Milli E\u011fitim Bakanl\u0131\u011f\u0131, bu \u015fiirleri de\u011ferlendirmek i\u00e7in komisyon kuruyor.<br \/>\nO d\u00f6nemin T\u00fcrkiye&#8217;sinde b\u00f6yle bir yar\u0131\u015fma d\u00fczenleyeceksiniz, bunu ileti\u015fim olanaklar\u0131n\u0131n neredeyse s\u0131f\u0131r oldu\u011fu bir \u00fclkede herkese duyuracaks\u0131n\u0131z ve 724 \u015fiir yar\u0131\u015fmaya kat\u0131lacak, zor i\u015ftir.<br \/>\n* * *<br \/>\nBu \u015fiirler tek tek inceleniyor, i\u00e7lerinden alt\u0131 \u015fiir elemeyi ge\u00e7ip Meclis Matbaas\u0131 taraf\u0131ndan bast\u0131r\u0131l\u0131p milletvekillerine da\u011f\u0131t\u0131l\u0131yor.<br \/>\nAyr\u0131ca kazanan \u015fiir i\u00e7in 500 lira \u00f6d\u00fcl var. O zaman i\u00e7in \u00e7ok b\u00fcy\u00fck bir para.<br \/>\nO s\u0131rada Maarif Vekili olan Hamdullah Suphi (Tanr\u0131\u00f6ver), Ankara&#8217;da ya\u015fayan ve ayn\u0131 zamanda milletvekili olan \u00fcnl\u00fc \u015fairimiz Mehmet Akif (Ersoy)&#8217;dan ayr\u0131ca bir \u015fiir istiyor.<br \/>\nElemeyi kazanan \u015fiirler be\u011fenilmemi\u015f miydi, yoksa ba\u015fka bir nedeni mi vard\u0131?<br \/>\n* * *<br \/>\nBunun \u00fczerine Mehmet Akif (Ersoy) \u201cBen mebusum (milletvekiliyim), m\u00fcsabakaya kat\u0131lmam ama bir \u015fiir yaz\u0131p size veririm\u201d diyor.<br \/>\nEvinde yazmaya ba\u015fl\u0131yor ve \u201cKahraman ordumuza\u201d ithaf etti\u011fi \u015fiiri bitirdi\u011finde, Maarif Vekaleti&#8217;ne teslim ediyor.<br \/>\nYar\u0131\u015fma sonu\u00e7lan\u0131yor. Kazanan Mehmet Akif&#8217;in \u015fiiri Meclis k\u00fcrs\u00fcs\u00fcnden Maarif Vekili Hamdullah Suphi (Tanr\u0131\u00f6ver) Bey taraf\u0131ndan b\u00fcy\u00fck bir co\u015fkuyla okunuyor.<br \/>\nB\u00fcy\u00fck tezah\u00fcrat ve alk\u0131\u015flar aras\u0131nda ve oybirli\u011fi ile \u0130stiklal Mar\u015f\u0131 olarak kabul ediliyor.<br \/>\nG\u00fcnlerden 12 Mart 1921 idi\u2026<br \/>\n* * *<br \/>\n\u0130stiklal Mar\u015f\u0131 \u015fiiri kabul edildikten hemen sonra k\u00fcrs\u00fcden bir kez daha okunuyor ve b\u00fct\u00fcn milletvekilleri bu kez ayakta dinliyor.<br \/>\nMeclis yetkilileri birka\u00e7 g\u00fcn sonra Mehmet Akif Bey&#8217;e 500 liral\u0131k para \u00f6d\u00fcl\u00fcn\u00fc vermeye geliyorlar. Almay\u0131 reddediyor.<br \/>\n\u201cBen m\u00fcsabakaya girmedim. Bu para benim hakk\u0131m de\u011fildir\u201d diyor. (Bug\u00fcnk\u00fc ars\u0131zlar\u0131n h\u0131rs\u0131zlar\u0131n kulaklar\u0131 \u00e7\u0131nlas\u0131n!)<br \/>\nMeclis yetkilileri \u0131srar ediyorlar\u2026 \u201cBu paray\u0131 kasam\u0131zda tutamay\u0131z. Siz al\u0131n, isterseniz bir yere ba\u011f\u0131\u015flay\u0131n\u201d diyorlar.<br \/>\nBunun \u00fczerine paray\u0131 hastanede yatmakta olan yaral\u0131 gazilerimize ba\u011f\u0131\u015fl\u0131yor.<br \/>\n* * *<br \/>\nSevgili okurlar\u0131m, \u015fimdi sizlere bu yar\u0131\u015fmaya kat\u0131lan ve elemeyi kazanan alt\u0131 \u015fiirden birini iletece\u011fim.<br \/>\nO \u015fiirleri hi\u00e7bir yerde bulamazs\u0131n\u0131z. Hepsi de unutulup gitmi\u015ftir.<br \/>\nBunlar\u0131, o d\u00f6nemde Meclis&#8217;te memur olarak \u00e7al\u0131\u015fmakta olan yazar Mahir \u0130z&#8217;in 1975 y\u0131l\u0131nda bas\u0131lan \u201cY\u0131llar\u0131n \u0130zi\u201d isimli kitab\u0131n\u0131 okurken buldum.<br \/>\n* * *<br \/>\n\u0130\u015fte yak\u0131n tarihimize \u0131\u015f\u0131k tutacak o \u015fiirlerden biri. Yar\u0131\u015fmaya Ankara&#8217;dan A.S.&#8217;nin g\u00f6nderdi\u011fi \u201c\u0130stiklal T\u00fcrk\u00fcs\u00fc\u201d ba\u015fl\u0131kl\u0131 \u015fiir: (Rumuzla kat\u0131lm\u0131\u015f.)<br \/>\n\u201cMillet a\u015fk\u0131, din a\u015fk\u0131, vatan a\u015fk\u0131 uyans\u0131n\/ Yurduma g\u00f6z dikenler al kanlara boyans\u0131n\/ Ya ben, ya onlar diyen silah\u0131na dayans\u0131n\/ T\u00fcrk o\u011fludur bu millet\/ T\u00fcrk&#8217;\u00fcnd\u00fcr bu memleket.<br \/>\nD\u00fc\u015fman g\u00f6z\u00fc tutamaz, yanar da\u011flar ba\u015f\u0131n\u0131\/ Ba\u011fr\u0131m\u0131zda saklar\u0131z vatan\u0131n her ta\u015f\u0131n\u0131\/ Yurdumuza yan bakan d\u00f6ker g\u00f6z ya\u015f\u0131n\u0131\/ T\u00fcrk o\u011fludur bu millet\/ T\u00fcrk&#8217;\u00fcnd\u00fcr bu memleket.<br \/>\nCan veririz her zaman h\u00fcrriyetin yoluna\/ Ya gazi ya \u015fehitlik, ne devlettir kuluna\/ Ata emanet etmi\u015f namusunu o\u011fluna\/ Bize T\u00fcrk o\u011flu T\u00fcrk derler\/ Hep bizimdir bu yerler.\u201d<br \/>\n\u00c7ok g\u00fcncel bir olay \u00e7\u0131kmad\u0131\u011f\u0131 takdirde, yar\u0131nki yaz\u0131mda size, 1921 y\u0131l\u0131nda sonu\u00e7lanan \u0130stiklal Mar\u015f\u0131 yar\u0131\u015fmas\u0131na kat\u0131lan, elemeyi ge\u00e7meyi ba\u015faran, ancak \u00e7o\u011fu amat\u00f6rce yaz\u0131lm\u0131\u015f di\u011fer be\u015f \u015fiiri de iletece\u011fim.<br \/>\n* * *<br \/>\nMehmet Akif Ersoy hakk\u0131nda k\u0131sac\u0131k bilgi: Veteriner hekim. 1873&#8217;de do\u011fdu, 1936&#8217;da vefat etti. 1920 y\u0131l\u0131nda ilk Meclis&#8217;te Burdur milletvekili. Vaiz, haf\u0131z, Kur&#8217;an&#8217;\u0131 T\u00fcrk\u00e7eye \u00e7eviren. Ama yobaz ve din t\u00fcccar\u0131 de\u011fil.<br \/>\n\u0130stiklal Mar\u015f\u0131&#8217;nda \u201cT\u00fcrk\u201d s\u00f6z\u00fcn\u00fc kullanmam\u0131\u015ft\u0131r. \u201cT\u00fcrk Milleti\u201d de yoktur. \u0130ki ayr\u0131 yerde \u201cIrk\u0131m\u201d denilir.<br \/>\nUnutmayal\u0131m, bu \u015fiir yaz\u0131ld\u0131\u011f\u0131 ve \u0130stiklal Mar\u015f\u0131 olarak kabul edildi\u011fi d\u00f6nemde ne Sakarya zaferi kazan\u0131lm\u0131\u015ft\u0131, ne de 30 A\u011fustos zaferi.<br \/>\nDaha sonra yazm\u0131\u015f olsayd\u0131, Mehmet Akif belki de \u201cT\u00fcrk\u201d diyecekti.<\/p>\n<p>https:\/\/www.sozcu.com.tr\/2018\/yazarlar\/emin-colasan\/istiklal-marsimiz-uzerine-2293231\/?utm_source=yazarlar&#038;utm_campaign=diger_yazilar&#038;utm_medium=diger<\/p>\n<p><strong>Di\u011fer \u0130stiklal Mar\u015f\u0131 \u015fiirleri<\/strong><br \/>\n18 Mart 2018<br \/>\nSevgili okurlar\u0131m, d\u00fcnk\u00fc yaz\u0131mda sizlere 1920 y\u0131l\u0131nda a\u00e7\u0131lan \u0130stiklal Mar\u015f\u0131 yar\u0131\u015fmas\u0131na kat\u0131lan 724 \u015fiir aras\u0131ndan \u201cFinale kalan\u201d  alt\u0131 \u015fiirden s\u00f6z etmi\u015f ve birini kullanm\u0131\u015ft\u0131m.<br \/>\nBu \u015fiirleri bug\u00fcn kolayca bulman\u0131z m\u00fcmk\u00fcn de\u011fil. O g\u00fcnlerden kalan tarihi bir belge olarak a\u00e7\u0131kl\u0131yorum. (D\u00fcnk\u00fc yaz\u0131m\u0131 okumad\u0131ysan\u0131z, okuman\u0131z\u0131 \u00f6neriyorum.)<br \/>\nBaz\u0131lar\u0131nda bol miktarda kullan\u0131lan Arap\u00e7a-Fars\u00e7a s\u00f6zc\u00fckler dikkatinizi \u00e7ekecektir.<br \/>\n\u00c7o\u011funun ise o g\u00fcn\u00fcn ko\u015fullar\u0131nda nas\u0131l amat\u00f6rce yaz\u0131lm\u0131\u015f oldu\u011funu g\u00f6receksiniz.<br \/>\n* * *<br \/>\nH\u00fcseyin Suat Bey&#8217;in \u015fiiri:<br \/>\n\u201cT\u00fcrk&#8217;\u00fcn evvelce b\u00fcy\u00fck bir pederi\/ \u00c7ekti sanca\u011fa hilal-i seferi\/ Kan\u0131m\u0131zla boyad\u0131k bahr-\u00fc berri\/ B\u00f6yle ald\u0131k bu g\u00fczel \u00fclkeleri \/ \u0130leri, ar\u015f ileri, ar\u015f ileri\/ Geri kals\u0131n vatan\u0131n kahpeleri.<br \/>\nSeni ihya i\u00e7in ey nam\u0131 b\u00fcy\u00fck\/ Vatan\u0131m u\u011fruna \u00f6ld\u00fck, \u00f6ld\u00fck\/ Ne b\u00fcy\u00fck kald\u0131 bu yolda ne k\u00fc\u00e7\u00fck\/ Siper oldu sana da\u011flar gibi T\u00fcrk. \/Y\u00fcr\u00fc, ey milletin efrad\u0131 y\u00fcr\u00fc\/ Ak s\u00fct emmi\u015f vatan evlad\u0131 y\u00fcr\u00fc.<br \/>\nVatan evlad\u0131n\u0131 kurban edeli\/ Milletin h\u00fcr ya\u015famakt\u0131r emeli\/ Veremez kimseye bir \u00c7aml\u0131bel&#8217;i\/ Ba\u011flan\u0131r m\u0131 acaba T\u00fcrk&#8217;\u00fcn eli. \/\u0130leri, ar\u015f ileri, ar\u015f ileri\/ \u00c7i\u011fnenir \u00e7\u00fcnk\u00fc kalan yolda geri.\u201d<br \/>\n* * *<br \/>\nMatbuat M\u00fcd\u00fcriyet-i Umumiyesi muharrirlerinden (Bas\u0131n Genel M\u00fcd\u00fcrl\u00fc\u011f\u00fc yazarlar\u0131ndan) Kemalettin K\u00e2mi Bey&#8217;in \u201c\u0130stiklal Mar\u015f\u0131\u201d ba\u015fl\u0131kl\u0131 uzun \u015fiirinin ilk k\u0131talar\u0131:<br \/>\n\u201cG\u00f6z ya\u015f\u0131na veda et\/ Ey g\u00fczel Anadolu\/ Hakk\u0131n\u0131 korur elbet\/ T\u00fcrk&#8217;\u00fcn b\u00fck\u00fclmez kolu.<br \/>\nCenk ederiz gen\u00e7, koca\/ Bug\u00fcn de\u011fil yar\u0131n da\/ Yad\u0131m\u0131z a\u011flad\u0131k\u00e7a \u0130zmir ezanlar\u0131nda\/ Hak yolunda kan olur\/ D\u00fcnyalara ta\u015far\u0131z\/ Ya \u015ferefle vurulur\/ Ya efendi ya\u015far\u0131z.<br \/>\nHer g\u00fcn yeni bir hile arkas\u0131nda sat\u0131ld\u0131k\/ Her g\u00fcn yeni bir dille yurdumuzdan at\u0131ld\u0131k. \/Yeter ey K\u00e2bemizi elimizden alanlar\/ Al\u0131koyamaz bizi yolumuzdan yalanlar.\u201d<br \/>\n* * *<br \/>\nMerzifon \u0130dadisi Muallimi (Merzifon Lisesi \u00d6\u011fretmeni) \u0130skender Haki Bey&#8217;in \u015fiiri:<br \/>\n\u201cEy M\u00fcsl\u00fcman, ey T\u00fcrko\u011flu\/ A\u00e7\u0131ld\u0131 \u0130stiklal yolu\/ Benim bu son g\u00fcnlerimdir diyor size Anadolu \/ \u00c7ek sanca\u011f\u0131 T\u00fcrk ordusu\/ Olmaz T\u00fcrk\u00fcn can korkusu\/<br \/>\nEsarete dayan\u0131r m\u0131\/ T\u00fcrk vatan\u0131, T\u00fcrk namusu\/ Bu son sava\u015f bize farzd\u0131r\/ F\u0131rsat\u0131m\u0131z gayet azd\u0131r.<br \/>\nMuzaffer ol da ey millet\/ Alt\u0131n ile tarih yazd\u0131r\/ Birle\u015felim \u00f6z\u00fcm\u00fczden\/ D\u00f6nmeyelim s\u00f6z\u00fcm\u00fczden\/ Hem silelim bu lekeyi\/ Tarihteki y\u00fcz\u00fcm\u00fczden.\u201d<br \/>\n* * *<br \/>\nYar\u0131\u015fmaya sadece \u2018\u2018M&#8220; rumuzuyla kat\u0131lan ve finale kalan birinin \u015fiiri:<br \/>\n\u201cAlt\u0131 bin y\u0131l efendilik yapt\u0131n\/ Kahraman T\u00fcrk idi cihanda ad\u0131n\/ Bir ate\u015ften siperdin \u0130slama\/ S\u00f6nmeyen bir g\u00fcne\u015f gibi ya\u015fad\u0131n.<br \/>\nEy b\u00fcy\u00fck \u00fcnl\u00fc milletim ileri\/ Hasm\u0131na \u00e7i\u011fnetme ko\u015f bu \u015fanl\u0131 yeri\/ D\u00fc\u015fman\u0131n bir cihansa dostun Hak\/ Hakk\u0131n elbette m\u00fcstakil ya\u015famak.<br \/>\nAt\u0131l, ez, vur, senindir istiklal\/ Ebedi parlas\u0131n \u015fu al bayrak\/ Ey benim \u015fanl\u0131 milletim ileri\/ Ele \u00e7i\u011fnetme ko\u015f bu \u00fclkeleri.\u201d<br \/>\n* * *<br \/>\nMehmet Muhsin Bey&#8217;in \u015fiiri:<br \/>\n\u201cY\u0131llarca alt\u0131 cephede ate\u015fle kanlara\/ T\u00fcrk\u00fcn hilal-\u00fc dinine d\u00fc\u015fman olanlara\/ Ceddin o, y\u0131ld\u0131r\u0131m gibi sald\u0131n zaman zaman\/ Y\u00fcksek ba\u015f\u0131n e\u011filmedi bir an cihanlara.<br \/>\nEy kahramanlar ordusu, ey y\u0131ld\u0131r\u0131m-\u015fitab\/ G\u00f6ster cihan-\u0131 ma\u011fribe bir kanl\u0131 ink\u0131l\u00e2p.<br \/>\nEy mazi-i havariki bin dasitan olan\/ Garb\u0131n zalam-\u0131 zulm\u00fcne y\u00fcz y\u0131l k\u0131l\u0131n\u00e7 salan\/ Arslan y\u00fcrekli ordu demir giy, silah ku\u015fan\/ Zira hududu kaplad\u0131 ate\u015fle kan duman.<br \/>\nArslan m\u00fccahit ordusu, ey haris-i salah\/ Destinde seyf-i hak gibi bin \u015fanl\u0131 bir silah\/ A\u00e7t\u0131n sema-y\u0131 millete p\u00fcr nur bir sabah\/ Ati bizim, bizim art\u0131k vatan, zafer, felah.<br \/>\nEy kahramanlar ordusu, ey y\u0131ld\u0131r\u0131m \u015fitab\/ G\u00f6ster cihan-\u0131 ma\u011fribe bir \u015fanl\u0131 ink\u0131l\u00e2p.\u201d<br \/>\n* * *<br \/>\nSevgili okurlar\u0131m, iki g\u00fcnden beri sizlere \u0130stiklal Mar\u015f\u0131 yar\u0131\u015fmas\u0131na kat\u0131lan ve \u201cFinale kalan\u201d  \u015fiirleri aktar\u0131yorum.<br \/>\nHepsi de o g\u00fcnk\u00fc sava\u015f ko\u015fullar\u0131nda ve ba\u011f\u0131ms\u0131zl\u0131k m\u00fccadelesinde vatan sevgisi, co\u015fku ve iyi niyetle yaz\u0131lm\u0131\u015f, ancak biraz amat\u00f6rce \u015fiirler.<br \/>\nBaz\u0131lar\u0131nda bol miktarda Arap\u00e7a-Fars\u00e7a s\u00f6zc\u00fckler var.<br \/>\nBunlar yar\u0131\u015fmada sona kalmay\u0131 ba\u015farm\u0131\u015f ama bir \u201c\u0130stiklal Mar\u015f\u0131\u201d i\u00e7in yeterli olduklar\u0131n\u0131 s\u00f6ylemek m\u00fcmk\u00fcn de\u011fil.<br \/>\n* * *<br \/>\nHerhalde sizler de g\u00f6rd\u00fcn\u00fcz ki, her ko\u015fulda en iyisi Mehmet Akif Ersoy taraf\u0131ndan  yaz\u0131lan ve 12 mart 1921 g\u00fcn\u00fc Meclis taraf\u0131ndan oybirli\u011fi ile kabul edilen \u0130stiklal Mar\u015f\u0131m\u0131z.<br \/>\n\u201cKorkma, s\u00f6nmez bu \u015fafaklarda y\u00fczen al sancak\u2026\u201d<br \/>\nMeclis, yar\u0131\u015fmaya kat\u0131lan \u015fiirler aras\u0131nda galiba en iyi se\u00e7imi yapm\u0131\u015f.<br \/>\nBestesi iyi de\u011filmi\u015f, de\u011fi\u015ftirilmesi gerekirmi\u015f falan filan!.. Bu gibi fasa fiso l\u00e2flara kulak asmay\u0131n\u2026<br \/>\nBeste iyi olmasa bile bu saatten sonra neyi de\u011fi\u015ftireceksin beyefendi, 80 milyon insan\u0131m\u0131za yeni besteyi nas\u0131l \u00f6\u011fretip okutacaks\u0131n?<br \/>\n\u015eimdi Afrin mar\u015f\u0131 haz\u0131rlamaya soyunan Orhan Gencebay vesaire gibilerin d\u00fc\u011f\u00fcn salonlar\u0131nda \u00e7al\u0131n\u0131p s\u00f6ylenen arabesk bestesi mi bu?<\/p>\n<p>https:\/\/www.sozcu.com.tr\/2018\/yazarlar\/emin-colasan\/diger-istiklal-marsi-siirleri-2294845\/?utm_source=yazarlar&#038;utm_campaign=diger_yazilar&#038;utm_medium=diger<\/p>\n","protected":false},"excerpt":{"rendered":"<p>\u00c7ok \u00f6nemli, S\u00f6zc\u00fc gazetesinden tesad\u00fcfen okuyan varsa yetkililere iletilmek \u00fczere Arkada\u015flar, sevgili yazarlar, de\u011ferli insanlar\u2026 Sizlerden bir ricam olacak\u2026 L\u00fctfen, m\u00fcmk\u00fcnse hani hepiniz ayn\u0131 g\u00fcn ayn\u0131 g\u00fcndemle kaleme sar\u0131lmay\u0131n. Pazar g\u00fcnleri Avrupa\u2019da yay\u0131n yok, gazete \u00e7\u0131km\u0131yor. Bir ay\u0131pt\u0131r bence bir ay\u0131p. Ancak sizlerde h\u00e2klisiniz ay\u0131b\u0131n b\u00fcy\u00fc\u011f\u00fc bizde \u00e7\u00fcnk\u00fc okumuyoruz ki! Okuyanlar\u0131n\u0131z\u0131n hat\u0131r\u0131na\u2026 G\u00f6r\u00fc\u015f farkl\u0131l\u0131klar\u0131 olsa &hellip; <\/p>\n<p class=\"link-more\"><a href=\"http:\/\/wordpress.gurbuz.net\/?p=7516\" class=\"more-link\"><span class=\"screen-reader-text\">\u201eTepemi att\u0131rd\u0131lar yine\u201c<\/span> weiterlesen<\/a><\/p>\n","protected":false},"author":1,"featured_media":0,"comment_status":"open","ping_status":"open","sticky":false,"template":"","format":"standard","meta":[],"categories":[1],"tags":[],"_links":{"self":[{"href":"http:\/\/wordpress.gurbuz.net\/index.php?rest_route=\/wp\/v2\/posts\/7516"}],"collection":[{"href":"http:\/\/wordpress.gurbuz.net\/index.php?rest_route=\/wp\/v2\/posts"}],"about":[{"href":"http:\/\/wordpress.gurbuz.net\/index.php?rest_route=\/wp\/v2\/types\/post"}],"author":[{"embeddable":true,"href":"http:\/\/wordpress.gurbuz.net\/index.php?rest_route=\/wp\/v2\/users\/1"}],"replies":[{"embeddable":true,"href":"http:\/\/wordpress.gurbuz.net\/index.php?rest_route=%2Fwp%2Fv2%2Fcomments&post=7516"}],"version-history":[{"count":1,"href":"http:\/\/wordpress.gurbuz.net\/index.php?rest_route=\/wp\/v2\/posts\/7516\/revisions"}],"predecessor-version":[{"id":7517,"href":"http:\/\/wordpress.gurbuz.net\/index.php?rest_route=\/wp\/v2\/posts\/7516\/revisions\/7517"}],"wp:attachment":[{"href":"http:\/\/wordpress.gurbuz.net\/index.php?rest_route=%2Fwp%2Fv2%2Fmedia&parent=7516"}],"wp:term":[{"taxonomy":"category","embeddable":true,"href":"http:\/\/wordpress.gurbuz.net\/index.php?rest_route=%2Fwp%2Fv2%2Fcategories&post=7516"},{"taxonomy":"post_tag","embeddable":true,"href":"http:\/\/wordpress.gurbuz.net\/index.php?rest_route=%2Fwp%2Fv2%2Ftags&post=7516"}],"curies":[{"name":"wp","href":"https:\/\/api.w.org\/{rel}","templated":true}]}}