{"id":7492,"date":"2018-03-17T12:08:16","date_gmt":"2018-03-17T12:08:16","guid":{"rendered":"http:\/\/wordpress.gurbuz.net\/?p=7492"},"modified":"2018-03-17T12:08:16","modified_gmt":"2018-03-17T12:08:16","slug":"ugur-beyi-mutlaka-okumalisiniz-mutlaka","status":"publish","type":"post","link":"http:\/\/wordpress.gurbuz.net\/?p=7492","title":{"rendered":"U\u011fur Beyi, MUTLAKA okumal\u0131s\u0131n\u0131z MUTLAKA"},"content":{"rendered":"<p>\u00dc\u00e7 \u00e7ocuk, be\u015f \u00e7ocuk\u2026<br \/>\nSal soka\u011fa, Tayyip\u2019e oy, dinciye malzeme(!)<br \/>\n&#8212;<br \/>\n<strong>Marketlerde bebek mamas\u0131 h\u0131rs\u0131zl\u0131\u011f\u0131 ni\u00e7in art\u0131yor?..<\/strong><br \/>\n16 Mart 2018<br \/>\n\u00d6nceki g\u00fcn \u00fcnl\u00fc bir marketler zincirinde \u00fcst d\u00fczey y\u00f6netici olan dostumla konu\u015furken, s\u00f6z d\u00f6nd\u00fc dola\u015ft\u0131 \u00fcr\u00fcn h\u0131rs\u0131zl\u0131klar\u0131na geldi. Me\u011fer son d\u00f6nemde en \u00e7ok \u00e7al\u0131nan \u00fcr\u00fcnlerin ba\u015f\u0131nda \u00e7ocuk mamalar\u0131 geliyormu\u015f!..<br \/>\nNedenini sordum. \u201cHem b\u00fcy\u00fck boyutlara varan i\u015fsizlik, hem de bilin\u00e7siz toplum kesimlerinde do\u011fum oranlar\u0131n\u0131n artmas\u0131\u201d dedikten sonra, y\u00fcrek yakan bir \u00f6rnek verdi:<br \/>\n\u201cK\u0131sa s\u00fcre \u00f6nce kuca\u011f\u0131nda alt\u0131 ayl\u0131k bebe\u011fiyle 2 paket mama \u00e7alan bir kad\u0131n yakalad\u0131k. A\u011flayarak e\u015finin i\u015fsiz, \u00fcstelik ileri derecede kanser hastas\u0131 oldu\u011funu s\u00f6yledi. Anlatt\u0131klar\u0131na bak\u0131l\u0131rsa, ikiz k\u00fc\u00e7\u00fck \u00e7ocuklar\u0131 daha varm\u0131\u015f. Onlara evlerde temizlik i\u015fleri yaparak bak\u0131yormu\u015f. Ancak kocas\u0131 yata\u011fa mahkum olunca, temizli\u011fe de gidemez olmu\u015f!.. \u00c7almasa saatlerdir besleyemedi\u011fi bebe\u011finin \u00f6lmesinden korkmu\u015f!..\u201d<br \/>\nPolis \u00e7a\u011f\u0131r\u0131p, i\u015flem yapt\u0131rmaya haz\u0131rlan\u0131yorduk ki, akl\u0131ma s\u00f6ylediklerini soru\u015fturmak geldi. \u00c7\u00fcnk\u00fc baz\u0131 h\u0131rs\u0131zlar\u0131n mamalar\u0131 d\u0131\u015far\u0131da satmak i\u00e7in \u00e7ald\u0131klar\u0131n\u0131 biliyoruz. Arkada\u015flardan birini g\u00f6revlendirerek kad\u0131n\u0131n verdi\u011fi adrese gidip bakmas\u0131n\u0131 s\u00f6yledim. Bir saat sonra d\u00f6nd\u00fc\u011f\u00fcnde, a\u011flamamak i\u00e7in kendini zor tutar haldeydi. Varo\u015ftaki evde tam bir sefalet tablosuyla kar\u015f\u0131la\u015fm\u0131\u015f. \u00dcstelik hasta adamca\u011f\u0131z yata\u011f\u0131nda inim inim inliyormu\u015f.<br \/>\nKad\u0131n\u0131 polise teslim etmek yerine, \u201cba\u015f\u0131m\u0131z\u0131n g\u00f6z\u00fcm\u00fcz\u00fcn sadakas\u0131 olsun\u201d diyerek, \u00e7ocuk mamalar\u0131 ve di\u011fer ihtiya\u00e7 malzemeleriyle dolu bir koliyle evine g\u00f6nderdik.<br \/>\nBunu yaparken bir daha b\u00f6yle bir davran\u0131\u015fa yeltenmemesini, cezas\u0131n\u0131n da 3 y\u0131la kadar hapis oldu\u011funu tembihlemeyi de ihmal etmedim!..\u201d<br \/>\n* * *<br \/>\nD\u00fcn sabah yaz\u0131 i\u00e7in bilgisayar\u0131m\u0131n elektronik posta kutusunu a\u00e7t\u0131\u011f\u0131mda CHP Ankara Milletvekili Levent G\u00f6k&#8217;\u00fcn Meclis&#8217;e verdi\u011fi yaz\u0131l\u0131 soru \u00f6nergesiyle kar\u015f\u0131la\u015ft\u0131m\u2026<br \/>\nG\u00f6k \u00f6nergesinde, son bir y\u0131lda bebek mamas\u0131 fiyatlar\u0131na y\u00fczde 70&#8217;e varan oranlarda zam yap\u0131ld\u0131\u011f\u0131n\u0131 belirterek, Ba\u015fbakan Binali Y\u0131ld\u0131r\u0131m&#8217;a \u015fu sorular\u0131 y\u00f6neltmi\u015f:<br \/>\n\u2013 Bebekler i\u00e7in hayati \u00f6nem ta\u015f\u0131yan mamalar neden Sosyal G\u00fcvenlik Kurumu&#8217;nun \u00f6deme kapsam\u0131na al\u0131nm\u0131yor?<br \/>\n\u2013 Bebek sahibi olan her ailenin \u00f6nemli gider kalemini olu\u015fturan mamalardaki y\u00fcksek fiyat art\u0131\u015flar\u0131 neden \u00f6nlenemiyor?<br \/>\n\u2013 Anne ve bebek sa\u011fl\u0131\u011f\u0131 i\u00e7in gerekli olan temel ila\u00e7 ve g\u0131dalar\u0131n hangileri Sosyal G\u00fcvenlik Kurumu taraf\u0131ndan \u00f6denmiyor?<br \/>\n\u2013 2014-2018 y\u0131llar\u0131 aras\u0131nda hayatlar\u0131n\u0131 kaybeden 0-7 ya\u015f aras\u0131 bebek ve \u00e7ocuklar\u0131n say\u0131s\u0131yla \u00f6l\u00fcm nedenlerini a\u00e7\u0131klar m\u0131s\u0131n\u0131z?..<br \/>\n* * *<br \/>\n\u00d6nerge vahim tabloyu g\u00f6zler \u00f6n\u00fcne seriyor:<br \/>\n\u0130\u015fsizli\u011fin dorukta bulundu\u011fu, hak\u00e7a payla\u015f\u0131m anlay\u0131\u015f\u0131n\u0131n yerlerde s\u00fcr\u00fcnd\u00fc\u011f\u00fc bir \u00fclkede \u201c\u00c7ok \u00e7ocuk yap\u0131n\u201d demek, hi\u00e7bir sorunu \u00e7\u00f6zmedi\u011fi gibi, mevcut sorunlar\u0131 i\u00e7inden \u00e7\u0131k\u0131lmaz hale getiriyor.<br \/>\n\u00c7ok \u015fey vaatten ibaret kal\u0131nca da, bebekler a\u00e7l\u0131ktan \u00f6lebiliyor!..<br \/>\nVe o bebekler ki, d\u00fcnyaya gelirken kendilerine hi\u00e7bir \u015fey sorulmuyor!..<\/p>\n","protected":false},"excerpt":{"rendered":"<p>\u00dc\u00e7 \u00e7ocuk, be\u015f \u00e7ocuk\u2026 Sal soka\u011fa, Tayyip\u2019e oy, dinciye malzeme(!) &#8212; Marketlerde bebek mamas\u0131 h\u0131rs\u0131zl\u0131\u011f\u0131 ni\u00e7in art\u0131yor?.. 16 Mart 2018 \u00d6nceki g\u00fcn \u00fcnl\u00fc bir marketler zincirinde \u00fcst d\u00fczey y\u00f6netici olan dostumla konu\u015furken, s\u00f6z d\u00f6nd\u00fc dola\u015ft\u0131 \u00fcr\u00fcn h\u0131rs\u0131zl\u0131klar\u0131na geldi. Me\u011fer son d\u00f6nemde en \u00e7ok \u00e7al\u0131nan \u00fcr\u00fcnlerin ba\u015f\u0131nda \u00e7ocuk mamalar\u0131 geliyormu\u015f!.. Nedenini sordum. \u201cHem b\u00fcy\u00fck boyutlara varan &hellip; <\/p>\n<p class=\"link-more\"><a href=\"http:\/\/wordpress.gurbuz.net\/?p=7492\" class=\"more-link\"><span class=\"screen-reader-text\">\u201eU\u011fur Beyi, MUTLAKA okumal\u0131s\u0131n\u0131z MUTLAKA\u201c<\/span> weiterlesen<\/a><\/p>\n","protected":false},"author":1,"featured_media":0,"comment_status":"open","ping_status":"open","sticky":false,"template":"","format":"standard","meta":[],"categories":[1],"tags":[],"_links":{"self":[{"href":"http:\/\/wordpress.gurbuz.net\/index.php?rest_route=\/wp\/v2\/posts\/7492"}],"collection":[{"href":"http:\/\/wordpress.gurbuz.net\/index.php?rest_route=\/wp\/v2\/posts"}],"about":[{"href":"http:\/\/wordpress.gurbuz.net\/index.php?rest_route=\/wp\/v2\/types\/post"}],"author":[{"embeddable":true,"href":"http:\/\/wordpress.gurbuz.net\/index.php?rest_route=\/wp\/v2\/users\/1"}],"replies":[{"embeddable":true,"href":"http:\/\/wordpress.gurbuz.net\/index.php?rest_route=%2Fwp%2Fv2%2Fcomments&post=7492"}],"version-history":[{"count":1,"href":"http:\/\/wordpress.gurbuz.net\/index.php?rest_route=\/wp\/v2\/posts\/7492\/revisions"}],"predecessor-version":[{"id":7493,"href":"http:\/\/wordpress.gurbuz.net\/index.php?rest_route=\/wp\/v2\/posts\/7492\/revisions\/7493"}],"wp:attachment":[{"href":"http:\/\/wordpress.gurbuz.net\/index.php?rest_route=%2Fwp%2Fv2%2Fmedia&parent=7492"}],"wp:term":[{"taxonomy":"category","embeddable":true,"href":"http:\/\/wordpress.gurbuz.net\/index.php?rest_route=%2Fwp%2Fv2%2Fcategories&post=7492"},{"taxonomy":"post_tag","embeddable":true,"href":"http:\/\/wordpress.gurbuz.net\/index.php?rest_route=%2Fwp%2Fv2%2Ftags&post=7492"}],"curies":[{"name":"wp","href":"https:\/\/api.w.org\/{rel}","templated":true}]}}