{"id":7341,"date":"2018-03-13T14:36:27","date_gmt":"2018-03-13T14:36:27","guid":{"rendered":"http:\/\/wordpress.gurbuz.net\/?p=7341"},"modified":"2018-03-16T07:18:26","modified_gmt":"2018-03-16T07:18:26","slug":"7341","status":"publish","type":"post","link":"http:\/\/wordpress.gurbuz.net\/?p=7341","title":{"rendered":""},"content":{"rendered":"<p><img src=\"http:\/\/www.gurbuz.net\/Turk\/13032018.PNG\" alt=\"\" \/><br \/>\n<a href=\"http:\/\/www.gurbuz.net\/Turk\/13032018.PNG\" target=\"_blank\" rel=\"noopener\">+<\/a><br \/>\n&#8230;<br \/>\n&#8230;<br \/>\n&#8230;<br \/>\nDedim ya ek bilgi vermeden olmuyor, olmayacak\u2026<br \/>\nD\u00fcnya \u00e7ap\u0131nda cinayetlere kurban gidenlerin %79 erkek. Ortalama 437 bin insan senede \u201csava\u015f d\u0131\u015f\u0131&#8220; nedenlerle katlediliyor. Hen\u00fcz konunun sosyolojik boyutlar\u0131na bakmak i\u00e7in \u00e7ok erken ama \u015fimdiden bu iki kavram\u0131 \u00f6z\u00fcmsemeniz \u00f6nemli. Ata ve Anaerkillik\u2026<br \/>\nLatin Amerika ba\u015fta olmak \u00fczere, \u0130talya ve tabii T\u00fcrkiye\u2019de kad\u0131n cinayetleri Feministler taraf\u0131ndan, bana g\u00f6re en az\u0131ndan &gt; bazen &lt; \u201ck\u00f6t\u00fcye\u201d kullan\u0131l\u0131yor. Almanlar\u0131n tutumu da yanl\u0131\u015f bence\u2026<br \/>\nOnlar ise her kad\u0131n cinayetini \u015fahsile\u015ftiriyor. Kan\u0131mca do\u011fru olan \u201cher olay\u201d kendi ba\u015f\u0131na de\u011ferlendirilmeli ve bu olay\u0131n alt\u0131nda yatan nedenler ayr\u0131\u015ft\u0131r\u0131lmal\u0131. \u015e\u00f6yle ki\u2026<br \/>\nOlay\u0131n ger\u00e7ekle\u015fmesinde \u015fahsi nedenler mi, mesela k\u0131skan\u00e7l\u0131k yoksa toplumsal bir sorun say\u0131lacak t\u00f6re, namus gibi gerek\u00e7eler y\u00fcz\u00fcnden mi bu cinayet i\u015flenmi\u015f\u2026<br \/>\nBirbirinden ayr\u0131lmal\u0131 ve ona g\u00f6re de\u011ferlendirilmelidir bence.<br \/>\n&#8230;<br \/>\n&#8230;<br \/>\n&#8230;<br \/>\nOlay cinayet mi\u2026<br \/>\nAile facias\u0131 m\u0131?<br \/>\nKad\u0131na y\u00f6nelik mi, bir insan\u0131n kad\u0131n oldu\u011fu i\u00e7in mi bu cinayet i\u015flendi yoksa \u015fahsi bir mesele mi?<br \/>\nBana g\u00f6re \u00e7o\u011fu zaman ikisinin de rol\u00fc var\u2026<br \/>\nKad\u0131na toplum taraf\u0131ndan bi\u00e7ilen de\u011fer, verilen \u00f6nem, kad\u0131n\u0131n\u2026<br \/>\nToplumsal bilin\u00e7te yerle\u015fmi\u015f olan rol\u00fc\u2026<br \/>\nBenimde mesela \u00e7ok kat\u0131 kurallar\u0131m vard\u0131r kad\u0131na y\u00f6nelik, \u00e7ok, olabildi\u011fince kat\u0131 AMA\u2026<br \/>\nAyn\u0131 zamanda bir o kadar \u00f6zg\u00fcrl\u00fck\u00e7\u00fc\u2026<br \/>\nYeti\u015fme, yeti\u015ftirilme, aile g\u00f6rg\u00fcs\u00fc, mahalle bask\u0131s\u0131 m\u0131 bu???<br \/>\nNe bu ne?<\/p>\n<p>Femizid\u2026<br \/>\nKavram\u0131, yetmi\u015fli y\u0131llarda, Feminist Diana Russell taraf\u0131ndan ortaya at\u0131lm\u0131\u015ft\u0131r. Femicide\u2026<br \/>\nKad\u0131n\u0131 kast ederken Homicide kelimesi n\u00f6tr cinsiyeti kast eder, yani cinsiyet i\u00e7ermez. Kasten \u00f6ld\u00fcrme anlam\u0131nda kullan\u0131l\u0131r.<br \/>\n&#8230;<br \/>\n&#8230;<br \/>\n&#8230;<br \/>\nO halde Russel Han\u0131m \u015funu mu s\u00f6ylemek istiyor\u2026<br \/>\nKad\u0131na y\u00f6nelik cinayetler ataerkilli\u011fin bir sonucu(mu)dur?!<br \/>\nBilinen\u2026<br \/>\nVe d\u00fcnyaca g\u00f6zlemlenen bir ger\u00e7ek olarak kar\u015f\u0131m\u0131za \u00e7\u0131kan olgu\u2026<br \/>\nKad\u0131n\u0131n\u2026<br \/>\nGittik\u00e7e ba\u011f\u0131ms\u0131zl\u0131\u011fa ermesi, \u00f6zellikle maddi a\u00e7\u0131dan erkekten ba\u011f\u0131ms\u0131z olmaya ba\u015flamas\u0131 kimi toplumlarda veya s\u00f6yle demi\u015f olal\u0131m toplumlar\u0131n kimi katmanlar\u0131nda ciddiye al\u0131nmas\u0131 gereken bir tehdit olarak g\u00f6r\u00fcl\u00fcyor ve bu \u201cba\u015fkald\u0131r\u0131lar\u0131n, ba\u011f\u0131ms\u0131zl\u0131k hareketlerinin\u201d bast\u0131r\u0131lmas\u0131, cezas\u0131 \u00f6l\u00fcm m\u00fc oluyor?<br \/>\n&#8230;<br \/>\n&#8230;<br \/>\n&#8230;<br \/>\nBildi\u011fim, irtifa kaybeden toplumlar yere \u00e7ak\u0131l\u0131r. \u00c7ok y\u00fcksek u\u00e7anlar\u0131 ise g\u00fcne\u015f kavurur\u2026<br \/>\n\u0130nan\u00e7 ve adalet insanlar\u0131 peki\u015ftirir\u2026<br \/>\nNe y\u00fcce dinimizin \u00f6\u011fretileri, \u00f6z\u00fc kald\u0131 ne adalet Tayyipistan da\u2026<br \/>\nKonumuz kad\u0131n ya\u2026<br \/>\nBilmem bilir misiniz?<br \/>\nArap\u2019lar, ah yok mu \u015fu eski insanlar\u2026<br \/>\nHani hep diyorum ya Arap medeniyeti, ne yaz\u0131k T\u00fcrk medeniyetinden s\u00f6z edemiyorum ki\u2026<br \/>\n\u0130ste bu insanlar bilincine varm\u0131\u015flar, bakm\u0131\u015flar, incelemi\u015fler bast\u0131klar\u0131 topraklar\u0131n de\u011ferini anlam\u0131\u015flar\u2026<br \/>\nG\u00f6rm\u00fc\u015fler bu topraklar nice medeniyet y\u00fcceltmi\u015fler, medeniyet karde\u015fim, dini inan\u00e7 demek\u2026<br \/>\nSalt Allah\u2019a iman demek de\u011fildir\u2026<br \/>\nAllah\u2019\u0131n yarat\u0131klar\u0131na, akla\u2026<br \/>\nSayg\u0131 demektir, bilime, k\u00fclt\u00fcre \u00f6nem vermek demekti\u2026<br \/>\nMesela musikiye, m\u00fczik i\u00e7in ruhun g\u0131das\u0131d\u0131r derler\u2026<br \/>\nNiye?<br \/>\nEvet, evet Arap ayak basm\u0131\u015f Avrupa\u2019ya\u2026<br \/>\nArap\u2026<br \/>\n\u00d6\u011fretmi\u015f bug\u00fcn ya\u015fad\u0131\u011f\u0131m\u0131z medeniyetin temel \u00f6gelerini Avrupal\u0131ya, Kordoba\u2019da\u2026<br \/>\n\u0130spanya, \u0130spanya..<br \/>\nDIKKAT\u2026<br \/>\nBuraya dikkat\u2026<br \/>\nBilimin yoktur milleti, kurmu\u015flar bilim yuvalar\u0131n\u0131 kurmu\u015flar koca koca k\u00fct\u00fcphaneyi\u2026<br \/>\n400 bin kitapl\u0131 bir muhte\u015femi\u2026<br \/>\nYine DIKKAT O zamanlar bilim tahmin ediyor b\u00fct\u00fcn Avrupa\u2019da bulunan kitap say\u0131s\u0131 400 bini bulmuyor\u2026<br \/>\nArap\u2026<br \/>\nBir k\u00fct\u00fcphanede toplam\u0131\u015f bu eserleri\u2026<br \/>\nDavet etmi\u015f her yerden bilim insanlar\u0131n\u0131, YAHUDILERI\u2026<br \/>\nMusevi bilim adamlar\u0131n\u0131\u2026<br \/>\n&gt;&gt;&gt; ### YINE DIKKAT ### &lt;&lt;&lt;<br \/>\nDemi\u015fler\u2026<br \/>\nLingua Franca\u2026<br \/>\nT\u00fcrk\u00e7esi Sabir\u2026<br \/>\nSenin anlayaca\u011f\u0131n dil ile\u2026<br \/>\nBILIMIN DILI, o zamanlar Arap\u00e7a\u2026<br \/>\nG\u00fcn\u00fcm\u00fcz\u00fcn \u0130ngilizcesi gibi\u2026<br \/>\nBirlikte terc\u00fcme etmi\u015fler bilimsel verileri Arap\u00e7adan Latinceye\u2026<br \/>\nVEEEEEEEEEEEEEEEEEEEEEEEEEEEEE\u2026<br \/>\nK\u00fct\u00fcphanecilerin \u00e7o\u011fu kad\u0131nm\u0131\u015f karde\u015fim, kad\u0131n\u2026<br \/>\n&#8230;<br \/>\n&#8230;<br \/>\n&#8230;<br \/>\nDur\u2026<br \/>\nDaha bitmedi, ya sen?<br \/>\nAnadolu\u2026<br \/>\nAnadolu\u2019da, O topraklarda ne medeniyetler y\u00fckseldi?<br \/>\nHititler mesela, bir zamanlar Ankara\u2019m\u0131z\u0131n amblemiydi, kald\u0131rd\u0131 dinciler\u2026<br \/>\nS\u00f6zde M\u00fcsl\u00fcmanlar\u2026<br \/>\nYine bana g\u00f6re \u00f6l\u00fcm cezas\u0131n\u0131n tek gerek\u00e7esi ihanettir\u2026<br \/>\nVatana ihanet\u2026<br \/>\nBak\u0131n buras\u0131 \u00f6nemli, \u00e7ok \u00f6nemli\u2026<br \/>\n\u015eahsen\u2026<br \/>\nBelki yanl\u0131\u015f anlayacaks\u0131n\u0131z beni, belki AMA ben hi\u00e7bir zaman \u00f6z\u00fcm\u00fc ink\u00e2r etmedim\u2026<br \/>\nBen\u2026<br \/>\nBu topraklar\u0131n bir evlad\u0131y\u0131m, Allah korusun ne yapar\u0131m ger\u00e7ekten bilmiyorum ama kad\u0131n\u0131n ihaneti kar\u015f\u0131s\u0131nda elimi kana bulamam diyemem. Bunun nedenleri var, ara\u015ft\u0131rd\u0131m, de\u011fi\u015fik k\u00fclt\u00fcrlerden gelen erkeklerle fikir al\u0131\u015fveri\u015finde bulundum ve muhtemelen kad\u0131nlar\u0131 \u015fa\u015f\u0131rtacak sonu\u00e7lara vard\u0131m. Sa\u011fduyu evet, duygusall\u0131k evet ama bir g\u00f6r\u00fc\u015f var ki neredeyse ortak\u2026<br \/>\nSonra, daha s\u0131ras\u0131 gelmedi.<br \/>\n&#8230;<br \/>\n&#8230;<br \/>\n&#8230;<\/p>\n","protected":false},"excerpt":{"rendered":"<p>+ &#8230; &#8230; &#8230; Dedim ya ek bilgi vermeden olmuyor, olmayacak\u2026 D\u00fcnya \u00e7ap\u0131nda cinayetlere kurban gidenlerin %79 erkek. Ortalama 437 bin insan senede \u201csava\u015f d\u0131\u015f\u0131&#8220; nedenlerle katlediliyor. Hen\u00fcz konunun sosyolojik boyutlar\u0131na bakmak i\u00e7in \u00e7ok erken ama \u015fimdiden bu iki kavram\u0131 \u00f6z\u00fcmsemeniz \u00f6nemli. Ata ve Anaerkillik\u2026 Latin Amerika ba\u015fta olmak \u00fczere, \u0130talya ve tabii T\u00fcrkiye\u2019de kad\u0131n &hellip; <\/p>\n<p class=\"link-more\"><a href=\"http:\/\/wordpress.gurbuz.net\/?p=7341\" class=\"more-link\"><span class=\"screen-reader-text\">\u201e\u201c<\/span> weiterlesen<\/a><\/p>\n","protected":false},"author":1,"featured_media":0,"comment_status":"open","ping_status":"open","sticky":false,"template":"","format":"standard","meta":[],"categories":[1],"tags":[],"_links":{"self":[{"href":"http:\/\/wordpress.gurbuz.net\/index.php?rest_route=\/wp\/v2\/posts\/7341"}],"collection":[{"href":"http:\/\/wordpress.gurbuz.net\/index.php?rest_route=\/wp\/v2\/posts"}],"about":[{"href":"http:\/\/wordpress.gurbuz.net\/index.php?rest_route=\/wp\/v2\/types\/post"}],"author":[{"embeddable":true,"href":"http:\/\/wordpress.gurbuz.net\/index.php?rest_route=\/wp\/v2\/users\/1"}],"replies":[{"embeddable":true,"href":"http:\/\/wordpress.gurbuz.net\/index.php?rest_route=%2Fwp%2Fv2%2Fcomments&post=7341"}],"version-history":[{"count":12,"href":"http:\/\/wordpress.gurbuz.net\/index.php?rest_route=\/wp\/v2\/posts\/7341\/revisions"}],"predecessor-version":[{"id":7438,"href":"http:\/\/wordpress.gurbuz.net\/index.php?rest_route=\/wp\/v2\/posts\/7341\/revisions\/7438"}],"wp:attachment":[{"href":"http:\/\/wordpress.gurbuz.net\/index.php?rest_route=%2Fwp%2Fv2%2Fmedia&parent=7341"}],"wp:term":[{"taxonomy":"category","embeddable":true,"href":"http:\/\/wordpress.gurbuz.net\/index.php?rest_route=%2Fwp%2Fv2%2Fcategories&post=7341"},{"taxonomy":"post_tag","embeddable":true,"href":"http:\/\/wordpress.gurbuz.net\/index.php?rest_route=%2Fwp%2Fv2%2Ftags&post=7341"}],"curies":[{"name":"wp","href":"https:\/\/api.w.org\/{rel}","templated":true}]}}