{"id":7328,"date":"2018-03-12T20:28:20","date_gmt":"2018-03-12T20:28:20","guid":{"rendered":"http:\/\/wordpress.gurbuz.net\/?p=7328"},"modified":"2018-03-12T20:28:20","modified_gmt":"2018-03-12T20:28:20","slug":"oyle-bir-sey-hazirliyorum-ki","status":"publish","type":"post","link":"http:\/\/wordpress.gurbuz.net\/?p=7328","title":{"rendered":"\u00d6yle bir \u015fey haz\u0131rl\u0131yorum ki"},"content":{"rendered":"<p>Eve geldim a\u00e7t\u0131m haberleri, o kadar yorulmu\u015fum ki\u2026<br \/>\nZaplad\u0131m kanallar\u0131\u2026<br \/>\nTEPEM \u00c7OK FENA ATTI\u2026<br \/>\nHep ayni konu, Allah dedirtti iyide oldu\u2026<br \/>\nNe yapacaklar\u0131n\u0131 \u015fa\u015f\u0131rd\u0131lar, her kanalda neredeyse ayni konu\u2026<br \/>\nDinde reform\u2026<br \/>\nK\u0131smetse yar\u0131na \u00e7\u00fcr\u00fctece\u011fim arg\u00fcmanlar\u0131n\u0131z\u0131\u2026<br \/>\nSorun\u2026<br \/>\nYar\u0131n en ge\u00e7 on birde \u00e7\u0131kmam laz\u0131m, ne kadar s\u00fcrer?<br \/>\nBilmiyorum\u2026<br \/>\nDayanabildi\u011fim kadar, ondan sonra hal kal\u0131r mi bilmem.<\/p>\n<p>Elimden geldi kadar \u00e7abuk olmaya \u00e7al\u0131\u015faca\u011f\u0131m\u2026<br \/>\nDEDIM YA\u2026<br \/>\n\u00c7\u00fcr\u00fctecek, yalanlar\u0131n\u0131 y\u00fczlerine vuracak\u2026<br \/>\nAllah Peygamber a\u015fk\u0131 i\u00e7in inanma s\u00f6ylenenlere, yalanlara kanma\u2026<br \/>\nYetmedi mi y\u0131llardan beri inand\u0131\u011f\u0131n, inand\u0131n da ne oldu\u2026<br \/>\nS\u00f6yle karde\u015f, elini vicdan\u0131na koyarak s\u00f6yle\u2026<br \/>\nNe oldu, \u00fclke nerelerden nereye geldi, geriledi, s\u00f6yle yetmedi mi?<\/p>\n","protected":false},"excerpt":{"rendered":"<p>Eve geldim a\u00e7t\u0131m haberleri, o kadar yorulmu\u015fum ki\u2026 Zaplad\u0131m kanallar\u0131\u2026 TEPEM \u00c7OK FENA ATTI\u2026 Hep ayni konu, Allah dedirtti iyide oldu\u2026 Ne yapacaklar\u0131n\u0131 \u015fa\u015f\u0131rd\u0131lar, her kanalda neredeyse ayni konu\u2026 Dinde reform\u2026 K\u0131smetse yar\u0131na \u00e7\u00fcr\u00fctece\u011fim arg\u00fcmanlar\u0131n\u0131z\u0131\u2026 Sorun\u2026 Yar\u0131n en ge\u00e7 on birde \u00e7\u0131kmam laz\u0131m, ne kadar s\u00fcrer? Bilmiyorum\u2026 Dayanabildi\u011fim kadar, ondan sonra hal kal\u0131r mi bilmem. &hellip; <\/p>\n<p class=\"link-more\"><a href=\"http:\/\/wordpress.gurbuz.net\/?p=7328\" class=\"more-link\"><span class=\"screen-reader-text\">\u201e\u00d6yle bir \u015fey haz\u0131rl\u0131yorum ki\u201c<\/span> weiterlesen<\/a><\/p>\n","protected":false},"author":1,"featured_media":0,"comment_status":"open","ping_status":"open","sticky":false,"template":"","format":"standard","meta":[],"categories":[1],"tags":[],"_links":{"self":[{"href":"http:\/\/wordpress.gurbuz.net\/index.php?rest_route=\/wp\/v2\/posts\/7328"}],"collection":[{"href":"http:\/\/wordpress.gurbuz.net\/index.php?rest_route=\/wp\/v2\/posts"}],"about":[{"href":"http:\/\/wordpress.gurbuz.net\/index.php?rest_route=\/wp\/v2\/types\/post"}],"author":[{"embeddable":true,"href":"http:\/\/wordpress.gurbuz.net\/index.php?rest_route=\/wp\/v2\/users\/1"}],"replies":[{"embeddable":true,"href":"http:\/\/wordpress.gurbuz.net\/index.php?rest_route=%2Fwp%2Fv2%2Fcomments&post=7328"}],"version-history":[{"count":1,"href":"http:\/\/wordpress.gurbuz.net\/index.php?rest_route=\/wp\/v2\/posts\/7328\/revisions"}],"predecessor-version":[{"id":7329,"href":"http:\/\/wordpress.gurbuz.net\/index.php?rest_route=\/wp\/v2\/posts\/7328\/revisions\/7329"}],"wp:attachment":[{"href":"http:\/\/wordpress.gurbuz.net\/index.php?rest_route=%2Fwp%2Fv2%2Fmedia&parent=7328"}],"wp:term":[{"taxonomy":"category","embeddable":true,"href":"http:\/\/wordpress.gurbuz.net\/index.php?rest_route=%2Fwp%2Fv2%2Fcategories&post=7328"},{"taxonomy":"post_tag","embeddable":true,"href":"http:\/\/wordpress.gurbuz.net\/index.php?rest_route=%2Fwp%2Fv2%2Ftags&post=7328"}],"curies":[{"name":"wp","href":"https:\/\/api.w.org\/{rel}","templated":true}]}}